{"id":21039,"date":"2024-11-13T16:18:01","date_gmt":"2024-11-13T19:18:01","guid":{"rendered":"https:\/\/novosaopaulo.com.br\/n1\/?p=21039"},"modified":"2024-11-13T16:18:02","modified_gmt":"2024-11-13T19:18:02","slug":"projeto-que-proibe-celular-na-escola-nao-e-censura-mas-sim-disciplina-defende-deputado-favoravel-a-proposta","status":"publish","type":"post","link":"https:\/\/novosaopaulo.com.br\/n1\/projeto-que-proibe-celular-na-escola-nao-e-censura-mas-sim-disciplina-defende-deputado-favoravel-a-proposta\/","title":{"rendered":"\u201cProjeto que pro\u00edbe celular na escola n\u00e3o \u00e9 censura, mas, sim, disciplina\u201d, defende deputado favor\u00e1vel \u00e0 proposta"},"content":{"rendered":"\n<p>Para Rafa Zimbaldi (Cidadania-SP), projeto de lei que restringe estudantes de usarem aparelho eletr\u00f4nico com acesso \u00e0 Internet durante a aula garante \u201cviv\u00eancia coletiva\u201d; texto segue para san\u00e7\u00e3o do governador Tarc\u00edsio Gomes de Freitas (Republicanos)<\/p>\n\n\n\n<p>A Assembleia Legislativa do Estado de S\u00e3o Paulo (Alesp) aprovou nessa ter\u00e7a-feira (12\/11) o projeto de lei 293\/2024 que pro\u00edbe o uso de celulares em escolas p\u00fablicas e privadas em territ\u00f3rio bandeirante. O deputado Rafa Zimbaldi (Cidadania-SP), favor\u00e1vel \u00e0 proposta, defende que a medida, que segue para a san\u00e7\u00e3o do governador Tarc\u00edsio Gomes de Freitas (Republicanos), n\u00e3o \u00e9 censura, mas, sim, disciplina para todos os alunos da rede estadual de ensino e da rede privada.<\/p>\n\n\n\n<p>A proposta restringe que estudantes usem qualquer tipo de aparelho eletr\u00f4nico com acesso \u00e0 Internet durante o per\u00edodo de aulas, incluindo intervalos:<\/p>\n\n\n\n<p>\u201cO estudante precisa ter a viv\u00eancia coletiva da hora do recreio; brincar e interagir com seus colegas, e precisa prestar aten\u00e7\u00e3o no que o professor est\u00e1 compartilhando em sala de aula. A disciplina, nesses casos, \u00e9 imprescind\u00edvel. N\u00e3o \u00e9 censura\u201d, argumenta Rafa.<\/p>\n\n\n\n<p>O projeto de lei 293\/2024 que veda a utiliza\u00e7\u00e3o de aparelhos eletr\u00f4nicos em escolas p\u00fablicas e particulares no estado de S\u00e3o Paulo tamb\u00e9m lista os momentos em que o uso ser\u00e1 permitido. De acordo com o texto, alunos poder\u00e3o manusear celulares quando houver necessidade pedag\u00f3gica e o ensino direcionado com conte\u00fados digitais. Estudantes com defici\u00eancia que necessitam de aux\u00edlio tecnol\u00f3gico na escola tamb\u00e9m est\u00e3o liberados:<\/p>\n\n\n\n<p>\u201cQuando falamos sobre o uso do aparelho m\u00f3vel em ambiente escolar, diz respeito ao ensino de Tecnologia, e em outras situa\u00e7\u00f5es muito espec\u00edficas &#8211; n\u00e3o estamos falando da utiliza\u00e7\u00e3o de forma deliberada, com o celular na m\u00e3o do aluno como uma distra\u00e7\u00e3o\u201d, complementa o deputado do Cidadania.<\/p>\n\n\n\n<p>Os educandos que levarem os aparelhos para a aula dever\u00e3o deix\u00e1-los armazenados, de forma segura, sem a possibilidade de acess\u00e1-los durante todo o per\u00edodo que permanecerem na escola, incluindo os intervalos.<\/p>\n\n\n\n<p>No entendimento de Rafa, a proibi\u00e7\u00e3o ainda garante que os alunos n\u00e3o acessem no celular conte\u00fados considerados inapropriados, nem lancem m\u00e3o de Intelig\u00eancia Artificial (I.A.) tamb\u00e9m de forma reprov\u00e1vel.<\/p>\n\n\n\n<p>Cidadania Digital<br>O voto favor\u00e1vel do parlamentar do Cidadania-SP \u00e0 proibi\u00e7\u00e3o de celulares nas escolas paulistas est\u00e1 apoiado no projeto de lei 1.193\/2019, j\u00e1 aprovado pela Comiss\u00e3o de Finan\u00e7as, Or\u00e7amento e Planejamento da Alesp. De autoria de Rafa, o texto institui em todas as escolas p\u00fablicas e privadas de educa\u00e7\u00e3o b\u00e1sica o programa \u201cCidadania Digital\u201d.<\/p>\n\n\n\n<p>O objetivo da proposta \u00e9 incentivar o exerc\u00edcio da cidadania por meio de comportamento adequado, respons\u00e1vel e saud\u00e1vel face ao uso da Internet e de outros recursos tecnol\u00f3gicos:<\/p>\n\n\n\n<p>\u201cO programa visa capacitar os estudantes, para que saibam identificar conte\u00fado prejudicial ou inadequado no ambiente digital\u201d, refor\u00e7a o deputado.<\/p>\n","protected":false},"excerpt":{"rendered":"<p>Para Rafa Zimbaldi (Cidadania-SP), projeto de lei que restringe estudantes de usarem aparelho eletr\u00f4nico com&#8230;<\/p>\n","protected":false},"author":1,"featured_media":21040,"comment_status":"open","ping_status":"open","sticky":false,"template":"","format":"standard","meta":{"footnotes":""},"categories":[2],"tags":[],"featured_image_urls":{"full":["https:\/\/novosaopaulo.com.br\/n1\/wp-content\/uploads\/2024\/11\/WhatsApp-Image-2024-11-13-at-15.37.51.jpeg",1233,868,false],"thumbnail":["https:\/\/novosaopaulo.com.br\/n1\/wp-content\/uploads\/2024\/11\/WhatsApp-Image-2024-11-13-at-15.37.51-150x150.jpeg",150,150,true],"medium":["https:\/\/novosaopaulo.com.br\/n1\/wp-content\/uploads\/2024\/11\/WhatsApp-Image-2024-11-13-at-15.37.51-300x211.jpeg",300,211,true],"medium_large":["https:\/\/novosaopaulo.com.br\/n1\/wp-content\/uploads\/2024\/11\/WhatsApp-Image-2024-11-13-at-15.37.51-768x541.jpeg",640,451,true],"large":["https:\/\/novosaopaulo.com.br\/n1\/wp-content\/uploads\/2024\/11\/WhatsApp-Image-2024-11-13-at-15.37.51-1024x721.jpeg",640,451,true],"1536x1536":["https:\/\/novosaopaulo.com.br\/n1\/wp-content\/uploads\/2024\/11\/WhatsApp-Image-2024-11-13-at-15.37.51.jpeg",1233,868,false],"2048x2048":["https:\/\/novosaopaulo.com.br\/n1\/wp-content\/uploads\/2024\/11\/WhatsApp-Image-2024-11-13-at-15.37.51.jpeg",1233,868,false],"newsever-slider-full":["https:\/\/novosaopaulo.com.br\/n1\/wp-content\/uploads\/2024\/11\/WhatsApp-Image-2024-11-13-at-15.37.51-1233x845.jpeg",1233,845,true],"newsever-featured":["https:\/\/novosaopaulo.com.br\/n1\/wp-content\/uploads\/2024\/11\/WhatsApp-Image-2024-11-13-at-15.37.51-1024x721.jpeg",1024,721,true],"newsever-medium":["https:\/\/novosaopaulo.com.br\/n1\/wp-content\/uploads\/2024\/11\/WhatsApp-Image-2024-11-13-at-15.37.51-720x475.jpeg",720,475,true]},"author_info":{"display_name":"Reda\u00e7\u00e3o","author_link":"https:\/\/novosaopaulo.com.br\/n1\/author\/g5poa\/"},"category_info":"<a href=\"https:\/\/novosaopaulo.com.br\/n1\/category\/cidades\/\" rel=\"category tag\">Cidades<\/a>","tag_info":"Cidades","comment_count":"0","_links":{"self":[{"href":"https:\/\/novosaopaulo.com.br\/n1\/wp-json\/wp\/v2\/posts\/21039"}],"collection":[{"href":"https:\/\/novosaopaulo.com.br\/n1\/wp-json\/wp\/v2\/posts"}],"about":[{"href":"https:\/\/novosaopaulo.com.br\/n1\/wp-json\/wp\/v2\/types\/post"}],"author":[{"embeddable":true,"href":"https:\/\/novosaopaulo.com.br\/n1\/wp-json\/wp\/v2\/users\/1"}],"replies":[{"embeddable":true,"href":"https:\/\/novosaopaulo.com.br\/n1\/wp-json\/wp\/v2\/comments?post=21039"}],"version-history":[{"count":1,"href":"https:\/\/novosaopaulo.com.br\/n1\/wp-json\/wp\/v2\/posts\/21039\/revisions"}],"predecessor-version":[{"id":21041,"href":"https:\/\/novosaopaulo.com.br\/n1\/wp-json\/wp\/v2\/posts\/21039\/revisions\/21041"}],"wp:featuredmedia":[{"embeddable":true,"href":"https:\/\/novosaopaulo.com.br\/n1\/wp-json\/wp\/v2\/media\/21040"}],"wp:attachment":[{"href":"https:\/\/novosaopaulo.com.br\/n1\/wp-json\/wp\/v2\/media?parent=21039"}],"wp:term":[{"taxonomy":"category","embeddable":true,"href":"https:\/\/novosaopaulo.com.br\/n1\/wp-json\/wp\/v2\/categories?post=21039"},{"taxonomy":"post_tag","embeddable":true,"href":"https:\/\/novosaopaulo.com.br\/n1\/wp-json\/wp\/v2\/tags?post=21039"}],"curies":[{"name":"wp","href":"https:\/\/api.w.org\/{rel}","templated":true}]}}