{"id":21005,"date":"2024-11-12T14:05:28","date_gmt":"2024-11-12T17:05:28","guid":{"rendered":"https:\/\/novosaopaulo.com.br\/n1\/?p=21005"},"modified":"2024-11-12T14:05:29","modified_gmt":"2024-11-12T17:05:29","slug":"seletiva-nacional-para-o-desfile-celebration-reune-centenas-de-modelos-hoje-em-sao-paulo","status":"publish","type":"post","link":"https:\/\/novosaopaulo.com.br\/n1\/seletiva-nacional-para-o-desfile-celebration-reune-centenas-de-modelos-hoje-em-sao-paulo\/","title":{"rendered":"Seletiva Nacional para o desfile celebration, re\u00fane centenas de modelos hoje em S\u00e3o Paulo"},"content":{"rendered":"\n<p>A S\u00e3o Paulo Pocket Fashion Show, desfile idealizado pelo preparador Silvio Pompeu, j\u00e1 se prepara para sua nova edi\u00e7\u00e3o.&nbsp;\u2028Realizado desde 2023 no Brasil, o formato de desfile Pocket, trazido da Europa, vem ganhando for\u00e7a e notoriedade entre os novos modelos, chamados \u201cNew Faces\u201d que encontram no Pocket uma forma r\u00e1pida e eficaz de alavancarem suas carreiras. A \u00faltima edi\u00e7\u00e3o realizada em Abril, aconteceu na casa de shows Studio Stage no bairro da Lapa, Zona Norte de SP, e atraiu modelos de todo pa\u00eds.&nbsp;<\/p>\n\n\n\n<p>A pr\u00f3xima edi\u00e7\u00e3o com o tema \u201cCelebration\u201d j\u00e1 tem dia e hora marcada, ser\u00e1 dia 27\/11 \u00e1s 20:00 na Studio Stage, que trar\u00e1 uma mega estrutura de som e luz, sem perder em nada para os desfiles internacionais. Inspirados no Victoria\u2019s Secrets, a organiza\u00e7\u00e3o trar\u00e1 um time de 20 tops, ex- alunas do produtor, um time bem diversificado que abrir\u00e1 e encerrar\u00e1 essa grande celebra\u00e7\u00e3o.&nbsp;\u2028A seletiva nacional que ser\u00e1 no dia 11, espera um grande n\u00famero de candidatos do pa\u00eds todo, e a organiza\u00e7\u00e3o do desfile, se diz esperan\u00e7osa em receber novos rostos e perfis, para encaminharem os modelos \u00e1s ag\u00eancias e olheiros convidados para o evento, que em t\u00e3o pouco tempo de sua estreia, ja revelou modelos para o mercado de trabalho nacional e internacional.<\/p>\n\n\n\n<p>Siga a p\u00e1gina oficial:&nbsp;<\/p>\n\n\n\n<p>@sp.pocketfashionshow<\/p>\n","protected":false},"excerpt":{"rendered":"<p>A S\u00e3o Paulo Pocket Fashion Show, desfile idealizado pelo preparador Silvio Pompeu, j\u00e1 se prepara&#8230;<\/p>\n","protected":false},"author":1,"featured_media":21006,"comment_status":"open","ping_status":"open","sticky":false,"template":"","format":"standard","meta":{"footnotes":""},"categories":[38],"tags":[],"featured_image_urls":{"full":["https:\/\/novosaopaulo.com.br\/n1\/wp-content\/uploads\/2024\/11\/WhatsApp-Image-2024-11-12-at-08.22.25.jpeg",1160,1156,false],"thumbnail":["https:\/\/novosaopaulo.com.br\/n1\/wp-content\/uploads\/2024\/11\/WhatsApp-Image-2024-11-12-at-08.22.25-150x150.jpeg",150,150,true],"medium":["https:\/\/novosaopaulo.com.br\/n1\/wp-content\/uploads\/2024\/11\/WhatsApp-Image-2024-11-12-at-08.22.25-300x300.jpeg",300,300,true],"medium_large":["https:\/\/novosaopaulo.com.br\/n1\/wp-content\/uploads\/2024\/11\/WhatsApp-Image-2024-11-12-at-08.22.25-768x765.jpeg",640,638,true],"large":["https:\/\/novosaopaulo.com.br\/n1\/wp-content\/uploads\/2024\/11\/WhatsApp-Image-2024-11-12-at-08.22.25-1024x1020.jpeg",640,638,true],"1536x1536":["https:\/\/novosaopaulo.com.br\/n1\/wp-content\/uploads\/2024\/11\/WhatsApp-Image-2024-11-12-at-08.22.25.jpeg",1160,1156,false],"2048x2048":["https:\/\/novosaopaulo.com.br\/n1\/wp-content\/uploads\/2024\/11\/WhatsApp-Image-2024-11-12-at-08.22.25.jpeg",1160,1156,false],"newsever-slider-full":["https:\/\/novosaopaulo.com.br\/n1\/wp-content\/uploads\/2024\/11\/WhatsApp-Image-2024-11-12-at-08.22.25-1160x845.jpeg",1160,845,true],"newsever-featured":["https:\/\/novosaopaulo.com.br\/n1\/wp-content\/uploads\/2024\/11\/WhatsApp-Image-2024-11-12-at-08.22.25-1024x1020.jpeg",1024,1020,true],"newsever-medium":["https:\/\/novosaopaulo.com.br\/n1\/wp-content\/uploads\/2024\/11\/WhatsApp-Image-2024-11-12-at-08.22.25-720x475.jpeg",720,475,true]},"author_info":{"display_name":"Reda\u00e7\u00e3o","author_link":"https:\/\/novosaopaulo.com.br\/n1\/author\/g5poa\/"},"category_info":"<a href=\"https:\/\/novosaopaulo.com.br\/n1\/category\/joao-costa\/\" rel=\"category tag\">Jo\u00e3o Costa<\/a>","tag_info":"Jo\u00e3o Costa","comment_count":"0","_links":{"self":[{"href":"https:\/\/novosaopaulo.com.br\/n1\/wp-json\/wp\/v2\/posts\/21005"}],"collection":[{"href":"https:\/\/novosaopaulo.com.br\/n1\/wp-json\/wp\/v2\/posts"}],"about":[{"href":"https:\/\/novosaopaulo.com.br\/n1\/wp-json\/wp\/v2\/types\/post"}],"author":[{"embeddable":true,"href":"https:\/\/novosaopaulo.com.br\/n1\/wp-json\/wp\/v2\/users\/1"}],"replies":[{"embeddable":true,"href":"https:\/\/novosaopaulo.com.br\/n1\/wp-json\/wp\/v2\/comments?post=21005"}],"version-history":[{"count":1,"href":"https:\/\/novosaopaulo.com.br\/n1\/wp-json\/wp\/v2\/posts\/21005\/revisions"}],"predecessor-version":[{"id":21007,"href":"https:\/\/novosaopaulo.com.br\/n1\/wp-json\/wp\/v2\/posts\/21005\/revisions\/21007"}],"wp:featuredmedia":[{"embeddable":true,"href":"https:\/\/novosaopaulo.com.br\/n1\/wp-json\/wp\/v2\/media\/21006"}],"wp:attachment":[{"href":"https:\/\/novosaopaulo.com.br\/n1\/wp-json\/wp\/v2\/media?parent=21005"}],"wp:term":[{"taxonomy":"category","embeddable":true,"href":"https:\/\/novosaopaulo.com.br\/n1\/wp-json\/wp\/v2\/categories?post=21005"},{"taxonomy":"post_tag","embeddable":true,"href":"https:\/\/novosaopaulo.com.br\/n1\/wp-json\/wp\/v2\/tags?post=21005"}],"curies":[{"name":"wp","href":"https:\/\/api.w.org\/{rel}","templated":true}]}}