{"id":20993,"date":"2024-11-11T17:49:12","date_gmt":"2024-11-11T20:49:12","guid":{"rendered":"https:\/\/novosaopaulo.com.br\/n1\/?p=20993"},"modified":"2024-11-11T17:49:13","modified_gmt":"2024-11-11T20:49:13","slug":"mes-da-consciencia-negra-tem-programacao-especial-em-itaqua","status":"publish","type":"post","link":"https:\/\/novosaopaulo.com.br\/n1\/mes-da-consciencia-negra-tem-programacao-especial-em-itaqua\/","title":{"rendered":"M\u00eas da Consci\u00eancia Negra tem programa\u00e7\u00e3o especial em Itaqu\u00e1"},"content":{"rendered":"\n<p>Palestras, festival, sarau, cine debate e webs\u00e9rie est\u00e3o entre as atividades<\/p>\n\n\n\n<p>A Prefeitura de Itaquaquecetuba preparou uma s\u00e9rie de a\u00e7\u00f5es para celebrar o m\u00eas da Consci\u00eancia Negra com palestras, festival, sarau, cine debate e at\u00e9 lan\u00e7amento de uma webs\u00e9rie.<\/p>\n\n\n\n<p>Pela Secretaria de Cultura, nesta ter\u00e7a-feira (12), \u00e0s 10h, acontece o Clube do Livro com a leitura do conto &#8220;A escrava&#8221;, de Maria Firmina dos Reis, na sede da pasta. \u00c0s 19h do mesmo dia ser\u00e1 o encontro pelo Dia do Hip Hop na Vila S\u00e3o Carlos. No dia 21, \u00e0s 15h, haver\u00e1 o sarau &#8220;Uma hist\u00f3ria de gente preta&#8221; com poesia, literatura, m\u00fasica e outras express\u00f5es art\u00edsticas na secretaria.<\/p>\n\n\n\n<p>J\u00e1 a Secretaria de Desenvolvimento Social vai realizar palestras com o tema &#8220;Racismo em todas as suas formas&#8221;, abordando aspectos do preconceito e da discrimina\u00e7\u00e3o \u00e9tnico-racial, com o objetivo de desconstruir essas pr\u00e1ticas. As palestras acontecer\u00e3o nos cinco CRAS, que ser\u00e3o decorados com a tem\u00e1tica para receber as atividades.<\/p>\n\n\n\n<p>Na quarta (13), \u00e0s 9h, ser\u00e1 no Morro Branco, no dia 18, \u00e0s 8h30, no Recanto M\u00f4nica, no dia 19, \u00e0s 9h30, na Quinta da Boa Vista, no dia 21, \u00e0s 9h, no Paineira, e no dia 22, tamb\u00e9m \u00e0s 9h, no Caiuby. Haver\u00e1, ainda, no dia 27, \u00e0s 9h, roda de conversa no Centro POP e no dia 28, \u00e0s 14h, no CREAS.<\/p>\n\n\n\n<p>No dia 19, das 17h \u00e0s 21h, a Secretaria da Mulher, Direitos Humanos e Cidadania promove a Feira Preta, primeiro festival no munic\u00edpio voltado para a cultura negra, na Vila S\u00e3o Carlos, com roda de samba, empreendedorismo, capoeira, comidas t\u00edpicas e outras atra\u00e7\u00f5es.<\/p>\n\n\n\n<p>No dia 20, ser\u00e1 realizada uma festa para as crian\u00e7as com a participa\u00e7\u00e3o do Cidadania M\u00f3vel, das 13h \u00e0s 16h, nas ruas Projetada e Ant\u00f4nio Guidici, na Vila S\u00e3o Judas Tadeu. J\u00e1 no dia 22, \u00e0s 10h, acontece o cine debate sobre igualdade racial para os alunos da E.E Jos\u00e9 Olympio Pereira Filho e no dia 27, \u00e0s 14h, haver\u00e1 uma roda de conversa na Casa da Mulher com o tema &#8220;C\u00edrculo das pretas&#8221;. As vagas j\u00e1 foram preenchidas.<\/p>\n\n\n\n<p>As escolas da rede municipal de ensino tamb\u00e9m prepararam uma programa\u00e7\u00e3o especial para os estudantes com atividades de conscientiza\u00e7\u00e3o durante o per\u00edodo de aula. No dia 23, a EMEB Josefa Costa de Souza Moura realiza a exposi\u00e7\u00e3o &#8220;Educa\u00e7\u00e3o para as rela\u00e7\u00f5es \u00e9tnico-raciais\u201d, das 9h \u00e0s 16h, que ser\u00e1 aberta \u00e0 comunidade.<\/p>\n\n\n\n<p>A pasta tamb\u00e9m vai lan\u00e7ar a webs\u00e9rie &#8220;Consci\u00eancia Negra&#8221;, que traz reflex\u00f5es em torno da import\u00e2ncia da valoriza\u00e7\u00e3o da cultura afro-brasileira e do combate ao racismo no ambiente escolar. Os epis\u00f3dios ser\u00e3o publicados no canal do Youtube (youtube.com\/Semecti).<\/p>\n\n\n\n<p>&#8220;Estamos trabalhando em prol da valoriza\u00e7\u00e3o da popula\u00e7\u00e3o negra em nosso munic\u00edpio, levando \u00e0s pessoas reflex\u00f5es acerca das quest\u00f5es que envolvem a desigualdade e a discrimina\u00e7\u00e3o na sociedade. Itaqu\u00e1 \u00e9 uma cidade para todos&#8221;, finalizou o prefeito Eduardo Boigues.<\/p>\n\n\n\n<p>Fotos: Eduardo Borges<\/p>\n\n\n\n<figure class=\"wp-block-gallery has-nested-images columns-default is-cropped wp-block-gallery-1 is-layout-flex wp-block-gallery-is-layout-flex\">\n<figure class=\"wp-block-image size-large\"><a href=\"https:\/\/novosaopaulo.com.br\/n1\/wp-content\/uploads\/2024\/11\/WhatsApp-Image-2024-11-11-at-17.36.16.jpeg\" target=\"_blank\" rel=\"noopener\"><img fetchpriority=\"high\" decoding=\"async\" width=\"480\" height=\"320\" data-id=\"20994\" src=\"https:\/\/novosaopaulo.com.br\/n1\/wp-content\/uploads\/2024\/11\/WhatsApp-Image-2024-11-11-at-17.36.16.jpeg\" alt=\"\" class=\"wp-image-20994\" srcset=\"https:\/\/novosaopaulo.com.br\/n1\/wp-content\/uploads\/2024\/11\/WhatsApp-Image-2024-11-11-at-17.36.16.jpeg 480w, https:\/\/novosaopaulo.com.br\/n1\/wp-content\/uploads\/2024\/11\/WhatsApp-Image-2024-11-11-at-17.36.16-300x200.jpeg 300w\" sizes=\"(max-width: 480px) 100vw, 480px\" \/><\/a><\/figure>\n\n\n\n<figure class=\"wp-block-image size-large\"><a href=\"https:\/\/novosaopaulo.com.br\/n1\/wp-content\/uploads\/2024\/11\/WhatsApp-Image-2024-11-11-at-17.36.16-2.jpeg\" target=\"_blank\" rel=\"noopener\"><img decoding=\"async\" width=\"480\" height=\"320\" data-id=\"20995\" src=\"https:\/\/novosaopaulo.com.br\/n1\/wp-content\/uploads\/2024\/11\/WhatsApp-Image-2024-11-11-at-17.36.16-2.jpeg\" alt=\"\" class=\"wp-image-20995\" srcset=\"https:\/\/novosaopaulo.com.br\/n1\/wp-content\/uploads\/2024\/11\/WhatsApp-Image-2024-11-11-at-17.36.16-2.jpeg 480w, https:\/\/novosaopaulo.com.br\/n1\/wp-content\/uploads\/2024\/11\/WhatsApp-Image-2024-11-11-at-17.36.16-2-300x200.jpeg 300w\" sizes=\"(max-width: 480px) 100vw, 480px\" \/><\/a><\/figure>\n<\/figure>\n","protected":false},"excerpt":{"rendered":"<p>Palestras, festival, sarau, cine debate e webs\u00e9rie est\u00e3o entre as atividades A Prefeitura de Itaquaquecetuba&#8230;<\/p>\n","protected":false},"author":1,"featured_media":20996,"comment_status":"open","ping_status":"open","sticky":false,"template":"","format":"standard","meta":{"footnotes":""},"categories":[1],"tags":[],"featured_image_urls":{"full":["https:\/\/novosaopaulo.com.br\/n1\/wp-content\/uploads\/2024\/11\/WhatsApp-Image-2024-11-11-at-17.36.16-1.jpeg",480,320,false],"thumbnail":["https:\/\/novosaopaulo.com.br\/n1\/wp-content\/uploads\/2024\/11\/WhatsApp-Image-2024-11-11-at-17.36.16-1-150x150.jpeg",150,150,true],"medium":["https:\/\/novosaopaulo.com.br\/n1\/wp-content\/uploads\/2024\/11\/WhatsApp-Image-2024-11-11-at-17.36.16-1-300x200.jpeg",300,200,true],"medium_large":["https:\/\/novosaopaulo.com.br\/n1\/wp-content\/uploads\/2024\/11\/WhatsApp-Image-2024-11-11-at-17.36.16-1.jpeg",480,320,false],"large":["https:\/\/novosaopaulo.com.br\/n1\/wp-content\/uploads\/2024\/11\/WhatsApp-Image-2024-11-11-at-17.36.16-1.jpeg",480,320,false],"1536x1536":["https:\/\/novosaopaulo.com.br\/n1\/wp-content\/uploads\/2024\/11\/WhatsApp-Image-2024-11-11-at-17.36.16-1.jpeg",480,320,false],"2048x2048":["https:\/\/novosaopaulo.com.br\/n1\/wp-content\/uploads\/2024\/11\/WhatsApp-Image-2024-11-11-at-17.36.16-1.jpeg",480,320,false],"newsever-slider-full":["https:\/\/novosaopaulo.com.br\/n1\/wp-content\/uploads\/2024\/11\/WhatsApp-Image-2024-11-11-at-17.36.16-1.jpeg",480,320,false],"newsever-featured":["https:\/\/novosaopaulo.com.br\/n1\/wp-content\/uploads\/2024\/11\/WhatsApp-Image-2024-11-11-at-17.36.16-1.jpeg",480,320,false],"newsever-medium":["https:\/\/novosaopaulo.com.br\/n1\/wp-content\/uploads\/2024\/11\/WhatsApp-Image-2024-11-11-at-17.36.16-1.jpeg",480,320,false]},"author_info":{"display_name":"Reda\u00e7\u00e3o","author_link":"https:\/\/novosaopaulo.com.br\/n1\/author\/g5poa\/"},"category_info":"<a href=\"https:\/\/novosaopaulo.com.br\/n1\/category\/blog\/\" rel=\"category tag\">Blog<\/a>","tag_info":"Blog","comment_count":"0","_links":{"self":[{"href":"https:\/\/novosaopaulo.com.br\/n1\/wp-json\/wp\/v2\/posts\/20993"}],"collection":[{"href":"https:\/\/novosaopaulo.com.br\/n1\/wp-json\/wp\/v2\/posts"}],"about":[{"href":"https:\/\/novosaopaulo.com.br\/n1\/wp-json\/wp\/v2\/types\/post"}],"author":[{"embeddable":true,"href":"https:\/\/novosaopaulo.com.br\/n1\/wp-json\/wp\/v2\/users\/1"}],"replies":[{"embeddable":true,"href":"https:\/\/novosaopaulo.com.br\/n1\/wp-json\/wp\/v2\/comments?post=20993"}],"version-history":[{"count":1,"href":"https:\/\/novosaopaulo.com.br\/n1\/wp-json\/wp\/v2\/posts\/20993\/revisions"}],"predecessor-version":[{"id":20997,"href":"https:\/\/novosaopaulo.com.br\/n1\/wp-json\/wp\/v2\/posts\/20993\/revisions\/20997"}],"wp:featuredmedia":[{"embeddable":true,"href":"https:\/\/novosaopaulo.com.br\/n1\/wp-json\/wp\/v2\/media\/20996"}],"wp:attachment":[{"href":"https:\/\/novosaopaulo.com.br\/n1\/wp-json\/wp\/v2\/media?parent=20993"}],"wp:term":[{"taxonomy":"category","embeddable":true,"href":"https:\/\/novosaopaulo.com.br\/n1\/wp-json\/wp\/v2\/categories?post=20993"},{"taxonomy":"post_tag","embeddable":true,"href":"https:\/\/novosaopaulo.com.br\/n1\/wp-json\/wp\/v2\/tags?post=20993"}],"curies":[{"name":"wp","href":"https:\/\/api.w.org\/{rel}","templated":true}]}}