{"id":20868,"date":"2024-11-06T21:24:50","date_gmt":"2024-11-07T00:24:50","guid":{"rendered":"https:\/\/novosaopaulo.com.br\/n1\/?p=20868"},"modified":"2024-11-06T21:24:51","modified_gmt":"2024-11-07T00:24:51","slug":"em-noite-especial-federacao-paulista-de-atletismo-e-homenageada-na-alesp","status":"publish","type":"post","link":"https:\/\/novosaopaulo.com.br\/n1\/em-noite-especial-federacao-paulista-de-atletismo-e-homenageada-na-alesp\/","title":{"rendered":"Em noite especial, Federa\u00e7\u00e3o Paulista de Atletismo \u00e9 homenageada na Alesp"},"content":{"rendered":"\n<p>Evento marcou os 100 anos de exist\u00eancia da entidade e reuniu destaques do esporte<\/p>\n\n\n\n<p>Dando sequ\u00eancia \u00e0 comemora\u00e7\u00e3o do seu centen\u00e1rio, a Federa\u00e7\u00e3o Paulista de Atletismo viveu uma noite especial nesta ter\u00e7a-feira (5). Gra\u00e7as \u00e0 propositura do Deputado Estadual, Altair Moraes, presidente da Comiss\u00e3o de Esportes da Alesp, a entidade, juntamente com outras federa\u00e7\u00f5es e associa\u00e7\u00f5es hist\u00f3ricas, foi homenageada por seus 100 anos de contribui\u00e7\u00e3o para o esporte e o desenvolvimento social no estado de S\u00e3o Paulo.<\/p>\n\n\n\n<p>O evento, realizado do Audit\u00f3rio Paulo Kobayashi, na Assembleia Legislativa de S\u00e3o Paulo, marcou ainda os 100 anos da Federa\u00e7\u00e3o de Basquete e de T\u00eanis, 90 anos da FUPE, 75 anos da Federa\u00e7\u00e3o Internacional de Educa\u00e7\u00e3o F\u00edsica e Esportes (FIEPS) e os 50 anos do Panathlon Club S\u00e3o Paulo.<\/p>\n\n\n\n<p>O presidente da FPA, o professor Joel Oliveira, recebeu o pr\u00eamio e, em sua fala, destacou a import\u00e2ncia do atletismo paulista para o cen\u00e1rio esportivo, homenageando todos aqueles que constru\u00edram e seguem fortalecendo o legado da entidade: gestores pioneiros, atletas, treinadores, clubes, \u00e1rbitros, professores e apaixonados pelo esporte.<\/p>\n\n\n\n<p>\u201cRendo minha homenagem aos pioneiros que fundaram a base de todo o esporte organizado no pa\u00eds. Eles acreditaram em uma ideia que hoje temos a honra de carregar e seguir levando para as novas gera\u00e7\u00f5es. Esperamos continuar contribuindo para mais 100 anos do esporte e seguir transformando vidas\u201d, destacou Joel.<\/p>\n\n\n\n<p>\u201cN\u00e3o s\u00e3o todas as entidades que podem comemorar o centen\u00e1rio. Essa homenagem \u00e9 singela e simples, mas de todo cora\u00e7\u00e3o. Entendemos que precisa existir um investimento maior no segmento. Temos bons atletas que precisam disso, sem contar que o segmento gera emprego e renda. Voc\u00eas est\u00e3o de parab\u00e9ns por todo o trabalho feito\u201d, afirmou o Deputado Altair Morais.<\/p>\n\n\n\n<p>O evento foi prestigiado por destaques da comunidade do atletismo, como a campe\u00e3 ol\u00edmpica Maurren Maggi, os treinadores campe\u00f5es ol\u00edmpicos, N\u00e9lio e T\u00e2nia Moura, o medalhista Rafael Raimundo de Oliveira, diretor comercial da FPA, o vice-presidente da FPA, Rog\u00e9rio Bispo, o ex-presidente da FPA na d\u00e9cada de 1980, Sebasti\u00e3o Correia de Carvalho, e \u00e1rbitros da entidade.<\/p>\n","protected":false},"excerpt":{"rendered":"<p>Evento marcou os 100 anos de exist\u00eancia da entidade e reuniu destaques do esporte Dando&#8230;<\/p>\n","protected":false},"author":1,"featured_media":20869,"comment_status":"open","ping_status":"open","sticky":false,"template":"","format":"standard","meta":{"footnotes":""},"categories":[2],"tags":[],"featured_image_urls":{"full":["https:\/\/novosaopaulo.com.br\/n1\/wp-content\/uploads\/2024\/11\/445296_1131977_2024fpapremiogeral_web_.jpeg",1024,768,false],"thumbnail":["https:\/\/novosaopaulo.com.br\/n1\/wp-content\/uploads\/2024\/11\/445296_1131977_2024fpapremiogeral_web_-150x150.jpeg",150,150,true],"medium":["https:\/\/novosaopaulo.com.br\/n1\/wp-content\/uploads\/2024\/11\/445296_1131977_2024fpapremiogeral_web_-300x225.jpeg",300,225,true],"medium_large":["https:\/\/novosaopaulo.com.br\/n1\/wp-content\/uploads\/2024\/11\/445296_1131977_2024fpapremiogeral_web_-768x576.jpeg",640,480,true],"large":["https:\/\/novosaopaulo.com.br\/n1\/wp-content\/uploads\/2024\/11\/445296_1131977_2024fpapremiogeral_web_.jpeg",640,480,false],"1536x1536":["https:\/\/novosaopaulo.com.br\/n1\/wp-content\/uploads\/2024\/11\/445296_1131977_2024fpapremiogeral_web_.jpeg",1024,768,false],"2048x2048":["https:\/\/novosaopaulo.com.br\/n1\/wp-content\/uploads\/2024\/11\/445296_1131977_2024fpapremiogeral_web_.jpeg",1024,768,false],"newsever-slider-full":["https:\/\/novosaopaulo.com.br\/n1\/wp-content\/uploads\/2024\/11\/445296_1131977_2024fpapremiogeral_web_.jpeg",1024,768,false],"newsever-featured":["https:\/\/novosaopaulo.com.br\/n1\/wp-content\/uploads\/2024\/11\/445296_1131977_2024fpapremiogeral_web_.jpeg",1024,768,false],"newsever-medium":["https:\/\/novosaopaulo.com.br\/n1\/wp-content\/uploads\/2024\/11\/445296_1131977_2024fpapremiogeral_web_-720x475.jpeg",720,475,true]},"author_info":{"display_name":"Reda\u00e7\u00e3o","author_link":"https:\/\/novosaopaulo.com.br\/n1\/author\/g5poa\/"},"category_info":"<a href=\"https:\/\/novosaopaulo.com.br\/n1\/category\/cidades\/\" rel=\"category tag\">Cidades<\/a>","tag_info":"Cidades","comment_count":"0","_links":{"self":[{"href":"https:\/\/novosaopaulo.com.br\/n1\/wp-json\/wp\/v2\/posts\/20868"}],"collection":[{"href":"https:\/\/novosaopaulo.com.br\/n1\/wp-json\/wp\/v2\/posts"}],"about":[{"href":"https:\/\/novosaopaulo.com.br\/n1\/wp-json\/wp\/v2\/types\/post"}],"author":[{"embeddable":true,"href":"https:\/\/novosaopaulo.com.br\/n1\/wp-json\/wp\/v2\/users\/1"}],"replies":[{"embeddable":true,"href":"https:\/\/novosaopaulo.com.br\/n1\/wp-json\/wp\/v2\/comments?post=20868"}],"version-history":[{"count":1,"href":"https:\/\/novosaopaulo.com.br\/n1\/wp-json\/wp\/v2\/posts\/20868\/revisions"}],"predecessor-version":[{"id":20870,"href":"https:\/\/novosaopaulo.com.br\/n1\/wp-json\/wp\/v2\/posts\/20868\/revisions\/20870"}],"wp:featuredmedia":[{"embeddable":true,"href":"https:\/\/novosaopaulo.com.br\/n1\/wp-json\/wp\/v2\/media\/20869"}],"wp:attachment":[{"href":"https:\/\/novosaopaulo.com.br\/n1\/wp-json\/wp\/v2\/media?parent=20868"}],"wp:term":[{"taxonomy":"category","embeddable":true,"href":"https:\/\/novosaopaulo.com.br\/n1\/wp-json\/wp\/v2\/categories?post=20868"},{"taxonomy":"post_tag","embeddable":true,"href":"https:\/\/novosaopaulo.com.br\/n1\/wp-json\/wp\/v2\/tags?post=20868"}],"curies":[{"name":"wp","href":"https:\/\/api.w.org\/{rel}","templated":true}]}}