{"id":20792,"date":"2024-10-31T19:19:58","date_gmt":"2024-10-31T22:19:58","guid":{"rendered":"https:\/\/novosaopaulo.com.br\/n1\/?p=20792"},"modified":"2024-10-31T19:19:59","modified_gmt":"2024-10-31T22:19:59","slug":"saulo-souza-se-reune-com-secretario-de-estado-para-garantir-reforma-e-modernizacao-das-estacoes-de-trem-e-passarelas-de-poa","status":"publish","type":"post","link":"https:\/\/novosaopaulo.com.br\/n1\/saulo-souza-se-reune-com-secretario-de-estado-para-garantir-reforma-e-modernizacao-das-estacoes-de-trem-e-passarelas-de-poa\/","title":{"rendered":"Saulo Souza se re\u00fane com secret\u00e1rio de Estado para garantir reforma e moderniza\u00e7\u00e3o das esta\u00e7\u00f5es de trem e passarelas de Po\u00e1"},"content":{"rendered":"\n<p>No encontro com tamb\u00e9m foi discutida a realiza\u00e7\u00e3o de obras de combate \u00e0s enchentes na regi\u00e3o central e Calmon Viana, al\u00e9m da instala\u00e7\u00e3o de al\u00e7as de sa\u00edda do Rodoanel<\/p>\n\n\n\n<p>As esta\u00e7\u00f5es de trem do centro e de Calmon Viana, em Po\u00e1, bem como as seis passarelas da cidade, ser\u00e3o reformadas e modernizadas com investimento de R$ 355 milh\u00f5es por parte do Governo do Estado. As obras foram solicitadas pelo prefeito eleito Saulo Souza (PP) e garantidas pelo secret\u00e1rio de Parcerias em Investimentos do Estado de S\u00e3o Paulo, Rafael Benini, durante reuni\u00e3o realizada na \u00faltima ter\u00e7a-feira (22\/\/10). Na ocasi\u00e3o tamb\u00e9m foi discutida a amplia\u00e7\u00e3o desse recurso para obras de drenagem na regi\u00e3o central e Calmon Viana em virtude da interrup\u00e7\u00e3o na circula\u00e7\u00e3o dos trens quando chove, instala\u00e7\u00e3o de al\u00e7as de sa\u00edda do Trecho Leste do Rodoanel M\u00e1rio Covas e de um complexo vi\u00e1rio na entrada da cidade.<br>O investimento garantido pelo governo do Estado est\u00e1 previsto no lote de concess\u00e3o das Linhas 11-Coral e 12-Safira da Companhia Paulista de Trens Metropolitanos (CPTM), conforme explicou Benini em reuni\u00e3o com o prefeito eleito. O secret\u00e1rio detalhou as mudan\u00e7as que ser\u00e3o realizadas no transporte sobre trilhos na cidade. A esta\u00e7\u00e3o de Calmon Viana e Po\u00e1 passar\u00e3o por reforma estrutural e receber\u00e3o adequa\u00e7\u00f5es para melhoria das condi\u00e7\u00f5es de conforto e acessibilidade para os usu\u00e1rios.<br>\u201cAs passarelas e plataformas receber\u00e3o cobertura nas duas esta\u00e7\u00f5es, que ter\u00e3o tamb\u00e9m um novo mezanino e escadas rolantes. O objetivo principal \u00e9 oferecer conforto e acessibilidade para os usu\u00e1rios\u201d, destacou o prefeito eleito, que esteve na reuni\u00e3o acompanhado do vice Delegado Eliardo (PP).<br>Sobre as passarelas, de acordo com a Secretaria de Parcerias em Investimentos do Estado, as seis existentes no munic\u00edpio receber\u00e3o melhorias importantes que incluem acessibilidade, moderniza\u00e7\u00e3o e monitoramento por meio de c\u00e2meras de seguran\u00e7a.<br>A expectativa \u00e9 que essas obras, bem como a reforma das esta\u00e7\u00f5es de Calmon Viana e Po\u00e1, ambas solicitadas pelo prefeito eleito durante as audi\u00eancias p\u00fablicas realizadas em junho para discuss\u00e3o da concess\u00e3o das linhas 11, 12 e 13 da CPTM, sejam executadas at\u00e9 2029. O assunto, inclusive, foi tema de uma audi\u00eancia p\u00fablica autoral realizada pelo ent\u00e3o candidato a prefeito de Po\u00e1 para envolver a popula\u00e7\u00e3o na discuss\u00e3o sobre os investimentos relacionados \u00e0 mobilidade urbana no munic\u00edpio.<br>Drenagem<br>Outro projeto apresentado por Saulo Souza e discutido com o secret\u00e1rio \u00e9 o de drenagem na regi\u00e3o central e em Calmon Viana, onde s\u00e3o necess\u00e1rias obras que impe\u00e7am os alagamentos em dias de chuva forte que avan\u00e7am na linhas de trem e interrompem sua circula\u00e7\u00e3o. Entre as medidas sugeridas est\u00e3o o aumento da vaz\u00e3o do c\u00f3rrego Itaim e a constru\u00e7\u00e3o de um canal seco no centro para combater as enchentes. \u201cTamb\u00e9m falamos sobre a possibilidade de o Estado assumir a gest\u00e3o do piscin\u00e3o da Vila Romana, da passagem subterr\u00e2nea para pedestres existente no centro de Po\u00e1 e da passagem de ve\u00edculos por baixo da linha 12 pela avenida Leonor Bolsoni Marques da Silva. Esses s\u00e3o pontos cr\u00edticos da nossa cidade e que precisam de interven\u00e7\u00f5es urgentes\u201d, acrescentou.<br>Complexo vi\u00e1rio<br>O prefeito eleito aproveitou a oportunidade para discutir a duplica\u00e7\u00e3o das al\u00e7as de acesso ao Trecho Leste do Rodoanel e a instala\u00e7\u00e3o de quatro al\u00e7as de sa\u00edda na regi\u00e3o da rodovia Henrique (SP-66) formando um complexo vi\u00e1rio que ir\u00e1 melhorar a mobilidade urbana na entrada da cidade. \u201cNosso objetivo \u00e9 ampliar essa destina\u00e7\u00e3o de recursos j\u00e1 garantida pelo governo estadual a partir dos projetos que apresentamos e que est\u00e3o sendo avaliados pelo secret\u00e1rio. Nosso trabalho em busca de recursos para Po\u00e1 segue antes mesmo de assumirmos a prefeitura, porque nossa popula\u00e7\u00e3o tem pressa\u201d, finalizou.<\/p>\n","protected":false},"excerpt":{"rendered":"<p>No encontro com tamb\u00e9m foi discutida a realiza\u00e7\u00e3o de obras de combate \u00e0s enchentes na&#8230;<\/p>\n","protected":false},"author":1,"featured_media":20793,"comment_status":"open","ping_status":"open","sticky":false,"template":"","format":"standard","meta":{"footnotes":""},"categories":[8],"tags":[],"featured_image_urls":{"full":["https:\/\/novosaopaulo.com.br\/n1\/wp-content\/uploads\/2024\/10\/Reuniao_Rafael-Benini.jpg",422,317,false],"thumbnail":["https:\/\/novosaopaulo.com.br\/n1\/wp-content\/uploads\/2024\/10\/Reuniao_Rafael-Benini-150x150.jpg",150,150,true],"medium":["https:\/\/novosaopaulo.com.br\/n1\/wp-content\/uploads\/2024\/10\/Reuniao_Rafael-Benini-300x225.jpg",300,225,true],"medium_large":["https:\/\/novosaopaulo.com.br\/n1\/wp-content\/uploads\/2024\/10\/Reuniao_Rafael-Benini.jpg",422,317,false],"large":["https:\/\/novosaopaulo.com.br\/n1\/wp-content\/uploads\/2024\/10\/Reuniao_Rafael-Benini.jpg",422,317,false],"1536x1536":["https:\/\/novosaopaulo.com.br\/n1\/wp-content\/uploads\/2024\/10\/Reuniao_Rafael-Benini.jpg",422,317,false],"2048x2048":["https:\/\/novosaopaulo.com.br\/n1\/wp-content\/uploads\/2024\/10\/Reuniao_Rafael-Benini.jpg",422,317,false],"newsever-slider-full":["https:\/\/novosaopaulo.com.br\/n1\/wp-content\/uploads\/2024\/10\/Reuniao_Rafael-Benini.jpg",422,317,false],"newsever-featured":["https:\/\/novosaopaulo.com.br\/n1\/wp-content\/uploads\/2024\/10\/Reuniao_Rafael-Benini.jpg",422,317,false],"newsever-medium":["https:\/\/novosaopaulo.com.br\/n1\/wp-content\/uploads\/2024\/10\/Reuniao_Rafael-Benini.jpg",422,317,false]},"author_info":{"display_name":"Reda\u00e7\u00e3o","author_link":"https:\/\/novosaopaulo.com.br\/n1\/author\/g5poa\/"},"category_info":"<a href=\"https:\/\/novosaopaulo.com.br\/n1\/category\/poa\/\" rel=\"category tag\">Po\u00e1<\/a>","tag_info":"Po\u00e1","comment_count":"0","_links":{"self":[{"href":"https:\/\/novosaopaulo.com.br\/n1\/wp-json\/wp\/v2\/posts\/20792"}],"collection":[{"href":"https:\/\/novosaopaulo.com.br\/n1\/wp-json\/wp\/v2\/posts"}],"about":[{"href":"https:\/\/novosaopaulo.com.br\/n1\/wp-json\/wp\/v2\/types\/post"}],"author":[{"embeddable":true,"href":"https:\/\/novosaopaulo.com.br\/n1\/wp-json\/wp\/v2\/users\/1"}],"replies":[{"embeddable":true,"href":"https:\/\/novosaopaulo.com.br\/n1\/wp-json\/wp\/v2\/comments?post=20792"}],"version-history":[{"count":1,"href":"https:\/\/novosaopaulo.com.br\/n1\/wp-json\/wp\/v2\/posts\/20792\/revisions"}],"predecessor-version":[{"id":20794,"href":"https:\/\/novosaopaulo.com.br\/n1\/wp-json\/wp\/v2\/posts\/20792\/revisions\/20794"}],"wp:featuredmedia":[{"embeddable":true,"href":"https:\/\/novosaopaulo.com.br\/n1\/wp-json\/wp\/v2\/media\/20793"}],"wp:attachment":[{"href":"https:\/\/novosaopaulo.com.br\/n1\/wp-json\/wp\/v2\/media?parent=20792"}],"wp:term":[{"taxonomy":"category","embeddable":true,"href":"https:\/\/novosaopaulo.com.br\/n1\/wp-json\/wp\/v2\/categories?post=20792"},{"taxonomy":"post_tag","embeddable":true,"href":"https:\/\/novosaopaulo.com.br\/n1\/wp-json\/wp\/v2\/tags?post=20792"}],"curies":[{"name":"wp","href":"https:\/\/api.w.org\/{rel}","templated":true}]}}