{"id":20756,"date":"2024-10-30T15:51:08","date_gmt":"2024-10-30T18:51:08","guid":{"rendered":"https:\/\/novosaopaulo.com.br\/n1\/?p=20756"},"modified":"2024-10-30T15:51:09","modified_gmt":"2024-10-30T18:51:09","slug":"mara-bertaiolli-e-teo-cusatis-discutem-transicao-de-governo-em-seminario-com-a-ministra-simone-tebet","status":"publish","type":"post","link":"https:\/\/novosaopaulo.com.br\/n1\/mara-bertaiolli-e-teo-cusatis-discutem-transicao-de-governo-em-seminario-com-a-ministra-simone-tebet\/","title":{"rendered":"Mara Bertaiolli e T\u00e9o Cusatis discutem transi\u00e7\u00e3o de governo em semin\u00e1rio com a ministra Simone Tebet"},"content":{"rendered":"\n<p>Prefeita e vice-prefeito eleitos j\u00e1 em primeiro turno em Mogi das Cruzes-SP participam de evento organizado pela FGV e pelo Insper, em S\u00e3o Paulo, hoje e amanh\u00e3<\/p>\n\n\n\n<p>A prefeita eleita de Mogi das Cruzes-SP, Mara Bertaiolli (PL), e seu vice, T\u00e9o Cusatis (PSD), est\u00e3o participando do \u201cSemin\u00e1rio sobre Transi\u00e7\u00e3o de Governos Municipais\u201d, organizado pelo Instituto de Ensino e Pesquisa (Insper) e pela Funda\u00e7\u00e3o Get\u00falio Vargas (FGV). O evento acontece nesta ter\u00e7a-feira e amanh\u00e3 (29\/10 e 30\/10, respectivamente), na capital paulista. A exposi\u00e7\u00e3o de hoje contou com a participa\u00e7\u00e3o da ministra do Planejamento e Or\u00e7amento, Simonte Tebet (MDB).<\/p>\n\n\n\n<p>No primeiro dia de evento, pesquisadores e especialistas em Gest\u00e3o Governamental debateram pontos importantes com o p\u00fablico presente e compartilharam experi\u00eancias de sucesso que podem ser aplicadas na pr\u00e1tica. Pol\u00edticas de transi\u00e7\u00e3o, composi\u00e7\u00e3o de Secretariado Municipal e a constru\u00e7\u00e3o de gest\u00f5es democr\u00e1ticas foram alguns dos temas que pautaram o semin\u00e1rio nesta ter\u00e7a-feira, realizado das 14h \u00e0s 17h, na FGV, na Bela Vista.<\/p>\n\n\n\n<p>Entre os expositores, destaque para Luiz Brito, diretor da FGV; Rodrigo Soares, vice-presidente Acad\u00eamico do Insper; Marco Ant\u00f4nio Carvalho Teixeira, da FGV; Carlos Melo, do Insper; \u00darsula Peres, da Universidade de S\u00e3o Paulo (USP); Cl\u00e1udio Couto, da FGV; e o pesquisador Clovis Carvalho.<\/p>\n\n\n\n<p>A ministra Simone Tebet, que j\u00e1 foi prefeita por dois mandatos, al\u00e9m de deputada estadual e senadora da Rep\u00fablica, encerrou o painel \u201cA Pol\u00edtica nas Transi\u00e7\u00f5es Governamentais\u201d, por v\u00eddeo-confer\u00eancia.<\/p>\n\n\n\n<p>Primeira mulher eleita prefeita na hist\u00f3ria de Mogi das Cruzes, Mara estar\u00e1 com Cusatis amanh\u00e3, em S\u00e3o Paulo, para a segunda etapa do semin\u00e1rio, que ser\u00e1 abrigado no Insper, na Vila Ol\u00edmpia. Neusa Marialva, integrante do grupo de transi\u00e7\u00e3o da liberal, tamb\u00e9m participa das atividades:<\/p>\n\n\n\n<p>\u201cO semin\u00e1rio tem sido esclarecedor. Estamos buscando informa\u00e7\u00e3o t\u00e9cnica para escolhermos os melhores caminhos e fazermos uma transi\u00e7\u00e3o transparente, clara e que nos ajude no momento em que tomarmos posse para gerir a cidade\u201d, avalia Mara.<\/p>\n\n\n\n<p>O \u00faltimo painel do evento organizado pelo Insper e pela FGV acontece nesta quarta-feira, das 9h30 \u00e0s 14h. \u201ca Gest\u00e3o nas Transi\u00e7\u00f5es Governamentais ter\u00e1 \u00e0 frente o secret\u00e1rio de Articula\u00e7\u00e3o Institucional do Minist\u00e9rio do Planejamento e Or\u00e7amento, Jo\u00e3o Villaverde, al\u00e9m de Vivian Satiro, do Insper; Fernando Coelho, da USP; Alketa Peci, da FGV; Maria do Carmo Toledo Cruz, da Funda\u00e7\u00e3o Escola de Sociologia e Pol\u00edtica de S\u00e3o Paulo (Fespsp) e da Universidade Cidade de S\u00e3o Paulo (Unicid); Fernando Abrucio, da FGV; Lu\u00eds Paulo Bresciani, da FGV; e Marcelo Marchesini, do Insper.<\/p>\n\n\n\n<p>Transi\u00e7\u00e3o<br>No \u00faltimo dia 25, Mara e Cusatis se reuniram com o atual prefeito de Mogi, Caio Cunha (Podemos), e entregaram um documento, oficializando a primeira fase da transi\u00e7\u00e3o de governo. Nele, constam pedidos de relat\u00f3rios que envolvem as \u00e1reas financeira e administrativa do Pa\u00e7o Municipal. No of\u00edcio, a prefeita eleita para o mandato 2025\/2028 ainda solicita dados a respeito da atual situa\u00e7\u00e3o do departamento pessoal, de contratos e de conv\u00eanios firmados pelo Executivo, nos \u00faltimos quatro anos.<\/p>\n\n\n\n<p>Na oportunidade, tamb\u00e9m foram definidos nomes indicados por Mara para compor a Comiss\u00e3o de Transi\u00e7\u00e3o, coordenada por Cusatis.<\/p>\n\n\n\n<p>\u201cCompromisso e Amor por Mogi\u201d<br>Mara Bertaiolli venceu as elei\u00e7\u00f5es \u00e0 majorit\u00e1ria, j\u00e1 em primeiro turno (6\/10), com 51,08% dos votos v\u00e1lidos (113.271 votos). Com T\u00e9o Cusatis na vice, a liberal disputou o pleito liderando a coliga\u00e7\u00e3o \u201cCompromisso e Amor por Mogi\u201d, que uniu os maiores partidos de direita, de centro-direita e de centro do Brasil: PL, PSD, MDB, Progressistas, Uni\u00e3o Brasil e Republicanos.<\/p>\n","protected":false},"excerpt":{"rendered":"<p>Prefeita e vice-prefeito eleitos j\u00e1 em primeiro turno em Mogi das Cruzes-SP participam de evento&#8230;<\/p>\n","protected":false},"author":1,"featured_media":20757,"comment_status":"open","ping_status":"open","sticky":false,"template":"","format":"standard","meta":{"footnotes":""},"categories":[2],"tags":[],"featured_image_urls":{"full":["https:\/\/novosaopaulo.com.br\/n1\/wp-content\/uploads\/2024\/10\/WhatsApp-Image-2024-10-29-at-21.16.23.jpeg",1277,847,false],"thumbnail":["https:\/\/novosaopaulo.com.br\/n1\/wp-content\/uploads\/2024\/10\/WhatsApp-Image-2024-10-29-at-21.16.23-150x150.jpeg",150,150,true],"medium":["https:\/\/novosaopaulo.com.br\/n1\/wp-content\/uploads\/2024\/10\/WhatsApp-Image-2024-10-29-at-21.16.23-300x199.jpeg",300,199,true],"medium_large":["https:\/\/novosaopaulo.com.br\/n1\/wp-content\/uploads\/2024\/10\/WhatsApp-Image-2024-10-29-at-21.16.23-768x509.jpeg",640,424,true],"large":["https:\/\/novosaopaulo.com.br\/n1\/wp-content\/uploads\/2024\/10\/WhatsApp-Image-2024-10-29-at-21.16.23-1024x679.jpeg",640,424,true],"1536x1536":["https:\/\/novosaopaulo.com.br\/n1\/wp-content\/uploads\/2024\/10\/WhatsApp-Image-2024-10-29-at-21.16.23.jpeg",1277,847,false],"2048x2048":["https:\/\/novosaopaulo.com.br\/n1\/wp-content\/uploads\/2024\/10\/WhatsApp-Image-2024-10-29-at-21.16.23.jpeg",1277,847,false],"newsever-slider-full":["https:\/\/novosaopaulo.com.br\/n1\/wp-content\/uploads\/2024\/10\/WhatsApp-Image-2024-10-29-at-21.16.23-1277x845.jpeg",1277,845,true],"newsever-featured":["https:\/\/novosaopaulo.com.br\/n1\/wp-content\/uploads\/2024\/10\/WhatsApp-Image-2024-10-29-at-21.16.23-1024x679.jpeg",1024,679,true],"newsever-medium":["https:\/\/novosaopaulo.com.br\/n1\/wp-content\/uploads\/2024\/10\/WhatsApp-Image-2024-10-29-at-21.16.23-720x475.jpeg",720,475,true]},"author_info":{"display_name":"Reda\u00e7\u00e3o","author_link":"https:\/\/novosaopaulo.com.br\/n1\/author\/g5poa\/"},"category_info":"<a href=\"https:\/\/novosaopaulo.com.br\/n1\/category\/cidades\/\" rel=\"category tag\">Cidades<\/a>","tag_info":"Cidades","comment_count":"0","_links":{"self":[{"href":"https:\/\/novosaopaulo.com.br\/n1\/wp-json\/wp\/v2\/posts\/20756"}],"collection":[{"href":"https:\/\/novosaopaulo.com.br\/n1\/wp-json\/wp\/v2\/posts"}],"about":[{"href":"https:\/\/novosaopaulo.com.br\/n1\/wp-json\/wp\/v2\/types\/post"}],"author":[{"embeddable":true,"href":"https:\/\/novosaopaulo.com.br\/n1\/wp-json\/wp\/v2\/users\/1"}],"replies":[{"embeddable":true,"href":"https:\/\/novosaopaulo.com.br\/n1\/wp-json\/wp\/v2\/comments?post=20756"}],"version-history":[{"count":1,"href":"https:\/\/novosaopaulo.com.br\/n1\/wp-json\/wp\/v2\/posts\/20756\/revisions"}],"predecessor-version":[{"id":20758,"href":"https:\/\/novosaopaulo.com.br\/n1\/wp-json\/wp\/v2\/posts\/20756\/revisions\/20758"}],"wp:featuredmedia":[{"embeddable":true,"href":"https:\/\/novosaopaulo.com.br\/n1\/wp-json\/wp\/v2\/media\/20757"}],"wp:attachment":[{"href":"https:\/\/novosaopaulo.com.br\/n1\/wp-json\/wp\/v2\/media?parent=20756"}],"wp:term":[{"taxonomy":"category","embeddable":true,"href":"https:\/\/novosaopaulo.com.br\/n1\/wp-json\/wp\/v2\/categories?post=20756"},{"taxonomy":"post_tag","embeddable":true,"href":"https:\/\/novosaopaulo.com.br\/n1\/wp-json\/wp\/v2\/tags?post=20756"}],"curies":[{"name":"wp","href":"https:\/\/api.w.org\/{rel}","templated":true}]}}