{"id":20747,"date":"2024-10-29T16:01:51","date_gmt":"2024-10-29T19:01:51","guid":{"rendered":"https:\/\/novosaopaulo.com.br\/n1\/?p=20747"},"modified":"2024-10-29T16:01:52","modified_gmt":"2024-10-29T19:01:52","slug":"festa-tematica-celebra-o-mes-do-idoso-em-poa","status":"publish","type":"post","link":"https:\/\/novosaopaulo.com.br\/n1\/festa-tematica-celebra-o-mes-do-idoso-em-poa\/","title":{"rendered":"Festa Tem\u00e1tica celebra o m\u00eas do idoso em Po\u00e1"},"content":{"rendered":"\n<p>Evento em comemora\u00e7\u00e3o ao Dia Internacional do Idoso reuniu cerca de 400 pessoas<\/p>\n\n\n\n<p>A Secretaria de Assist\u00eancia Social de Po\u00e1 realizou na tarde de sexta-feira (25) o tradicional Baile da Melhor Idade, uma a\u00e7\u00e3o do Servi\u00e7o de Conviv\u00eancia e Fortalecimento de V\u00ednculos, que ocorre sempre no m\u00eas em que se comemora o Dia Internacional do Idoso, celebrado anualmente no dia 1\u00ba de outubro.<\/p>\n\n\n\n<p>Este ano, foi organizada uma Festa Tem\u00e1tica Anos 60\/70, no Sal\u00e3o Hangar (Rua Em\u00edlio Marcondes Ribas, 39, na Vila \u00c1urea). O evento reuniu cerca de 400 pessoas atendidas pelas quatro unidades do Centro de Refer\u00eancia em Assist\u00eancia Social (Cras) de Po\u00e1, localizados na Vila Ja\u00fa, Cidade Kemel, Jardim S\u00e3o Jos\u00e9 e Calmon Viana.<\/p>\n\n\n\n<p>O baile do idoso contou com muita anima\u00e7\u00e3o, m\u00fasica e dan\u00e7a. \u201cFoi uma tarde muito agrad\u00e1vel, com m\u00fasica boa e divers\u00e3o para celebrar esta fase da vida\u201d, afirmou o secret\u00e1rio de Assist\u00eancia Social, Emerson Tiago Viana.<\/p>\n\n\n\n<p>A tem\u00e1tica dos anos 60\/70 mobilizou todos os agentes envolvidos com o segmento. O baile teve in\u00edcio \u00e0s 14h e terminou \u00e0s 18h, e contou, tamb\u00e9m, com banda e Buffet, tudo preparado com muito carinho pela equipe da Assist\u00eancia Social de Po\u00e1.<\/p>\n\n\n\n<p>Para conseguir atender a maior parte da popula\u00e7\u00e3o da terceira idade, a organiza\u00e7\u00e3o disponibilizou \u00f4nibus para o transporte de pessoas com alguma dificuldade de mobilidade dos Cras mais distantes (bairro S\u00e3o Jos\u00e9, Calmon e Vila Ja\u00fa) at\u00e9 o local do evento.<\/p>\n\n\n\n<p>O baile tem\u00e1tico ainda contou com brindes para a melhor fantasia, a pessoa idosa mais animada e o aniversariante do dia. A a\u00e7\u00e3o foi realizada pela Secretaria Municipal de Assist\u00eancia Social, em conjunto com a entidade Recrie, que executa o Servi\u00e7o de Conviv\u00eancia e Fortalecimento de V\u00ednculos.<\/p>\n\n\n\n<p>Segundo o secret\u00e1rio, a a\u00e7\u00e3o atendeu \u00e0s expectativas e teve um \u00f3timo retorno dos idosos, que aumentaram suas atividades no Cras da sua regi\u00e3o. \u201cEste tipo de a\u00e7\u00e3o \u00e9 importante para demonstrar a participa\u00e7\u00e3o dos idosos nos meios sociais, a intera\u00e7\u00e3o e a possibilidade de se manterem ativos em suas atividades. Al\u00e9m dos direitos trabalhados pelos t\u00e9cnicos, \u00e9 importante a orienta\u00e7\u00e3o para a continuidade de uma vida ativa\u201d, finalizou ele.<\/p>\n\n\n\n<figure class=\"wp-block-gallery has-nested-images columns-default is-cropped wp-block-gallery-1 is-layout-flex wp-block-gallery-is-layout-flex\">\n<figure class=\"wp-block-image size-large\"><img fetchpriority=\"high\" decoding=\"async\" width=\"480\" height=\"360\" data-id=\"20750\" src=\"https:\/\/novosaopaulo.com.br\/n1\/wp-content\/uploads\/2024\/10\/WhatsApp-Image-2024-10-29-at-15.34.14.jpeg\" alt=\"\" class=\"wp-image-20750\" srcset=\"https:\/\/novosaopaulo.com.br\/n1\/wp-content\/uploads\/2024\/10\/WhatsApp-Image-2024-10-29-at-15.34.14.jpeg 480w, https:\/\/novosaopaulo.com.br\/n1\/wp-content\/uploads\/2024\/10\/WhatsApp-Image-2024-10-29-at-15.34.14-300x225.jpeg 300w\" sizes=\"(max-width: 480px) 100vw, 480px\" \/><\/figure>\n\n\n\n<figure class=\"wp-block-image size-large\"><img decoding=\"async\" width=\"480\" height=\"360\" data-id=\"20749\" src=\"https:\/\/novosaopaulo.com.br\/n1\/wp-content\/uploads\/2024\/10\/WhatsApp-Image-2024-10-29-at-15.34.14-1.jpeg\" alt=\"\" class=\"wp-image-20749\" srcset=\"https:\/\/novosaopaulo.com.br\/n1\/wp-content\/uploads\/2024\/10\/WhatsApp-Image-2024-10-29-at-15.34.14-1.jpeg 480w, https:\/\/novosaopaulo.com.br\/n1\/wp-content\/uploads\/2024\/10\/WhatsApp-Image-2024-10-29-at-15.34.14-1-300x225.jpeg 300w\" sizes=\"(max-width: 480px) 100vw, 480px\" \/><\/figure>\n\n\n\n<figure class=\"wp-block-image size-large\"><img decoding=\"async\" width=\"560\" height=\"420\" data-id=\"20748\" src=\"https:\/\/novosaopaulo.com.br\/n1\/wp-content\/uploads\/2024\/10\/WhatsApp-Image-2024-10-29-at-15.34.14-2.jpeg\" alt=\"\" class=\"wp-image-20748\" srcset=\"https:\/\/novosaopaulo.com.br\/n1\/wp-content\/uploads\/2024\/10\/WhatsApp-Image-2024-10-29-at-15.34.14-2.jpeg 560w, https:\/\/novosaopaulo.com.br\/n1\/wp-content\/uploads\/2024\/10\/WhatsApp-Image-2024-10-29-at-15.34.14-2-300x225.jpeg 300w\" sizes=\"(max-width: 560px) 100vw, 560px\" \/><\/figure>\n<\/figure>\n","protected":false},"excerpt":{"rendered":"<p>Evento em comemora\u00e7\u00e3o ao Dia Internacional do Idoso reuniu cerca de 400 pessoas A Secretaria&#8230;<\/p>\n","protected":false},"author":1,"featured_media":20751,"comment_status":"open","ping_status":"open","sticky":false,"template":"","format":"standard","meta":{"footnotes":""},"categories":[8],"tags":[],"featured_image_urls":{"full":["https:\/\/novosaopaulo.com.br\/n1\/wp-content\/uploads\/2024\/10\/WhatsApp-Image-2024-10-29-at-15.34.14-3.jpeg",560,420,false],"thumbnail":["https:\/\/novosaopaulo.com.br\/n1\/wp-content\/uploads\/2024\/10\/WhatsApp-Image-2024-10-29-at-15.34.14-3-150x150.jpeg",150,150,true],"medium":["https:\/\/novosaopaulo.com.br\/n1\/wp-content\/uploads\/2024\/10\/WhatsApp-Image-2024-10-29-at-15.34.14-3-300x225.jpeg",300,225,true],"medium_large":["https:\/\/novosaopaulo.com.br\/n1\/wp-content\/uploads\/2024\/10\/WhatsApp-Image-2024-10-29-at-15.34.14-3.jpeg",560,420,false],"large":["https:\/\/novosaopaulo.com.br\/n1\/wp-content\/uploads\/2024\/10\/WhatsApp-Image-2024-10-29-at-15.34.14-3.jpeg",560,420,false],"1536x1536":["https:\/\/novosaopaulo.com.br\/n1\/wp-content\/uploads\/2024\/10\/WhatsApp-Image-2024-10-29-at-15.34.14-3.jpeg",560,420,false],"2048x2048":["https:\/\/novosaopaulo.com.br\/n1\/wp-content\/uploads\/2024\/10\/WhatsApp-Image-2024-10-29-at-15.34.14-3.jpeg",560,420,false],"newsever-slider-full":["https:\/\/novosaopaulo.com.br\/n1\/wp-content\/uploads\/2024\/10\/WhatsApp-Image-2024-10-29-at-15.34.14-3.jpeg",560,420,false],"newsever-featured":["https:\/\/novosaopaulo.com.br\/n1\/wp-content\/uploads\/2024\/10\/WhatsApp-Image-2024-10-29-at-15.34.14-3.jpeg",560,420,false],"newsever-medium":["https:\/\/novosaopaulo.com.br\/n1\/wp-content\/uploads\/2024\/10\/WhatsApp-Image-2024-10-29-at-15.34.14-3.jpeg",560,420,false]},"author_info":{"display_name":"Reda\u00e7\u00e3o","author_link":"https:\/\/novosaopaulo.com.br\/n1\/author\/g5poa\/"},"category_info":"<a href=\"https:\/\/novosaopaulo.com.br\/n1\/category\/poa\/\" rel=\"category tag\">Po\u00e1<\/a>","tag_info":"Po\u00e1","comment_count":"0","_links":{"self":[{"href":"https:\/\/novosaopaulo.com.br\/n1\/wp-json\/wp\/v2\/posts\/20747"}],"collection":[{"href":"https:\/\/novosaopaulo.com.br\/n1\/wp-json\/wp\/v2\/posts"}],"about":[{"href":"https:\/\/novosaopaulo.com.br\/n1\/wp-json\/wp\/v2\/types\/post"}],"author":[{"embeddable":true,"href":"https:\/\/novosaopaulo.com.br\/n1\/wp-json\/wp\/v2\/users\/1"}],"replies":[{"embeddable":true,"href":"https:\/\/novosaopaulo.com.br\/n1\/wp-json\/wp\/v2\/comments?post=20747"}],"version-history":[{"count":1,"href":"https:\/\/novosaopaulo.com.br\/n1\/wp-json\/wp\/v2\/posts\/20747\/revisions"}],"predecessor-version":[{"id":20752,"href":"https:\/\/novosaopaulo.com.br\/n1\/wp-json\/wp\/v2\/posts\/20747\/revisions\/20752"}],"wp:featuredmedia":[{"embeddable":true,"href":"https:\/\/novosaopaulo.com.br\/n1\/wp-json\/wp\/v2\/media\/20751"}],"wp:attachment":[{"href":"https:\/\/novosaopaulo.com.br\/n1\/wp-json\/wp\/v2\/media?parent=20747"}],"wp:term":[{"taxonomy":"category","embeddable":true,"href":"https:\/\/novosaopaulo.com.br\/n1\/wp-json\/wp\/v2\/categories?post=20747"},{"taxonomy":"post_tag","embeddable":true,"href":"https:\/\/novosaopaulo.com.br\/n1\/wp-json\/wp\/v2\/tags?post=20747"}],"curies":[{"name":"wp","href":"https:\/\/api.w.org\/{rel}","templated":true}]}}