{"id":20729,"date":"2024-10-28T11:06:30","date_gmt":"2024-10-28T14:06:30","guid":{"rendered":"https:\/\/novosaopaulo.com.br\/n1\/?p=20729"},"modified":"2024-10-28T11:06:30","modified_gmt":"2024-10-28T14:06:30","slug":"gratificacao-imediata-aos-policiais-civis-por-trabalho-noturno-uma-questao-de-direito-e-de-justica","status":"publish","type":"post","link":"https:\/\/novosaopaulo.com.br\/n1\/gratificacao-imediata-aos-policiais-civis-por-trabalho-noturno-uma-questao-de-direito-e-de-justica\/","title":{"rendered":"Gratifica\u00e7\u00e3o imediata aos policiais civis por trabalho noturno: uma quest\u00e3o de direito e de justi\u00e7a"},"content":{"rendered":"\n<p>Dr. Mario Leite de Barros Filho*<\/p>\n\n\n\n<p>O direito de o servidor p\u00fablico ocupante de cargo na Pol\u00edcia Civil receber gratifica\u00e7\u00e3o pelo trabalho noturno, no per\u00edodo compreendido das 22 horas de um dia \u00e0s 5 horas do dia seguinte, \u00e9 lei e a mesma deve ser cumprida pelo Estado. Este direito est\u00e1 fundamentado no inciso 9\u00ba do artigo 7\u00ba da Constitui\u00e7\u00e3o Federal. Tal dispositivo estabelece, ainda, que a remunera\u00e7\u00e3o do trabalho noturno deve ser superior \u00e0 do diurno.<\/p>\n\n\n\n<p>Neste sentido, o artigo 73 do decreto-lei 5.452, de 1\u00ba de maio de 1943, da Consolida\u00e7\u00e3o das Leis do Trabalho (CLT), determina que o pagamento pelo trabalho \u00e0 noite ter\u00e1 acr\u00e9scimo de 20%, pelo menos, sobre a hora diurna.<\/p>\n\n\n\n<p>Por outro lado, o par\u00e1grafo 3\u00ba do artigo 39 da Constitui\u00e7\u00e3o Federal, no intuito de eliminar qualquer tipo de diferencia\u00e7\u00e3o entre os profissionais que exercem atividade laboral em institui\u00e7\u00f5es privadas e aqueles que atuam no servi\u00e7o p\u00fablico, estabeleceu que o pagamento do trabalho noturno superior ao diurno \u00e9 direito de todos os servidores que cumprem suas fun\u00e7\u00f5es em tais condi\u00e7\u00f5es.<\/p>\n\n\n\n<p>Ou seja: n\u00e3o trata-se, aqui, de um direito exclusivo dos trabalhadores da iniciativa privada e que, por isso, deve ser estendido aos ocupantes de cargos p\u00fablicos &#8211; incluindo-se, portanto, os policiais civis. Ademais, a Constitui\u00e7\u00e3o Federal estabelece que \u201ctodos s\u00e3o iguais perante a lei\u201d. N\u00e3o h\u00e1, portanto, a possibilidade de qualquer tipo de discrimina\u00e7\u00e3o quanto ao assunto em tela.<\/p>\n\n\n\n<p>No mesmo sentido, o par\u00e1grafo 3\u00ba do artigo 124 da Constitui\u00e7\u00e3o do Estado de S\u00e3o Paulo confirma as garantias estabelecidas na Carta Magna, assegurando, assim, aos servidores p\u00fablicos o direito \u00e0 remunera\u00e7\u00e3o do trabalho noturno superior \u00e0 do diurno.<\/p>\n\n\n\n<p>Saliente-se que o pagamento pelo expediente cumprido \u00e0 noite, em patamar diferenciado, \u00e9 direito social de segunda gera\u00e7\u00e3o, justamente por ter o objetivo de assegurar igualdade e melhores condi\u00e7\u00f5es de vida aos trabalhadores.<\/p>\n\n\n\n<p>Os direitos sociais s\u00e3o considerados de cunho fundamental e, como tal, t\u00eam aplica\u00e7\u00e3o imediata, conforme prev\u00ea a Constitui\u00e7\u00e3o Federal. Em outras palavras: o direito \u00e0 remunera\u00e7\u00e3o do trabalho noturno superior a do diurno, por ser um direito imprescind\u00edvel, n\u00e3o depende, ent\u00e3o, de regulamenta\u00e7\u00e3o.<\/p>\n\n\n\n<p>Conclui-se que n\u00e3o h\u00e1 raz\u00e3o, desta forma, para que o Estado de S\u00e3o Paulo n\u00e3o proceda ao imediato pagamento da hora trabalhada \u00e0 noite em valor diferenciado aos policiais civis plantonistas. \u00c9 incontest\u00e1vel que a jornada laboral cumprida em regime de plant\u00e3o, no per\u00edodo noturno, pode acarretar s\u00e9rios problemas: mudan\u00e7a no padr\u00e3o do sono, dificuldades nos relacionamentos (social, fam\u00edlia, no trabalho), cansa\u00e7o constante, m\u00e1 alimenta\u00e7\u00e3o, s\u00f3 para citar alguns, raz\u00e3o pela qual o servi\u00e7o, em tais condi\u00e7\u00f5es, deve ser pago diferenciadamente. Trata-se, indiscutivelmente, de uma compensa\u00e7\u00e3o aos danos que a atividade de Pol\u00edcia Judici\u00e1ria exercida em condi\u00e7\u00f5es adversas acarreta.<\/p>\n\n\n\n<p>Portanto, argumentos do governo paulista para n\u00e3o quitar a gratifica\u00e7\u00e3o por trabalho noturno s\u00e3o totalmente improcedentes; n\u00e3o encontram respaldo na legisla\u00e7\u00e3o vigente. Pelo contr\u00e1rio, \u00e9 obrigat\u00f3ria a concess\u00e3o imediata deste direito aos policiais civis bandeirantes. Trata-se, tamb\u00e9m, de uma quest\u00e3o de justi\u00e7a com estes profissionais que colocam suas vidas em risco para proteger a sociedade, todos os dias, saindo de casa para trabalhar, mas sem saber se para as suas fam\u00edlias voltam.<\/p>\n\n\n\n<p>*M\u00e1rio Leite de Barros Filho \u00e9 delegado de Pol\u00edcia; assessor jur\u00eddico institucional do Sindicato dos Delegados de Pol\u00edcia do Estado de S\u00e3o Paulo (Sindpesp); e professor de Direito Administrativo Disciplinar da Academia de Pol\u00edcia (Acadepol) do Estado de S\u00e3o Paulo.<\/p>\n","protected":false},"excerpt":{"rendered":"<p>Dr. Mario Leite de Barros Filho* O direito de o servidor p\u00fablico ocupante de cargo&#8230;<\/p>\n","protected":false},"author":1,"featured_media":20730,"comment_status":"open","ping_status":"open","sticky":false,"template":"","format":"standard","meta":{"footnotes":""},"categories":[2],"tags":[],"featured_image_urls":{"full":["https:\/\/novosaopaulo.com.br\/n1\/wp-content\/uploads\/2024\/10\/WhatsApp-Image-2024-10-24-at-21.44.35.jpeg",564,540,false],"thumbnail":["https:\/\/novosaopaulo.com.br\/n1\/wp-content\/uploads\/2024\/10\/WhatsApp-Image-2024-10-24-at-21.44.35-150x150.jpeg",150,150,true],"medium":["https:\/\/novosaopaulo.com.br\/n1\/wp-content\/uploads\/2024\/10\/WhatsApp-Image-2024-10-24-at-21.44.35-300x287.jpeg",300,287,true],"medium_large":["https:\/\/novosaopaulo.com.br\/n1\/wp-content\/uploads\/2024\/10\/WhatsApp-Image-2024-10-24-at-21.44.35.jpeg",564,540,false],"large":["https:\/\/novosaopaulo.com.br\/n1\/wp-content\/uploads\/2024\/10\/WhatsApp-Image-2024-10-24-at-21.44.35.jpeg",564,540,false],"1536x1536":["https:\/\/novosaopaulo.com.br\/n1\/wp-content\/uploads\/2024\/10\/WhatsApp-Image-2024-10-24-at-21.44.35.jpeg",564,540,false],"2048x2048":["https:\/\/novosaopaulo.com.br\/n1\/wp-content\/uploads\/2024\/10\/WhatsApp-Image-2024-10-24-at-21.44.35.jpeg",564,540,false],"newsever-slider-full":["https:\/\/novosaopaulo.com.br\/n1\/wp-content\/uploads\/2024\/10\/WhatsApp-Image-2024-10-24-at-21.44.35.jpeg",564,540,false],"newsever-featured":["https:\/\/novosaopaulo.com.br\/n1\/wp-content\/uploads\/2024\/10\/WhatsApp-Image-2024-10-24-at-21.44.35.jpeg",564,540,false],"newsever-medium":["https:\/\/novosaopaulo.com.br\/n1\/wp-content\/uploads\/2024\/10\/WhatsApp-Image-2024-10-24-at-21.44.35-564x475.jpeg",564,475,true]},"author_info":{"display_name":"Reda\u00e7\u00e3o","author_link":"https:\/\/novosaopaulo.com.br\/n1\/author\/g5poa\/"},"category_info":"<a href=\"https:\/\/novosaopaulo.com.br\/n1\/category\/cidades\/\" rel=\"category tag\">Cidades<\/a>","tag_info":"Cidades","comment_count":"0","_links":{"self":[{"href":"https:\/\/novosaopaulo.com.br\/n1\/wp-json\/wp\/v2\/posts\/20729"}],"collection":[{"href":"https:\/\/novosaopaulo.com.br\/n1\/wp-json\/wp\/v2\/posts"}],"about":[{"href":"https:\/\/novosaopaulo.com.br\/n1\/wp-json\/wp\/v2\/types\/post"}],"author":[{"embeddable":true,"href":"https:\/\/novosaopaulo.com.br\/n1\/wp-json\/wp\/v2\/users\/1"}],"replies":[{"embeddable":true,"href":"https:\/\/novosaopaulo.com.br\/n1\/wp-json\/wp\/v2\/comments?post=20729"}],"version-history":[{"count":1,"href":"https:\/\/novosaopaulo.com.br\/n1\/wp-json\/wp\/v2\/posts\/20729\/revisions"}],"predecessor-version":[{"id":20731,"href":"https:\/\/novosaopaulo.com.br\/n1\/wp-json\/wp\/v2\/posts\/20729\/revisions\/20731"}],"wp:featuredmedia":[{"embeddable":true,"href":"https:\/\/novosaopaulo.com.br\/n1\/wp-json\/wp\/v2\/media\/20730"}],"wp:attachment":[{"href":"https:\/\/novosaopaulo.com.br\/n1\/wp-json\/wp\/v2\/media?parent=20729"}],"wp:term":[{"taxonomy":"category","embeddable":true,"href":"https:\/\/novosaopaulo.com.br\/n1\/wp-json\/wp\/v2\/categories?post=20729"},{"taxonomy":"post_tag","embeddable":true,"href":"https:\/\/novosaopaulo.com.br\/n1\/wp-json\/wp\/v2\/tags?post=20729"}],"curies":[{"name":"wp","href":"https:\/\/api.w.org\/{rel}","templated":true}]}}