{"id":20696,"date":"2024-10-23T20:52:08","date_gmt":"2024-10-23T23:52:08","guid":{"rendered":"https:\/\/novosaopaulo.com.br\/n1\/?p=20696"},"modified":"2024-10-23T20:52:09","modified_gmt":"2024-10-23T23:52:09","slug":"saulo-souza-engaja-na-campanha-de-ricardo-nunes-e-defende-uniao-de-forcas-para-melhorar-bairros-de-divisa","status":"publish","type":"post","link":"https:\/\/novosaopaulo.com.br\/n1\/saulo-souza-engaja-na-campanha-de-ricardo-nunes-e-defende-uniao-de-forcas-para-melhorar-bairros-de-divisa\/","title":{"rendered":"Saulo Souza engaja na campanha de Ricardo Nunes e defende uni\u00e3o de for\u00e7as para melhorar bairros de divisa"},"content":{"rendered":"\n<p>Prefeito eleito de Po\u00e1 esteve na feira livre da Cidade Kemel\/Itaim Paulista fazendo adesiva\u00e7o, conversando com a popula\u00e7\u00e3o e distribuindo material de campanha do candidato do MDB que disputa a reelei\u00e7\u00e3o em S\u00e3o Paulo<\/p>\n\n\n\n<p>O prefeito eleito de Po\u00e1, Saulo Souza (PP), refor\u00e7ou a campanha do candidato a prefeito de S\u00e3o Paulo Ricardo Nunes (MDB), no \u00faltimo final de semana, com uma a\u00e7\u00e3o realizada na feira livre do bairro Cidade Kemel\/Itaim Paulista. Ele pediu votos para o prefeitur\u00e1vel que busca a reelei\u00e7\u00e3o, distribuiu seu material de campanha para a popula\u00e7\u00e3o, fez adesiva\u00e7o de ve\u00edculos, caminhadas e aproveitou para refor\u00e7ar a import\u00e2ncia das prefeituras da regi\u00e3o e da capital unirem for\u00e7as a fim de garantir melhorias para os bairros de divisa.<br>Eleito no \u00faltimo dia 6 em Po\u00e1, Saulo Souza voltou para as ruas e, mesmo com chuva, conversou com moradores, comerciantes e feirantes para apresentar as propostas do candidato a prefeito de S\u00e3o Paulo, sendo muito bem recebido pela popula\u00e7\u00e3o.<br>Al\u00e9m de instalar uma tenda na entrada da feira livre para retirada de materiais de campanha, ele tamb\u00e9m circulou de caminh\u00e3o pelo bairro paulistano pedindo apoio ao pol\u00edtico. \u201cEstivemos na Cidade Kemel\/Itaim Paulista para reafirmar nosso compromisso junto ao prefeito Ricardo Nunes e ao governador Tarc\u00edsio de Freitas de lutar por avan\u00e7os e progresso em nossas divisas\u201d, destacou Saulo Souza.<br>Ao lado do vice Delegado Eliardo (PP), da primeira-dama Fl\u00e1via Souza e de apoiadores, o prefeito eleito de Po\u00e1 ressaltou a necessidade caminhar ao lado do governo estadual, das demais prefeituras do Alto Tiet\u00ea e da capital para atender demandas antigas existentes nas regi\u00f5es de divisa. \u201cEstamos determinados a fazer mais e melhor, sempre ao lado da popula\u00e7\u00e3o e com a uni\u00e3o de todos, trabalhando para trazer mais desenvolvimento para nossa regi\u00e3o e construir um futuro mais forte e pr\u00f3spero para nossas cidades\u201d, acrescentou.<br>O MDB \u00e9 um dos partidos que integra a Coliga\u00e7\u00e3o Muda Po\u00e1, comandada por Saulo Souza e que re\u00fane tamb\u00e9m as legendas PP, Avante e PRD.<br>Pedido<br>O engajamento de Saulo Souza na campanha de Ricardo Nunes atende a um pedido do governador Tarc\u00edsio de Freitas (Republicanos) que, em reuni\u00e3o realizada no Pal\u00e1cio dos Bandeirantes, solicitou aos prefeitos eleitos e reeleitos da regi\u00e3o metropolitana que refor\u00e7assem o apoio ao candidato do MDB no segundo turno da elei\u00e7\u00e3o.<\/p>\n\n\n\n<p><\/p>\n","protected":false},"excerpt":{"rendered":"<p>Prefeito eleito de Po\u00e1 esteve na feira livre da Cidade Kemel\/Itaim Paulista fazendo adesiva\u00e7o, conversando&#8230;<\/p>\n","protected":false},"author":1,"featured_media":20697,"comment_status":"open","ping_status":"open","sticky":false,"template":"","format":"standard","meta":{"footnotes":""},"categories":[8],"tags":[],"featured_image_urls":{"full":["https:\/\/novosaopaulo.com.br\/n1\/wp-content\/uploads\/2024\/10\/Saulo_campanha-Nunes.jpg",308,411,false],"thumbnail":["https:\/\/novosaopaulo.com.br\/n1\/wp-content\/uploads\/2024\/10\/Saulo_campanha-Nunes-150x150.jpg",150,150,true],"medium":["https:\/\/novosaopaulo.com.br\/n1\/wp-content\/uploads\/2024\/10\/Saulo_campanha-Nunes-225x300.jpg",225,300,true],"medium_large":["https:\/\/novosaopaulo.com.br\/n1\/wp-content\/uploads\/2024\/10\/Saulo_campanha-Nunes.jpg",308,411,false],"large":["https:\/\/novosaopaulo.com.br\/n1\/wp-content\/uploads\/2024\/10\/Saulo_campanha-Nunes.jpg",308,411,false],"1536x1536":["https:\/\/novosaopaulo.com.br\/n1\/wp-content\/uploads\/2024\/10\/Saulo_campanha-Nunes.jpg",308,411,false],"2048x2048":["https:\/\/novosaopaulo.com.br\/n1\/wp-content\/uploads\/2024\/10\/Saulo_campanha-Nunes.jpg",308,411,false],"newsever-slider-full":["https:\/\/novosaopaulo.com.br\/n1\/wp-content\/uploads\/2024\/10\/Saulo_campanha-Nunes.jpg",308,411,false],"newsever-featured":["https:\/\/novosaopaulo.com.br\/n1\/wp-content\/uploads\/2024\/10\/Saulo_campanha-Nunes.jpg",308,411,false],"newsever-medium":["https:\/\/novosaopaulo.com.br\/n1\/wp-content\/uploads\/2024\/10\/Saulo_campanha-Nunes.jpg",308,411,false]},"author_info":{"display_name":"Reda\u00e7\u00e3o","author_link":"https:\/\/novosaopaulo.com.br\/n1\/author\/g5poa\/"},"category_info":"<a href=\"https:\/\/novosaopaulo.com.br\/n1\/category\/poa\/\" rel=\"category tag\">Po\u00e1<\/a>","tag_info":"Po\u00e1","comment_count":"0","_links":{"self":[{"href":"https:\/\/novosaopaulo.com.br\/n1\/wp-json\/wp\/v2\/posts\/20696"}],"collection":[{"href":"https:\/\/novosaopaulo.com.br\/n1\/wp-json\/wp\/v2\/posts"}],"about":[{"href":"https:\/\/novosaopaulo.com.br\/n1\/wp-json\/wp\/v2\/types\/post"}],"author":[{"embeddable":true,"href":"https:\/\/novosaopaulo.com.br\/n1\/wp-json\/wp\/v2\/users\/1"}],"replies":[{"embeddable":true,"href":"https:\/\/novosaopaulo.com.br\/n1\/wp-json\/wp\/v2\/comments?post=20696"}],"version-history":[{"count":1,"href":"https:\/\/novosaopaulo.com.br\/n1\/wp-json\/wp\/v2\/posts\/20696\/revisions"}],"predecessor-version":[{"id":20698,"href":"https:\/\/novosaopaulo.com.br\/n1\/wp-json\/wp\/v2\/posts\/20696\/revisions\/20698"}],"wp:featuredmedia":[{"embeddable":true,"href":"https:\/\/novosaopaulo.com.br\/n1\/wp-json\/wp\/v2\/media\/20697"}],"wp:attachment":[{"href":"https:\/\/novosaopaulo.com.br\/n1\/wp-json\/wp\/v2\/media?parent=20696"}],"wp:term":[{"taxonomy":"category","embeddable":true,"href":"https:\/\/novosaopaulo.com.br\/n1\/wp-json\/wp\/v2\/categories?post=20696"},{"taxonomy":"post_tag","embeddable":true,"href":"https:\/\/novosaopaulo.com.br\/n1\/wp-json\/wp\/v2\/tags?post=20696"}],"curies":[{"name":"wp","href":"https:\/\/api.w.org\/{rel}","templated":true}]}}