{"id":20659,"date":"2024-10-22T09:25:25","date_gmt":"2024-10-22T12:25:25","guid":{"rendered":"https:\/\/novosaopaulo.com.br\/n1\/?p=20659"},"modified":"2024-10-22T09:25:26","modified_gmt":"2024-10-22T12:25:26","slug":"acao-social-atende-familias-da-vila-romana-nesta-quinta-24","status":"publish","type":"post","link":"https:\/\/novosaopaulo.com.br\/n1\/acao-social-atende-familias-da-vila-romana-nesta-quinta-24\/","title":{"rendered":"A\u00e7\u00e3o Social atende fam\u00edlias da Vila Romana nesta quinta (24)"},"content":{"rendered":"\n<p>Cras na Comunidade ser\u00e1 realizada pela Secretaria Municipal de Assist\u00eancia Social e contar\u00e1 com a\u00e7\u00f5es do Cad\u00danico e orienta\u00e7\u00f5es sobre programas como o Crian\u00e7a Feliz<\/p>\n\n\n\n<p>Os moradores da Vila Romana e regi\u00e3o v\u00e3o receber na quinta-feira (dia 24) mais uma edi\u00e7\u00e3o da A\u00e7\u00e3o Social Cras na Comunidade, promovida pela Secretaria de Assist\u00eancia e Desenvolvimento Social de Po\u00e1. Entre as a\u00e7\u00f5es, a equipe da Prefeitura estar\u00e1 realizando a inclus\u00e3o e atualiza\u00e7\u00e3o do Cad\u00danico, oferecendo orienta\u00e7\u00f5es sobre os servi\u00e7os do Centro de Refer\u00eancia de Assist\u00eancia Social (Cras), do Crian\u00e7a Feliz, entre outros programas vigentes.<\/p>\n\n\n\n<p>A a\u00e7\u00e3o, segundo a Secretaria, est\u00e1 programada para acontecer no dia 24, das 9h \u00e0s 16h, na Vila Romana (Rua Tupinamb\u00e1s, 240). Dentre os servi\u00e7os dispon\u00edveis aos mun\u00edcipes, est\u00e3o a atualiza\u00e7\u00e3o do Cadastro \u00danico (Cad\u00danico), que concede benef\u00edcios como Bolsa Fam\u00edlia, e a inser\u00e7\u00e3o no programa \u201cCrian\u00e7a Feliz\u201d, que tem como objetivo promover e apoiar a gestante e a fam\u00edlia na prepara\u00e7\u00e3o para o nascimento e os cuidados perinatais.<\/p>\n\n\n\n<p>\u201cJ\u00e1 realizamos a\u00e7\u00f5es similares a esta em outros bairros do nosso munic\u00edpio e todas foram um sucesso! O atendimento \u00e9 r\u00e1pido e pr\u00e1tico, e em poucos minutos o mun\u00edcipe consegue regularizar in\u00fameros servi\u00e7os sociais\u201d, afirmou o secret\u00e1rio da Assist\u00eancia e Desenvolvimento Social de Po\u00e1, Emerson Tiago Viana.<br>Mais informa\u00e7\u00f5es pelo telefone 4638-3025.<\/p>\n","protected":false},"excerpt":{"rendered":"<p>Cras na Comunidade ser\u00e1 realizada pela Secretaria Municipal de Assist\u00eancia Social e contar\u00e1 com a\u00e7\u00f5es&#8230;<\/p>\n","protected":false},"author":1,"featured_media":20660,"comment_status":"open","ping_status":"open","sticky":false,"template":"","format":"standard","meta":{"footnotes":""},"categories":[8],"tags":[],"featured_image_urls":{"full":["https:\/\/novosaopaulo.com.br\/n1\/wp-content\/uploads\/2024\/10\/WhatsApp-Image-2024-10-21-at-15.49.01.jpeg",560,420,false],"thumbnail":["https:\/\/novosaopaulo.com.br\/n1\/wp-content\/uploads\/2024\/10\/WhatsApp-Image-2024-10-21-at-15.49.01-150x150.jpeg",150,150,true],"medium":["https:\/\/novosaopaulo.com.br\/n1\/wp-content\/uploads\/2024\/10\/WhatsApp-Image-2024-10-21-at-15.49.01-300x225.jpeg",300,225,true],"medium_large":["https:\/\/novosaopaulo.com.br\/n1\/wp-content\/uploads\/2024\/10\/WhatsApp-Image-2024-10-21-at-15.49.01.jpeg",560,420,false],"large":["https:\/\/novosaopaulo.com.br\/n1\/wp-content\/uploads\/2024\/10\/WhatsApp-Image-2024-10-21-at-15.49.01.jpeg",560,420,false],"1536x1536":["https:\/\/novosaopaulo.com.br\/n1\/wp-content\/uploads\/2024\/10\/WhatsApp-Image-2024-10-21-at-15.49.01.jpeg",560,420,false],"2048x2048":["https:\/\/novosaopaulo.com.br\/n1\/wp-content\/uploads\/2024\/10\/WhatsApp-Image-2024-10-21-at-15.49.01.jpeg",560,420,false],"newsever-slider-full":["https:\/\/novosaopaulo.com.br\/n1\/wp-content\/uploads\/2024\/10\/WhatsApp-Image-2024-10-21-at-15.49.01.jpeg",560,420,false],"newsever-featured":["https:\/\/novosaopaulo.com.br\/n1\/wp-content\/uploads\/2024\/10\/WhatsApp-Image-2024-10-21-at-15.49.01.jpeg",560,420,false],"newsever-medium":["https:\/\/novosaopaulo.com.br\/n1\/wp-content\/uploads\/2024\/10\/WhatsApp-Image-2024-10-21-at-15.49.01.jpeg",560,420,false]},"author_info":{"display_name":"Reda\u00e7\u00e3o","author_link":"https:\/\/novosaopaulo.com.br\/n1\/author\/g5poa\/"},"category_info":"<a href=\"https:\/\/novosaopaulo.com.br\/n1\/category\/poa\/\" rel=\"category tag\">Po\u00e1<\/a>","tag_info":"Po\u00e1","comment_count":"0","_links":{"self":[{"href":"https:\/\/novosaopaulo.com.br\/n1\/wp-json\/wp\/v2\/posts\/20659"}],"collection":[{"href":"https:\/\/novosaopaulo.com.br\/n1\/wp-json\/wp\/v2\/posts"}],"about":[{"href":"https:\/\/novosaopaulo.com.br\/n1\/wp-json\/wp\/v2\/types\/post"}],"author":[{"embeddable":true,"href":"https:\/\/novosaopaulo.com.br\/n1\/wp-json\/wp\/v2\/users\/1"}],"replies":[{"embeddable":true,"href":"https:\/\/novosaopaulo.com.br\/n1\/wp-json\/wp\/v2\/comments?post=20659"}],"version-history":[{"count":1,"href":"https:\/\/novosaopaulo.com.br\/n1\/wp-json\/wp\/v2\/posts\/20659\/revisions"}],"predecessor-version":[{"id":20661,"href":"https:\/\/novosaopaulo.com.br\/n1\/wp-json\/wp\/v2\/posts\/20659\/revisions\/20661"}],"wp:featuredmedia":[{"embeddable":true,"href":"https:\/\/novosaopaulo.com.br\/n1\/wp-json\/wp\/v2\/media\/20660"}],"wp:attachment":[{"href":"https:\/\/novosaopaulo.com.br\/n1\/wp-json\/wp\/v2\/media?parent=20659"}],"wp:term":[{"taxonomy":"category","embeddable":true,"href":"https:\/\/novosaopaulo.com.br\/n1\/wp-json\/wp\/v2\/categories?post=20659"},{"taxonomy":"post_tag","embeddable":true,"href":"https:\/\/novosaopaulo.com.br\/n1\/wp-json\/wp\/v2\/tags?post=20659"}],"curies":[{"name":"wp","href":"https:\/\/api.w.org\/{rel}","templated":true}]}}