{"id":20614,"date":"2024-10-17T09:55:45","date_gmt":"2024-10-17T12:55:45","guid":{"rendered":"https:\/\/novosaopaulo.com.br\/n1\/?p=20614"},"modified":"2024-10-17T09:55:46","modified_gmt":"2024-10-17T12:55:46","slug":"saulo-souza-se-reune-com-vereadores-eleitos-e-destaca-que-governo-sera-de-uniao","status":"publish","type":"post","link":"https:\/\/novosaopaulo.com.br\/n1\/saulo-souza-se-reune-com-vereadores-eleitos-e-destaca-que-governo-sera-de-uniao\/","title":{"rendered":"Saulo Souza se re\u00fane com vereadores eleitos e destaca que governo ser\u00e1 de uni\u00e3o"},"content":{"rendered":"\n<p>Em almo\u00e7o de integra\u00e7\u00e3o, o prefeito eleito de Po\u00e1 se colocou \u00e0 disposi\u00e7\u00e3o dos parlamentares e refor\u00e7ou a import\u00e2ncia do trabalho conjunto entre Executivo e Legislativo<\/p>\n\n\n\n<p>O prefeito eleito de Po\u00e1, Saulo Souza (PP), se reuniu nesta ter\u00e7a-feira (15\/10) com os vereadores que assumir\u00e3o o Legislativo em 2025 para um almo\u00e7o de integra\u00e7\u00e3o. Na ocasi\u00e3o, ele se colocou \u00e0 disposi\u00e7\u00e3o dos parlamentares e refor\u00e7ou a import\u00e2ncia do Executivo e do Legislativo caminharem juntos a fim de promoverem as mudan\u00e7as que a cidade precisa.<\/p>\n\n\n\n<p>Ao lado do vice-prefeito eleito Delegado Eliardo (PP), Saulo Souza relembrou os desafios da campanha eleitoral e seu desejo de caminhar ao lado dos veadores. \u201cTodos n\u00f3s ultrapassamos uma barreira muito dif\u00edcil, que foi a elei\u00e7\u00e3o. Agora, temos um desafio ainda maior que \u00e9 unir nossas inten\u00e7\u00f5es, nossos prop\u00f3sitos e nosso desejo de mudar a cidade de Po\u00e1. Coloco-me inteiramente \u00e0 disposi\u00e7\u00e3o, assim como nosso vice, para que possamos construir uma nova hist\u00f3ria pelos pr\u00f3ximos quatro anos\u201d, acrescentou.<\/p>\n\n\n\n<p>No encontro, que reuniu os vereadores eleitos Dr. Raphael Grothe (Avante), Edson Demetrio (PP), Gian Lopes (Republicanos), Fabinho do S\u00e3o Jos\u00e9 (Republicanos), Rogerinho (PSB) e Renato da Padaria (Podemos) e os parlamentares reeleitos Dr. Saul Souza (PP), Rog\u00e9rio Mathias (PP), Lucas Ferrari (PP), Emerson Dentinho (Pode), Fabio Suru (PL), Saulo Dentista (Uni\u00e3o) e Welson Lopes (PL), o mesmo desejo de uni\u00e3o foi refor\u00e7ado pelo vice-prefeito Delegado Eliardo. Ele enfatizou a miss\u00e3o de fazer o melhor para Po\u00e1 em parceira com o Executivo e a import\u00e2ncia de manter um bom relacionamento entre os dois poderes.<\/p>\n\n\n\n<p>Tamb\u00e9m presente no encontro, a primeira-dama Fl\u00e1via Souza afirmou que pr\u00f3ximo governo ser\u00e1 de amor, uni\u00e3o e paz. \u201cQueremos unir a nossa cidade, porque \u00e9 isso que a popula\u00e7\u00e3o poaense est\u00e1 precisando. Contem conosco tamb\u00e9m como um bra\u00e7o forte na \u00e1rea social\u201d, finalizou.<\/p>\n","protected":false},"excerpt":{"rendered":"<p>Em almo\u00e7o de integra\u00e7\u00e3o, o prefeito eleito de Po\u00e1 se colocou \u00e0 disposi\u00e7\u00e3o dos parlamentares&#8230;<\/p>\n","protected":false},"author":1,"featured_media":20615,"comment_status":"open","ping_status":"open","sticky":false,"template":"","format":"standard","meta":{"footnotes":""},"categories":[8],"tags":[],"featured_image_urls":{"full":["https:\/\/novosaopaulo.com.br\/n1\/wp-content\/uploads\/2024\/10\/whatsapp-image-2024-10-16-at-150253.jpeg",720,480,false],"thumbnail":["https:\/\/novosaopaulo.com.br\/n1\/wp-content\/uploads\/2024\/10\/whatsapp-image-2024-10-16-at-150253-150x150.jpeg",150,150,true],"medium":["https:\/\/novosaopaulo.com.br\/n1\/wp-content\/uploads\/2024\/10\/whatsapp-image-2024-10-16-at-150253-300x200.jpeg",300,200,true],"medium_large":["https:\/\/novosaopaulo.com.br\/n1\/wp-content\/uploads\/2024\/10\/whatsapp-image-2024-10-16-at-150253.jpeg",640,427,false],"large":["https:\/\/novosaopaulo.com.br\/n1\/wp-content\/uploads\/2024\/10\/whatsapp-image-2024-10-16-at-150253.jpeg",640,427,false],"1536x1536":["https:\/\/novosaopaulo.com.br\/n1\/wp-content\/uploads\/2024\/10\/whatsapp-image-2024-10-16-at-150253.jpeg",720,480,false],"2048x2048":["https:\/\/novosaopaulo.com.br\/n1\/wp-content\/uploads\/2024\/10\/whatsapp-image-2024-10-16-at-150253.jpeg",720,480,false],"newsever-slider-full":["https:\/\/novosaopaulo.com.br\/n1\/wp-content\/uploads\/2024\/10\/whatsapp-image-2024-10-16-at-150253.jpeg",720,480,false],"newsever-featured":["https:\/\/novosaopaulo.com.br\/n1\/wp-content\/uploads\/2024\/10\/whatsapp-image-2024-10-16-at-150253.jpeg",720,480,false],"newsever-medium":["https:\/\/novosaopaulo.com.br\/n1\/wp-content\/uploads\/2024\/10\/whatsapp-image-2024-10-16-at-150253-720x475.jpeg",720,475,true]},"author_info":{"display_name":"Reda\u00e7\u00e3o","author_link":"https:\/\/novosaopaulo.com.br\/n1\/author\/g5poa\/"},"category_info":"<a href=\"https:\/\/novosaopaulo.com.br\/n1\/category\/poa\/\" rel=\"category tag\">Po\u00e1<\/a>","tag_info":"Po\u00e1","comment_count":"0","_links":{"self":[{"href":"https:\/\/novosaopaulo.com.br\/n1\/wp-json\/wp\/v2\/posts\/20614"}],"collection":[{"href":"https:\/\/novosaopaulo.com.br\/n1\/wp-json\/wp\/v2\/posts"}],"about":[{"href":"https:\/\/novosaopaulo.com.br\/n1\/wp-json\/wp\/v2\/types\/post"}],"author":[{"embeddable":true,"href":"https:\/\/novosaopaulo.com.br\/n1\/wp-json\/wp\/v2\/users\/1"}],"replies":[{"embeddable":true,"href":"https:\/\/novosaopaulo.com.br\/n1\/wp-json\/wp\/v2\/comments?post=20614"}],"version-history":[{"count":1,"href":"https:\/\/novosaopaulo.com.br\/n1\/wp-json\/wp\/v2\/posts\/20614\/revisions"}],"predecessor-version":[{"id":20616,"href":"https:\/\/novosaopaulo.com.br\/n1\/wp-json\/wp\/v2\/posts\/20614\/revisions\/20616"}],"wp:featuredmedia":[{"embeddable":true,"href":"https:\/\/novosaopaulo.com.br\/n1\/wp-json\/wp\/v2\/media\/20615"}],"wp:attachment":[{"href":"https:\/\/novosaopaulo.com.br\/n1\/wp-json\/wp\/v2\/media?parent=20614"}],"wp:term":[{"taxonomy":"category","embeddable":true,"href":"https:\/\/novosaopaulo.com.br\/n1\/wp-json\/wp\/v2\/categories?post=20614"},{"taxonomy":"post_tag","embeddable":true,"href":"https:\/\/novosaopaulo.com.br\/n1\/wp-json\/wp\/v2\/tags?post=20614"}],"curies":[{"name":"wp","href":"https:\/\/api.w.org\/{rel}","templated":true}]}}