{"id":20527,"date":"2024-10-10T17:23:53","date_gmt":"2024-10-10T20:23:53","guid":{"rendered":"https:\/\/novosaopaulo.com.br\/n1\/?p=20527"},"modified":"2024-10-10T17:23:54","modified_gmt":"2024-10-10T20:23:54","slug":"prefeitura-de-poa-abre-inscricoes-em-creches-e-pre-escola-para-2025","status":"publish","type":"post","link":"https:\/\/novosaopaulo.com.br\/n1\/prefeitura-de-poa-abre-inscricoes-em-creches-e-pre-escola-para-2025\/","title":{"rendered":"Prefeitura de Po\u00e1 abre inscri\u00e7\u00f5es em creches e pr\u00e9-escola para 2025"},"content":{"rendered":"\n<p>Vagas s\u00e3o destinadas para crian\u00e7as de 4 meses a 3 anos; per\u00edodo de inscri\u00e7\u00f5es em creches ser\u00e1 de 15 a 29 de outubro de forma online e presencial<\/p>\n\n\n\n<p>A Prefeitura de Po\u00e1, por meio da Secretaria de Educa\u00e7\u00e3o, abre inscri\u00e7\u00f5es para vagas em creches do munic\u00edpio a partir do dia 15 deste m\u00eas. As vagas s\u00e3o destinadas para crian\u00e7as de 4 meses a 3 anos n\u00e3o cadastradas (nova inscri\u00e7\u00e3o) e para aquelas que precisam atualizar informa\u00e7\u00f5es de contato.<\/p>\n\n\n\n<p>As inscri\u00e7\u00f5es seguem at\u00e9 o dia 29 e podem ser realizadas nos sites www.poa.sp.gov.br; www.educacaopoa.com.br ou presencialmente na Secretaria Municipal de Educa\u00e7\u00e3o (Rua Doutor Luiz Pereira Barreto, 662, Vila J\u00falia) e nas unidades escolares municipais Roberto Elias Xidieh (Nova Po\u00e1), Edison Alves de Oliveira (Calmon Viana), Jos\u00e9 Joaquim de Souza (S\u00e3o Jos\u00e9), M\u00e1rcio Gomes (Centro) e Prof. Walter de Almeida Monteiro (Calmon Viana), das 9h \u00e0s 16h.<\/p>\n\n\n\n<p>A secret\u00e1ria da Pasta, Simone Lacerda, ressalta que aqueles que realizaram as inscri\u00e7\u00f5es anteriormente j\u00e1 est\u00e3o na lista de espera, n\u00e3o havendo, portanto, necessidade de renova\u00e7\u00e3o, apenas a atualiza\u00e7\u00e3o das informa\u00e7\u00f5es de contato, caso haja alguma altera\u00e7\u00e3o. \u201cAs listas n\u00e3o ser\u00e3o reiniciadas, assim respeitando as solicita\u00e7\u00f5es mais antigas e que n\u00e3o foram atendidas\u201d, afirma.<\/p>\n\n\n\n<p>Documentos<br>No ato da inscri\u00e7\u00e3o, os interessados dever\u00e3o informar: o nome completo da crian\u00e7a (sem abrevia\u00e7\u00e3o), a data de nascimento, n\u00famero do documento da crian\u00e7a (CPF), se possui necessidade especial (comprovada por laudo m\u00e9dico), endere\u00e7o completo, nome completo dos respons\u00e1veis, telefones para contato e e-mail para contato.<\/p>\n\n\n\n<p>Os candidatos tamb\u00e9m poder\u00e3o optar pela regi\u00e3o de interesse e se desejam se inscrever para: per\u00edodo parcial apenas (manh\u00e3, das 8h \u00e0s 12h, ou tarde, das 13h \u00e0s 17h); per\u00edodo integral apenas (7h \u00e0s 17h); ou para per\u00edodo integral ou parcial.<\/p>\n\n\n\n<p>Observa\u00e7\u00e3o<br>Ap\u00f3s o dia 29 de outubro, as inscri\u00e7\u00f5es s\u00f3 poder\u00e3o ser realizadas na Secretaria Municipal de Educa\u00e7\u00e3o. A divulga\u00e7\u00e3o da lista de espera 2024-2025 est\u00e1 prevista para ocorrer no dia 12 de novembro de 2024, a partir das 14h. As listas ser\u00e3o disponibilizadas por idade\/est\u00e1gio, divididas por op\u00e7\u00e3o de inscri\u00e7\u00e3o e regi\u00e3o. Caso o interessado n\u00e3o consiga a vaga, ele permanecer\u00e1 na lista de espera com validade durante todo o ano letivo.<\/p>\n\n\n\n<p>Pr\u00e9-Escola<br>A partir deste m\u00eas de outubro, as escolas municipais de Educa\u00e7\u00e3o Infantil e a Secretaria Municipal de Educa\u00e7\u00e3o (Rua Dr. Luiz Pereira Barreto, 662, Vila J\u00falia) estar\u00e3o recebendo inscri\u00e7\u00f5es para a Pr\u00e9-Escola, de segunda a sexta-feira, das 9h \u00e0s 16h, para crian\u00e7as nascidas entre 01\/04\/2019 e 31\/03\/2021.<\/p>\n\n\n\n<p>Os interessados devem se dirigir aos locais de inscri\u00e7\u00e3o, munidos de documento da crian\u00e7a. Outras informa\u00e7\u00f5es podem ser obtidas pelos telefones: (11) 4639-8910, 4638-4706, 4636-1233, 4636-2175.<\/p>\n","protected":false},"excerpt":{"rendered":"<p>Vagas s\u00e3o destinadas para crian\u00e7as de 4 meses a 3 anos; per\u00edodo de inscri\u00e7\u00f5es em&#8230;<\/p>\n","protected":false},"author":1,"featured_media":20528,"comment_status":"open","ping_status":"open","sticky":false,"template":"","format":"standard","meta":{"footnotes":""},"categories":[8],"tags":[],"featured_image_urls":{"full":["https:\/\/novosaopaulo.com.br\/n1\/wp-content\/uploads\/2024\/10\/WhatsApp-Image-2024-10-10-at-12.42.45.jpeg",1280,720,false],"thumbnail":["https:\/\/novosaopaulo.com.br\/n1\/wp-content\/uploads\/2024\/10\/WhatsApp-Image-2024-10-10-at-12.42.45-150x150.jpeg",150,150,true],"medium":["https:\/\/novosaopaulo.com.br\/n1\/wp-content\/uploads\/2024\/10\/WhatsApp-Image-2024-10-10-at-12.42.45-300x169.jpeg",300,169,true],"medium_large":["https:\/\/novosaopaulo.com.br\/n1\/wp-content\/uploads\/2024\/10\/WhatsApp-Image-2024-10-10-at-12.42.45-768x432.jpeg",640,360,true],"large":["https:\/\/novosaopaulo.com.br\/n1\/wp-content\/uploads\/2024\/10\/WhatsApp-Image-2024-10-10-at-12.42.45-1024x576.jpeg",640,360,true],"1536x1536":["https:\/\/novosaopaulo.com.br\/n1\/wp-content\/uploads\/2024\/10\/WhatsApp-Image-2024-10-10-at-12.42.45.jpeg",1280,720,false],"2048x2048":["https:\/\/novosaopaulo.com.br\/n1\/wp-content\/uploads\/2024\/10\/WhatsApp-Image-2024-10-10-at-12.42.45.jpeg",1280,720,false],"newsever-slider-full":["https:\/\/novosaopaulo.com.br\/n1\/wp-content\/uploads\/2024\/10\/WhatsApp-Image-2024-10-10-at-12.42.45.jpeg",1280,720,false],"newsever-featured":["https:\/\/novosaopaulo.com.br\/n1\/wp-content\/uploads\/2024\/10\/WhatsApp-Image-2024-10-10-at-12.42.45-1024x576.jpeg",1024,576,true],"newsever-medium":["https:\/\/novosaopaulo.com.br\/n1\/wp-content\/uploads\/2024\/10\/WhatsApp-Image-2024-10-10-at-12.42.45-720x475.jpeg",720,475,true]},"author_info":{"display_name":"Reda\u00e7\u00e3o","author_link":"https:\/\/novosaopaulo.com.br\/n1\/author\/g5poa\/"},"category_info":"<a href=\"https:\/\/novosaopaulo.com.br\/n1\/category\/poa\/\" rel=\"category tag\">Po\u00e1<\/a>","tag_info":"Po\u00e1","comment_count":"0","_links":{"self":[{"href":"https:\/\/novosaopaulo.com.br\/n1\/wp-json\/wp\/v2\/posts\/20527"}],"collection":[{"href":"https:\/\/novosaopaulo.com.br\/n1\/wp-json\/wp\/v2\/posts"}],"about":[{"href":"https:\/\/novosaopaulo.com.br\/n1\/wp-json\/wp\/v2\/types\/post"}],"author":[{"embeddable":true,"href":"https:\/\/novosaopaulo.com.br\/n1\/wp-json\/wp\/v2\/users\/1"}],"replies":[{"embeddable":true,"href":"https:\/\/novosaopaulo.com.br\/n1\/wp-json\/wp\/v2\/comments?post=20527"}],"version-history":[{"count":1,"href":"https:\/\/novosaopaulo.com.br\/n1\/wp-json\/wp\/v2\/posts\/20527\/revisions"}],"predecessor-version":[{"id":20529,"href":"https:\/\/novosaopaulo.com.br\/n1\/wp-json\/wp\/v2\/posts\/20527\/revisions\/20529"}],"wp:featuredmedia":[{"embeddable":true,"href":"https:\/\/novosaopaulo.com.br\/n1\/wp-json\/wp\/v2\/media\/20528"}],"wp:attachment":[{"href":"https:\/\/novosaopaulo.com.br\/n1\/wp-json\/wp\/v2\/media?parent=20527"}],"wp:term":[{"taxonomy":"category","embeddable":true,"href":"https:\/\/novosaopaulo.com.br\/n1\/wp-json\/wp\/v2\/categories?post=20527"},{"taxonomy":"post_tag","embeddable":true,"href":"https:\/\/novosaopaulo.com.br\/n1\/wp-json\/wp\/v2\/tags?post=20527"}],"curies":[{"name":"wp","href":"https:\/\/api.w.org\/{rel}","templated":true}]}}