{"id":20423,"date":"2024-10-01T11:25:18","date_gmt":"2024-10-01T14:25:18","guid":{"rendered":"https:\/\/novosaopaulo.com.br\/n1\/?p=20423"},"modified":"2024-10-01T11:25:19","modified_gmt":"2024-10-01T14:25:19","slug":"alunos-dos-polos-culturais-da-gerando-falcoes-e-familiares-prestigiam-espetaculos-teatrais","status":"publish","type":"post","link":"https:\/\/novosaopaulo.com.br\/n1\/alunos-dos-polos-culturais-da-gerando-falcoes-e-familiares-prestigiam-espetaculos-teatrais\/","title":{"rendered":"Alunos dos Polos Culturais da Gerando Falc\u00f5es e familiares prestigiam espet\u00e1culos teatrais"},"content":{"rendered":"\n<p>Nos dias 15 de agosto e 6 de setembro, alunos das oficinas dos polos culturais da Gerando Falc\u00f5es prestigiaram duas pe\u00e7as teatrais viabilizadas pela Lei de Incentivo \u00e0 Cultura: Legalmente Loira e Shakespeare Apaixonado.<\/p>\n\n\n\n<p>Cerca de 120 participantes de oficinas como Teatro, Coral, Dan\u00e7a, Orquestra e Viol\u00e3o puderam acompanhar os espet\u00e1culos juntos de seus familiares e parentes, num esfor\u00e7o da Gerando Falc\u00f5es em viabilizar mais acessos a outras formas de manifesta\u00e7\u00e3o art\u00edstica.<\/p>\n\n\n\n<p>Inspirado na franquia cinematogr\u00e1fica com Reese Witherspoon, Legalmente Loira foi adaptada para os palcos em um musical de sucesso internacional e chegou ao Teatro Claro mais SP em julho de 2024, trazendo uma reflex\u00e3o sobre o empoderamento feminino e a misoginia.<\/p>\n\n\n\n<p>Sucesso na literatura e em grandes palcos ao redor do mundo, Shakespeare Apaixonado estreou no Brasil em formato imersivo, o que possibilitou que o p\u00fablico ficasse muito pr\u00f3ximo aos atores. O ambiente, caracterizado como a Inglaterra elisabetana do Renascimento, propiciou aos espectadores uma viagem para o s\u00e9culo XVI.<\/p>\n\n\n\n<p>Isabela dos Santos, 13 anos e aluna do Coral, foi uma das expectadoras em Legalmente Loira: \u201cAchei a pe\u00e7a extremamente interessante. Se n\u00e3o fosse por essa oportunidade, provavelmente n\u00e3o teria a chance de ir prestigiar\u201d.<\/p>\n\n\n\n<p>Gabriel Basilio, supervisor de comunica\u00e7\u00e3o, presente em Shakespeare Apaixonado: \u201cA sa\u00edda permite aos alunos e familiares maior viv\u00eancia no mundo de apresenta\u00e7\u00f5es culturais e funciona como um incentivo para continuarem nos polos culturais. Al\u00e9m disso, alguns temas dos espet\u00e1culos conversam com assuntos socioemocionais levantados nas aulas e apresenta\u00e7\u00f5es.\u201d<\/p>\n\n\n\n<p>Legalmente Loira e Shakespeare Apaixonado seguem em exibi\u00e7\u00e3o at\u00e9 dias 06 e 13 de outubro, respectivamente.<\/p>\n\n\n\n<p>Sobre a Gerando Falc\u00f5es<\/p>\n\n\n\n<p>A Gerando Falc\u00f5es \u00e9 um ecossistema de desenvolvimento social que atua para acelerar o poder de impacto de l\u00edderes de favelas de todo pa\u00eds que possuem um sonho em comum: colocar a pobreza das favelas no museu. Seu foco s\u00e3o iniciativas transformadoras, capazes de gerar resultados de longo prazo. O projeto entrega servi\u00e7os de educa\u00e7\u00e3o, desenvolvimento econ\u00f4mico e cidadania e executa programas de transforma\u00e7\u00e3o sist\u00eamica em comunidades.<\/p>\n\n\n\n<p>Os Polos Culturais da Gerando Falc\u00f5es atendem crian\u00e7as e adolescentes em vulnerabilidade social das comunidades do entorno, com oficinas de canto coral, orquestra, percuss\u00e3o, teatro, dan\u00e7a, viol\u00e3o, ballet, pintura e capoeira. Al\u00e9m disso, oferta de espet\u00e1culos, apresenta\u00e7\u00f5es musicais e workshops culturais e muito mais para as favelas e comunidades.<\/p>\n\n\n\n<p><em>Legenda: Levar os alunos a apresenta\u00e7\u00f5es art\u00edsticas integra os esfor\u00e7os dos Polos Culturais de tornar a cultura mais acess\u00edvel. \/ Foto: Gerando Falc\u00f5es<\/em><\/p>\n","protected":false},"excerpt":{"rendered":"<p>Nos dias 15 de agosto e 6 de setembro, alunos das oficinas dos polos culturais&#8230;<\/p>\n","protected":false},"author":1,"featured_media":20424,"comment_status":"open","ping_status":"open","sticky":false,"template":"","format":"standard","meta":{"footnotes":""},"categories":[2,45],"tags":[],"featured_image_urls":{"full":["https:\/\/novosaopaulo.com.br\/n1\/wp-content\/uploads\/2024\/10\/Alunos-dos-Polos-Culturais-da-Gerando-Falcoes-e-familiares-prestigiam-espetaculos-teatrais.jpg",410,308,false],"thumbnail":["https:\/\/novosaopaulo.com.br\/n1\/wp-content\/uploads\/2024\/10\/Alunos-dos-Polos-Culturais-da-Gerando-Falcoes-e-familiares-prestigiam-espetaculos-teatrais-150x150.jpg",150,150,true],"medium":["https:\/\/novosaopaulo.com.br\/n1\/wp-content\/uploads\/2024\/10\/Alunos-dos-Polos-Culturais-da-Gerando-Falcoes-e-familiares-prestigiam-espetaculos-teatrais-300x225.jpg",300,225,true],"medium_large":["https:\/\/novosaopaulo.com.br\/n1\/wp-content\/uploads\/2024\/10\/Alunos-dos-Polos-Culturais-da-Gerando-Falcoes-e-familiares-prestigiam-espetaculos-teatrais.jpg",410,308,false],"large":["https:\/\/novosaopaulo.com.br\/n1\/wp-content\/uploads\/2024\/10\/Alunos-dos-Polos-Culturais-da-Gerando-Falcoes-e-familiares-prestigiam-espetaculos-teatrais.jpg",410,308,false],"1536x1536":["https:\/\/novosaopaulo.com.br\/n1\/wp-content\/uploads\/2024\/10\/Alunos-dos-Polos-Culturais-da-Gerando-Falcoes-e-familiares-prestigiam-espetaculos-teatrais.jpg",410,308,false],"2048x2048":["https:\/\/novosaopaulo.com.br\/n1\/wp-content\/uploads\/2024\/10\/Alunos-dos-Polos-Culturais-da-Gerando-Falcoes-e-familiares-prestigiam-espetaculos-teatrais.jpg",410,308,false],"newsever-slider-full":["https:\/\/novosaopaulo.com.br\/n1\/wp-content\/uploads\/2024\/10\/Alunos-dos-Polos-Culturais-da-Gerando-Falcoes-e-familiares-prestigiam-espetaculos-teatrais.jpg",410,308,false],"newsever-featured":["https:\/\/novosaopaulo.com.br\/n1\/wp-content\/uploads\/2024\/10\/Alunos-dos-Polos-Culturais-da-Gerando-Falcoes-e-familiares-prestigiam-espetaculos-teatrais.jpg",410,308,false],"newsever-medium":["https:\/\/novosaopaulo.com.br\/n1\/wp-content\/uploads\/2024\/10\/Alunos-dos-Polos-Culturais-da-Gerando-Falcoes-e-familiares-prestigiam-espetaculos-teatrais.jpg",410,308,false]},"author_info":{"display_name":"Reda\u00e7\u00e3o","author_link":"https:\/\/novosaopaulo.com.br\/n1\/author\/g5poa\/"},"category_info":"<a href=\"https:\/\/novosaopaulo.com.br\/n1\/category\/cidades\/\" rel=\"category tag\">Cidades<\/a> <a href=\"https:\/\/novosaopaulo.com.br\/n1\/category\/cultura\/\" rel=\"category tag\">Cultura<\/a>","tag_info":"Cultura","comment_count":"0","_links":{"self":[{"href":"https:\/\/novosaopaulo.com.br\/n1\/wp-json\/wp\/v2\/posts\/20423"}],"collection":[{"href":"https:\/\/novosaopaulo.com.br\/n1\/wp-json\/wp\/v2\/posts"}],"about":[{"href":"https:\/\/novosaopaulo.com.br\/n1\/wp-json\/wp\/v2\/types\/post"}],"author":[{"embeddable":true,"href":"https:\/\/novosaopaulo.com.br\/n1\/wp-json\/wp\/v2\/users\/1"}],"replies":[{"embeddable":true,"href":"https:\/\/novosaopaulo.com.br\/n1\/wp-json\/wp\/v2\/comments?post=20423"}],"version-history":[{"count":1,"href":"https:\/\/novosaopaulo.com.br\/n1\/wp-json\/wp\/v2\/posts\/20423\/revisions"}],"predecessor-version":[{"id":20425,"href":"https:\/\/novosaopaulo.com.br\/n1\/wp-json\/wp\/v2\/posts\/20423\/revisions\/20425"}],"wp:featuredmedia":[{"embeddable":true,"href":"https:\/\/novosaopaulo.com.br\/n1\/wp-json\/wp\/v2\/media\/20424"}],"wp:attachment":[{"href":"https:\/\/novosaopaulo.com.br\/n1\/wp-json\/wp\/v2\/media?parent=20423"}],"wp:term":[{"taxonomy":"category","embeddable":true,"href":"https:\/\/novosaopaulo.com.br\/n1\/wp-json\/wp\/v2\/categories?post=20423"},{"taxonomy":"post_tag","embeddable":true,"href":"https:\/\/novosaopaulo.com.br\/n1\/wp-json\/wp\/v2\/tags?post=20423"}],"curies":[{"name":"wp","href":"https:\/\/api.w.org\/{rel}","templated":true}]}}