{"id":20356,"date":"2024-09-24T12:52:36","date_gmt":"2024-09-24T15:52:36","guid":{"rendered":"https:\/\/novosaopaulo.com.br\/n1\/?p=20356"},"modified":"2024-09-24T12:52:37","modified_gmt":"2024-09-24T15:52:37","slug":"gusttavo-lima-passa-a-ter-nome-nos-sistemas-de-alertas-da-policia-federal","status":"publish","type":"post","link":"https:\/\/novosaopaulo.com.br\/n1\/gusttavo-lima-passa-a-ter-nome-nos-sistemas-de-alertas-da-policia-federal\/","title":{"rendered":"Gusttavo Lima passa a ter nome nos sistemas de alertas da Pol\u00edcia Federal"},"content":{"rendered":"\n<p>De acordo com advogada Thais Mesquita, artista pode ser preso ao chegar no pa\u00eds e caso justi\u00e7a acione a Interpol, cantor poder\u00e1 ser preso em qualquer parte do mundo<\/p>\n\n\n\n<p>O an\u00fancio da ordem de pris\u00e3o do cantor Gusttavo Lima, expedido pela ju\u00edza Andrea Calado da Cruz, da 12\u00aa Vara Criminal do Recife, na tarde desta segunda-feira (23) foi manchete dos ve\u00edculos de imprensa do pa\u00eds. O artista deixou o Brasil na madrugada da mesma data, em um voo privado que partiu do Aeroporto de Guarulhos, em S\u00e3o Paulo, com destino a Miami, na Fl\u00f3rida (Estados Unidos), sendo que a aus\u00eancia no pa\u00eds, coloca o cantor nos sistemas de alertas da Pol\u00edcia Federal (PF), confirmando que o artista pode ser preso assim que voltar ao Brasil e passar pelo sistema de migra\u00e7\u00e3o.<\/p>\n\n\n\n<p>Na ordem de pris\u00e3o, a ju\u00edza pontua que &#8220;a coniv\u00eancia de Nivaldo Batista Lima [Gusttavo Lima] com foragidos n\u00e3o apenas compromete a integridade do sistema judicial, mas tamb\u00e9m perpetua a impunidade em um contexto de grave criminalidade&#8221;. A decis\u00e3o afirma que o artista manteve &#8220;guarida aos foragidos&#8221; e cita uma viagem em que o cantor fez para a Gr\u00e9cia com o casal Jos\u00e9 Andr\u00e9 da Rocha Neto e Aislla Sabrina Truta Henriques Rocha, s\u00f3cios da empresa de apostas Vai de Bet e investigados na opera\u00e7\u00e3o Integration que, recentemente, manteve presa a influenciadora Deolane Bezerra.<\/p>\n\n\n\n<p>\u201cO cantor viajou ao exterior em momento anterior \u00e0 decis\u00e3o e expedi\u00e7\u00e3o do mandado, ou seja, inexistia impedimento para que fosse realizada uma viagem internacional. Com a expedi\u00e7\u00e3o do mandado, caso ele n\u00e3o se entregue ou n\u00e3o haja revoga\u00e7\u00e3o da medida, poder\u00e1 ser considerado fugitivo pela justi\u00e7a brasileira e, retornando ao pa\u00eds, poder\u00e1 ser preso\u201d, explica a advogada Thais Mesquita.<\/p>\n\n\n\n<p>O caso \u00e9 investigado pela Pol\u00edcia Civil de Pernambuco, que avisou a Pol\u00edcia Federal sobre a restri\u00e7\u00e3o. \u201cNa hip\u00f3tese de seu nome ser listado na Difus\u00e3o Vermelha da Organiza\u00e7\u00e3o Internacional de Pol\u00edcia Criminal (Interpol), o cantor poder\u00e1 ser preso em qualquer local do mundo onde se encontre. Importante esclarecer que a inclus\u00e3o de seu nome na listagem n\u00e3o significa um mandado de pris\u00e3o internacional, mas sim uma solicita\u00e7\u00e3o de colabora\u00e7\u00e3o aos pa\u00edses para a captura e extradi\u00e7\u00e3o do indiv\u00edduo\u201d, finaliza a especialista jur\u00eddica.<\/p>\n\n\n<div class=\"wp-block-image\">\n<figure class=\"aligncenter size-large is-resized\"><img fetchpriority=\"high\" decoding=\"async\" width=\"1024\" height=\"682\" src=\"https:\/\/novosaopaulo.com.br\/n1\/wp-content\/uploads\/2024\/09\/WhatsApp-Image-2024-09-24-at-12.48.14-1-1024x682.jpeg\" alt=\"\" class=\"wp-image-20357\" style=\"object-fit:cover;width:400px;height:400px\" srcset=\"https:\/\/novosaopaulo.com.br\/n1\/wp-content\/uploads\/2024\/09\/WhatsApp-Image-2024-09-24-at-12.48.14-1-1024x682.jpeg 1024w, https:\/\/novosaopaulo.com.br\/n1\/wp-content\/uploads\/2024\/09\/WhatsApp-Image-2024-09-24-at-12.48.14-1-300x200.jpeg 300w, https:\/\/novosaopaulo.com.br\/n1\/wp-content\/uploads\/2024\/09\/WhatsApp-Image-2024-09-24-at-12.48.14-1-768x512.jpeg 768w, https:\/\/novosaopaulo.com.br\/n1\/wp-content\/uploads\/2024\/09\/WhatsApp-Image-2024-09-24-at-12.48.14-1-1536x1023.jpeg 1536w, https:\/\/novosaopaulo.com.br\/n1\/wp-content\/uploads\/2024\/09\/WhatsApp-Image-2024-09-24-at-12.48.14-1.jpeg 1600w\" sizes=\"(max-width: 1024px) 100vw, 1024px\" \/><\/figure><\/div>","protected":false},"excerpt":{"rendered":"<p>De acordo com advogada Thais Mesquita, artista pode ser preso ao chegar no pa\u00eds e&#8230;<\/p>\n","protected":false},"author":1,"featured_media":20358,"comment_status":"open","ping_status":"open","sticky":false,"template":"","format":"standard","meta":{"footnotes":""},"categories":[38],"tags":[],"featured_image_urls":{"full":["https:\/\/novosaopaulo.com.br\/n1\/wp-content\/uploads\/2024\/09\/WhatsApp-Image-2024-09-24-at-12.48.14.jpeg",1080,1080,false],"thumbnail":["https:\/\/novosaopaulo.com.br\/n1\/wp-content\/uploads\/2024\/09\/WhatsApp-Image-2024-09-24-at-12.48.14-150x150.jpeg",150,150,true],"medium":["https:\/\/novosaopaulo.com.br\/n1\/wp-content\/uploads\/2024\/09\/WhatsApp-Image-2024-09-24-at-12.48.14-300x300.jpeg",300,300,true],"medium_large":["https:\/\/novosaopaulo.com.br\/n1\/wp-content\/uploads\/2024\/09\/WhatsApp-Image-2024-09-24-at-12.48.14-768x768.jpeg",640,640,true],"large":["https:\/\/novosaopaulo.com.br\/n1\/wp-content\/uploads\/2024\/09\/WhatsApp-Image-2024-09-24-at-12.48.14-1024x1024.jpeg",640,640,true],"1536x1536":["https:\/\/novosaopaulo.com.br\/n1\/wp-content\/uploads\/2024\/09\/WhatsApp-Image-2024-09-24-at-12.48.14.jpeg",1080,1080,false],"2048x2048":["https:\/\/novosaopaulo.com.br\/n1\/wp-content\/uploads\/2024\/09\/WhatsApp-Image-2024-09-24-at-12.48.14.jpeg",1080,1080,false],"newsever-slider-full":["https:\/\/novosaopaulo.com.br\/n1\/wp-content\/uploads\/2024\/09\/WhatsApp-Image-2024-09-24-at-12.48.14-1080x845.jpeg",1080,845,true],"newsever-featured":["https:\/\/novosaopaulo.com.br\/n1\/wp-content\/uploads\/2024\/09\/WhatsApp-Image-2024-09-24-at-12.48.14-1024x1024.jpeg",1024,1024,true],"newsever-medium":["https:\/\/novosaopaulo.com.br\/n1\/wp-content\/uploads\/2024\/09\/WhatsApp-Image-2024-09-24-at-12.48.14-720x475.jpeg",720,475,true]},"author_info":{"display_name":"Reda\u00e7\u00e3o","author_link":"https:\/\/novosaopaulo.com.br\/n1\/author\/g5poa\/"},"category_info":"<a href=\"https:\/\/novosaopaulo.com.br\/n1\/category\/joao-costa\/\" rel=\"category tag\">Jo\u00e3o Costa<\/a>","tag_info":"Jo\u00e3o Costa","comment_count":"0","_links":{"self":[{"href":"https:\/\/novosaopaulo.com.br\/n1\/wp-json\/wp\/v2\/posts\/20356"}],"collection":[{"href":"https:\/\/novosaopaulo.com.br\/n1\/wp-json\/wp\/v2\/posts"}],"about":[{"href":"https:\/\/novosaopaulo.com.br\/n1\/wp-json\/wp\/v2\/types\/post"}],"author":[{"embeddable":true,"href":"https:\/\/novosaopaulo.com.br\/n1\/wp-json\/wp\/v2\/users\/1"}],"replies":[{"embeddable":true,"href":"https:\/\/novosaopaulo.com.br\/n1\/wp-json\/wp\/v2\/comments?post=20356"}],"version-history":[{"count":1,"href":"https:\/\/novosaopaulo.com.br\/n1\/wp-json\/wp\/v2\/posts\/20356\/revisions"}],"predecessor-version":[{"id":20359,"href":"https:\/\/novosaopaulo.com.br\/n1\/wp-json\/wp\/v2\/posts\/20356\/revisions\/20359"}],"wp:featuredmedia":[{"embeddable":true,"href":"https:\/\/novosaopaulo.com.br\/n1\/wp-json\/wp\/v2\/media\/20358"}],"wp:attachment":[{"href":"https:\/\/novosaopaulo.com.br\/n1\/wp-json\/wp\/v2\/media?parent=20356"}],"wp:term":[{"taxonomy":"category","embeddable":true,"href":"https:\/\/novosaopaulo.com.br\/n1\/wp-json\/wp\/v2\/categories?post=20356"},{"taxonomy":"post_tag","embeddable":true,"href":"https:\/\/novosaopaulo.com.br\/n1\/wp-json\/wp\/v2\/tags?post=20356"}],"curies":[{"name":"wp","href":"https:\/\/api.w.org\/{rel}","templated":true}]}}