{"id":20353,"date":"2024-09-24T10:49:27","date_gmt":"2024-09-24T13:49:27","guid":{"rendered":"https:\/\/novosaopaulo.com.br\/n1\/?p=20353"},"modified":"2024-09-24T10:49:28","modified_gmt":"2024-09-24T13:49:28","slug":"saulo-souza-sofre-ataque-com-faca-durante-caminhada-em-poa","status":"publish","type":"post","link":"https:\/\/novosaopaulo.com.br\/n1\/saulo-souza-sofre-ataque-com-faca-durante-caminhada-em-poa\/","title":{"rendered":"Saulo Souza sofre ataque com faca durante caminhada em Po\u00e1"},"content":{"rendered":"\n<p>Indiv\u00edduo deu uma facada na porta do caminh\u00e3o utilizado na campanha do candidato a prefeito no \u00faltimo s\u00e1bado (14\/09), na Vila Pereta<\/p>\n\n\n\n<p>O candidato a prefeito de Po\u00e1 Saulo Souza (PP) e sua equipe foram amea\u00e7ados por um homem armado com uma faca durante caminhada realizada no \u00faltimo s\u00e1bado (14\/09), na Vila Pereta. O indiv\u00edduo, que ainda n\u00e3o foi identificado, atingiu a porta do caminh\u00e3o utilizado na campanha com uma facada ap\u00f3s receber a informa\u00e7\u00e3o de que o prefeitur\u00e1vel estava no ve\u00edculo.<br>Saulo Souza falou sobre o ataque nesta sexta-feira (20\/09). Ele paralisou a caminhada que estava fazendo em Calmon Viana para tranquilizar a popula\u00e7\u00e3o, os apoiadores e sua equipe, al\u00e9m de apresentar o boletim de ocorr\u00eancia e a faca utilizada no ataque, que acabou sendo recuperada ap\u00f3s o acusado deix\u00e1-la cair antes de fugir.<br>\u201cAo longo dos \u00faltimos meses, tenho sido v\u00edtima de fake news, tenho sofrido s\u00e9rios ataques \u00e0 minha honra, \u00e0 minha fam\u00edlia, ao meu trabalho e \u00e0 minha carreira profissional, mas um ataque \u00e0 nossa integridade f\u00edsica \u00e9 algo ainda mais grave. Registramos o BO e vamos aguardar a investiga\u00e7\u00e3o para saber quem foi o autor e qual a sua real motiva\u00e7\u00e3o\u201d, destacou o candidato.<br>De acordo com o boletim de ocorr\u00eancia, Saulo Souza e o candidato a vice-prefeito Delegado Eliardo (PP) caminhavam com integrantes do Movimento Muda Po\u00e1 pelo bairro, conversando com moradores e apresentando seu plano de governo, quando o homem questionou para membros da equipe \u201conde est\u00e1 o prefeito?\u201d.<br>Em seguida o indiv\u00edduo foi at\u00e9 o ve\u00edculo, atingiu a porta com uma facada e fugiu. \u201cUm membro da equipe estava dirigindo o caminh\u00e3o no momento do ataque. O golpe de faca desferido atravessou a lataria\u201d, detalhou Delegado Eliardo. Segundo ele, o caso agora est\u00e1 sendo investigado pela Delegacia de Pol\u00edcia de Po\u00e1.<\/p>\n","protected":false},"excerpt":{"rendered":"<p>Indiv\u00edduo deu uma facada na porta do caminh\u00e3o utilizado na campanha do candidato a prefeito&#8230;<\/p>\n","protected":false},"author":1,"featured_media":20354,"comment_status":"open","ping_status":"open","sticky":false,"template":"","format":"standard","meta":{"footnotes":""},"categories":[8],"tags":[],"featured_image_urls":{"full":["https:\/\/novosaopaulo.com.br\/n1\/wp-content\/uploads\/2024\/09\/Saulo-Souza_ataque.jpg",1599,1066,false],"thumbnail":["https:\/\/novosaopaulo.com.br\/n1\/wp-content\/uploads\/2024\/09\/Saulo-Souza_ataque-150x150.jpg",150,150,true],"medium":["https:\/\/novosaopaulo.com.br\/n1\/wp-content\/uploads\/2024\/09\/Saulo-Souza_ataque-300x200.jpg",300,200,true],"medium_large":["https:\/\/novosaopaulo.com.br\/n1\/wp-content\/uploads\/2024\/09\/Saulo-Souza_ataque-768x512.jpg",640,427,true],"large":["https:\/\/novosaopaulo.com.br\/n1\/wp-content\/uploads\/2024\/09\/Saulo-Souza_ataque-1024x683.jpg",640,427,true],"1536x1536":["https:\/\/novosaopaulo.com.br\/n1\/wp-content\/uploads\/2024\/09\/Saulo-Souza_ataque-1536x1024.jpg",1536,1024,true],"2048x2048":["https:\/\/novosaopaulo.com.br\/n1\/wp-content\/uploads\/2024\/09\/Saulo-Souza_ataque.jpg",1599,1066,false],"newsever-slider-full":["https:\/\/novosaopaulo.com.br\/n1\/wp-content\/uploads\/2024\/09\/Saulo-Souza_ataque-1280x845.jpg",1280,845,true],"newsever-featured":["https:\/\/novosaopaulo.com.br\/n1\/wp-content\/uploads\/2024\/09\/Saulo-Souza_ataque-1024x683.jpg",1024,683,true],"newsever-medium":["https:\/\/novosaopaulo.com.br\/n1\/wp-content\/uploads\/2024\/09\/Saulo-Souza_ataque-720x475.jpg",720,475,true]},"author_info":{"display_name":"Reda\u00e7\u00e3o","author_link":"https:\/\/novosaopaulo.com.br\/n1\/author\/g5poa\/"},"category_info":"<a href=\"https:\/\/novosaopaulo.com.br\/n1\/category\/poa\/\" rel=\"category tag\">Po\u00e1<\/a>","tag_info":"Po\u00e1","comment_count":"0","_links":{"self":[{"href":"https:\/\/novosaopaulo.com.br\/n1\/wp-json\/wp\/v2\/posts\/20353"}],"collection":[{"href":"https:\/\/novosaopaulo.com.br\/n1\/wp-json\/wp\/v2\/posts"}],"about":[{"href":"https:\/\/novosaopaulo.com.br\/n1\/wp-json\/wp\/v2\/types\/post"}],"author":[{"embeddable":true,"href":"https:\/\/novosaopaulo.com.br\/n1\/wp-json\/wp\/v2\/users\/1"}],"replies":[{"embeddable":true,"href":"https:\/\/novosaopaulo.com.br\/n1\/wp-json\/wp\/v2\/comments?post=20353"}],"version-history":[{"count":1,"href":"https:\/\/novosaopaulo.com.br\/n1\/wp-json\/wp\/v2\/posts\/20353\/revisions"}],"predecessor-version":[{"id":20355,"href":"https:\/\/novosaopaulo.com.br\/n1\/wp-json\/wp\/v2\/posts\/20353\/revisions\/20355"}],"wp:featuredmedia":[{"embeddable":true,"href":"https:\/\/novosaopaulo.com.br\/n1\/wp-json\/wp\/v2\/media\/20354"}],"wp:attachment":[{"href":"https:\/\/novosaopaulo.com.br\/n1\/wp-json\/wp\/v2\/media?parent=20353"}],"wp:term":[{"taxonomy":"category","embeddable":true,"href":"https:\/\/novosaopaulo.com.br\/n1\/wp-json\/wp\/v2\/categories?post=20353"},{"taxonomy":"post_tag","embeddable":true,"href":"https:\/\/novosaopaulo.com.br\/n1\/wp-json\/wp\/v2\/tags?post=20353"}],"curies":[{"name":"wp","href":"https:\/\/api.w.org\/{rel}","templated":true}]}}