{"id":20312,"date":"2024-09-17T20:06:35","date_gmt":"2024-09-17T23:06:35","guid":{"rendered":"https:\/\/novosaopaulo.com.br\/n1\/?p=20312"},"modified":"2024-09-17T20:06:36","modified_gmt":"2024-09-17T23:06:36","slug":"saulo-souza-recebe-apoio-do-padre-gesildo-torres-na-disputa-pela-prefeitura-de-poa","status":"publish","type":"post","link":"https:\/\/novosaopaulo.com.br\/n1\/saulo-souza-recebe-apoio-do-padre-gesildo-torres-na-disputa-pela-prefeitura-de-poa\/","title":{"rendered":"Saulo Souza recebe apoio do padre Gesildo Torres na disputa pela Prefeitura de Po\u00e1"},"content":{"rendered":"\n<p>Sacerdote da Cidade Kemel, que chegou a anunciar em 2023 sua pr\u00e9-candidatura a prefeito, decidiu refor\u00e7ar o Movimento Muda Po\u00e1, liderado pelo candidato do PP<\/p>\n\n\n\n<p>O candidato a prefeito de Po\u00e1 Saulo Souza (PP) recebeu um refor\u00e7o importante na noite desta segunda-feira (16\/09) com a declara\u00e7\u00e3o p\u00fablica de apoio do padre Gesildo Torres, da Par\u00f3quia Santa Rosa de Lima, localizada na Cidade Kemel. Em reuni\u00e3o do Movimento Muda Po\u00e1, o sacerdote, que chegou a anunciar em 2023 ser pr\u00e9-candidato na disputa pela Prefeitura, destacou a import\u00e2ncia de \u201cunir for\u00e7as neste momento para evitar que cidade caia em m\u00e3os erradas.\u201d<br>Segundo o padre, Saulo Souza foi o primeiro a procur\u00e1-lo assim que decidiu retirar sua pr\u00e9-candidatura, o que chamou sua aten\u00e7\u00e3o. \u201cFoi uma atitude muito respeitosa dele. Desde ent\u00e3o, fui observando seu perfil, sua hist\u00f3ria, seu projeto e sua maneira de fazer pol\u00edtica, sem agredir, sem provocar e sem mentir. \u00c9 isso que faz nossa campanha ser diferente. Hoje declaro meu apoio, meu voto e o meu envolvimento nesse trabalho de conscientizar as pessoas de que Po\u00e1 necessita de uma mudan\u00e7a real. Nossa cidade n\u00e3o suportar\u00e1 mais uma m\u00e1 administra\u00e7\u00e3o. Po\u00e1 precisa de um prefeito equilibrado, que queira trabalhar e restaurar os anos perdidos\u201d, afirmou.<br>Para o religioso, \u00e9 fundamental que o munic\u00edpio esteja unido por um prop\u00f3sito \u00fanico para impedir que a cidade seja \u201cperdida para grupos externos, que n\u00e3o t\u00eam compromisso com a sua popula\u00e7\u00e3o e que visam interesses financeiros\u201d. Ele destaca ainda que \u00e9 poss\u00edvel fazer pol\u00edtica de forma coerente, verdadeira e sem engana\u00e7\u00e3o. \u201cEu acredito muito nesse projeto de mudan\u00e7a. \u00c9 a nossa cidade que est\u00e1 em jogo e ela tem jeito, basta que o povo queira e vote no Saulo Souza no dia 6 de outubro\u201d, declarou o sacerdote, que \u00e9 reconhecido no munic\u00edpio pelo trabalho social que desenvolve em sua par\u00f3quia.&lt; \/span&gt;<br>Para Saulo Souza, o apoio de padre Gesildo d\u00e1 ainda mais entusiasmo, for\u00e7a e coragem para sua candidatura e para o Movimento Muda Po\u00e1. O candidato, que tem como vice em sua chapa Delegado Eliardo (PP), destaca a import\u00e2ncia de reunir diferentes setores e pessoas em busca de um futuro diferente para a cidade. \u201cEsse \u00e9 mais um momento hist\u00f3rico para Po\u00e1. Estamos conseguindo reunir todas as denomina\u00e7\u00f5es, sejam comerciantes, empres\u00e1rios, cidad\u00e3o comuns, homens e mulheres, todas as cores aqui representadas. Todos unidos por um s\u00f3 um prop\u00f3sito, que \u00e9 estar de bra\u00e7os dados e na mesma dire\u00e7\u00e3o a favor da mudan\u00e7a da nossa cidade\u201d.<br>O candidato destacou ainda ser uma honra receber o apoio de quem, segundo ele, com certeza estaria \u201cocupando as primeiras coloca\u00e7\u00f5es em pesquisas eleitorais s\u00e9rias pelo seu trabalho, hist\u00f3ria, car\u00e1ter, dedica\u00e7\u00e3o e voca\u00e7\u00e3o em trabalhar por aqueles que mais precisam\u201d. Por fim, o prefeitur\u00e1vel destacou que responder\u00e1 a todos os ataques que tem recebido na campanha com mais trabalho e propostas para Po\u00e1.<br>\u201cNossa resposta ser\u00e1 sempre essa. A cada ataque uma proposta e uma boa not\u00edcia como a de hoje, onde recebemos esse refor\u00e7o hist\u00f3rico. Nosso movimento sai ainda mais grandiosos com apoio do padre Gesildo e isso s\u00f3 aumenta nossa responsabilidade, uma vez que ele est\u00e1 empenhando sua hist\u00f3ria, seu grande legado e sua credibilidade nesse projeto\u201d, finalizou.<\/p>\n","protected":false},"excerpt":{"rendered":"<p>Sacerdote da Cidade Kemel, que chegou a anunciar em 2023 sua pr\u00e9-candidatura a prefeito, decidiu&#8230;<\/p>\n","protected":false},"author":1,"featured_media":20313,"comment_status":"open","ping_status":"open","sticky":false,"template":"","format":"standard","meta":{"footnotes":""},"categories":[8],"tags":[],"featured_image_urls":{"full":["https:\/\/novosaopaulo.com.br\/n1\/wp-content\/uploads\/2024\/09\/Saulo-Souza_padre-Gesildo.jpg",692,589,false],"thumbnail":["https:\/\/novosaopaulo.com.br\/n1\/wp-content\/uploads\/2024\/09\/Saulo-Souza_padre-Gesildo-150x150.jpg",150,150,true],"medium":["https:\/\/novosaopaulo.com.br\/n1\/wp-content\/uploads\/2024\/09\/Saulo-Souza_padre-Gesildo-300x255.jpg",300,255,true],"medium_large":["https:\/\/novosaopaulo.com.br\/n1\/wp-content\/uploads\/2024\/09\/Saulo-Souza_padre-Gesildo.jpg",640,545,false],"large":["https:\/\/novosaopaulo.com.br\/n1\/wp-content\/uploads\/2024\/09\/Saulo-Souza_padre-Gesildo.jpg",640,545,false],"1536x1536":["https:\/\/novosaopaulo.com.br\/n1\/wp-content\/uploads\/2024\/09\/Saulo-Souza_padre-Gesildo.jpg",692,589,false],"2048x2048":["https:\/\/novosaopaulo.com.br\/n1\/wp-content\/uploads\/2024\/09\/Saulo-Souza_padre-Gesildo.jpg",692,589,false],"newsever-slider-full":["https:\/\/novosaopaulo.com.br\/n1\/wp-content\/uploads\/2024\/09\/Saulo-Souza_padre-Gesildo.jpg",692,589,false],"newsever-featured":["https:\/\/novosaopaulo.com.br\/n1\/wp-content\/uploads\/2024\/09\/Saulo-Souza_padre-Gesildo.jpg",692,589,false],"newsever-medium":["https:\/\/novosaopaulo.com.br\/n1\/wp-content\/uploads\/2024\/09\/Saulo-Souza_padre-Gesildo-692x475.jpg",692,475,true]},"author_info":{"display_name":"Reda\u00e7\u00e3o","author_link":"https:\/\/novosaopaulo.com.br\/n1\/author\/g5poa\/"},"category_info":"<a href=\"https:\/\/novosaopaulo.com.br\/n1\/category\/poa\/\" rel=\"category tag\">Po\u00e1<\/a>","tag_info":"Po\u00e1","comment_count":"0","_links":{"self":[{"href":"https:\/\/novosaopaulo.com.br\/n1\/wp-json\/wp\/v2\/posts\/20312"}],"collection":[{"href":"https:\/\/novosaopaulo.com.br\/n1\/wp-json\/wp\/v2\/posts"}],"about":[{"href":"https:\/\/novosaopaulo.com.br\/n1\/wp-json\/wp\/v2\/types\/post"}],"author":[{"embeddable":true,"href":"https:\/\/novosaopaulo.com.br\/n1\/wp-json\/wp\/v2\/users\/1"}],"replies":[{"embeddable":true,"href":"https:\/\/novosaopaulo.com.br\/n1\/wp-json\/wp\/v2\/comments?post=20312"}],"version-history":[{"count":1,"href":"https:\/\/novosaopaulo.com.br\/n1\/wp-json\/wp\/v2\/posts\/20312\/revisions"}],"predecessor-version":[{"id":20314,"href":"https:\/\/novosaopaulo.com.br\/n1\/wp-json\/wp\/v2\/posts\/20312\/revisions\/20314"}],"wp:featuredmedia":[{"embeddable":true,"href":"https:\/\/novosaopaulo.com.br\/n1\/wp-json\/wp\/v2\/media\/20313"}],"wp:attachment":[{"href":"https:\/\/novosaopaulo.com.br\/n1\/wp-json\/wp\/v2\/media?parent=20312"}],"wp:term":[{"taxonomy":"category","embeddable":true,"href":"https:\/\/novosaopaulo.com.br\/n1\/wp-json\/wp\/v2\/categories?post=20312"},{"taxonomy":"post_tag","embeddable":true,"href":"https:\/\/novosaopaulo.com.br\/n1\/wp-json\/wp\/v2\/tags?post=20312"}],"curies":[{"name":"wp","href":"https:\/\/api.w.org\/{rel}","templated":true}]}}