{"id":20281,"date":"2024-09-16T21:43:31","date_gmt":"2024-09-17T00:43:31","guid":{"rendered":"https:\/\/novosaopaulo.com.br\/n1\/?p=20281"},"modified":"2024-09-16T21:43:32","modified_gmt":"2024-09-17T00:43:32","slug":"saulo-souza-comemora-grande-apoio-da-populacao-de-poa-em-primeiro-mes-de-campanha","status":"publish","type":"post","link":"https:\/\/novosaopaulo.com.br\/n1\/saulo-souza-comemora-grande-apoio-da-populacao-de-poa-em-primeiro-mes-de-campanha\/","title":{"rendered":"Saulo Souza comemora grande apoio da popula\u00e7\u00e3o de Po\u00e1 em primeiro m\u00eas de campanha"},"content":{"rendered":"\n<p>Ao lado do vice, Delegado Eliardo, o candidato do PP visitou bairros e com\u00e9rcios apresentando seu plano de governo<\/p>\n\n\n\n<p>Caminhadas pelos bairros, visita aos com\u00e9rcios, presen\u00e7a na \u201cTenda da Mudan\u00e7a\u201d, participa\u00e7\u00e3o em sabatinas e adesivagem de carros e resid\u00eancias marcaram os primeiros 30 dias de campanha do candidato a prefeito de Po\u00e1 Saulo Souza (PP). Ao lado do vice em sua chapa, Delegado Eliardo (PP), ele se apresentou para a popula\u00e7\u00e3o e entregou seu plano de governo onde constam suas principais propostas para o munic\u00edpio, entre elas a instala\u00e7\u00e3o do Poupatempo da Sa\u00fade, que integrar\u00e1 uma policl\u00ednica a um centro de diagn\u00f3stico e imagem, e o \u201cPo\u00e1 Protegida\u201d, que ser\u00e1 um choque de gest\u00e3o na \u00e1rea da Seguran\u00e7a P\u00fa blica.<br>Segundo colocado na elei\u00e7\u00e3o para prefeito em 2020 e o candidato a deputado estadual mais votado da hist\u00f3ria de Po\u00e1 em 2022, Saulo Souza disponibiliza seu nome mais uma vez para o pleito de 2024. &#8220;Estamos levando nossa mensagem de mudan\u00e7a que Po\u00e1 precisa e a popula\u00e7\u00e3o tanto merece. Apresentamos nossas propostas e presenciamos em cada bairro visitado um sentimento de renova\u00e7\u00e3o por parte dos moradores. Agradecemos o acolhimento que estamos recebendo e seguiremos pelos bairros at\u00e9 elei\u00e7\u00e3o, sempre ouvindo as dores dos poaenses e levando nosso plano de governo&#8221;, destacou o prefeitur\u00e1vel, que mant\u00e9m seu comit\u00ea central na &#8220;Tenda da Mudan\u00e7a&amp;quo t;, instalada na Pra\u00e7a Latuf Cury, no centro, onde \u00e9 poss\u00edvel retirar materiais eleitorais e adesivar ve\u00edculos.<br>Juntamente com os candidatos a vereador do \u201cMovimento Muda Po\u00e1\u201d, composto pelos partidos PP, Avante, PRD e MDB, Saulo Souza tem percorrido as ruas da cidade a p\u00e9 e com o \u201cCaminh\u00e3o da Mudan\u00e7a\u201d levando tamb\u00e9m seus materiais e adesivando casas e com\u00e9rcios de moradores que apoiam sua candidatura. \u201cNossas campanhas sempre foram feitas com sola, suor e saliva e est\u00e1 sendo assim mais uma vez. Estamos visitando cada rua, porta a porta, apresentado um futuro diferente que queremos para a nossa cidade\u201d, acrescentou.<br>Com\u00e9rcio<br>Os com\u00e9rcios da regi\u00e3o central e dos bairros tamb\u00e9m receberam aten\u00e7\u00e3o especial de Saulo Souza, que fez quest\u00e3o de conversar com os lojistas, entender quais s\u00e3o suas principais necessidades e informar seus projetos para revitaliza\u00e7\u00e3o das \u00e1reas comerciais e incentivo ao setor. \u201cA uni\u00e3o de boa mentes e pessoas de atitude v\u00e3o moldar uma nova fase para o com\u00e9rcio e para as ind\u00fastrias poaenses, que v\u00e3o gerar mais emprego e renda para a nossa popula\u00e7\u00e3o\u201d, pontuou.<br>Visita<br>Tamb\u00e9m nos primeiros 30 dias de campanha, o candidato recebeu em Po\u00e1 a visita in\u00e9dita do presidente nacional do Partido Progressistas (PP), o senador Ciro Nogueira, e o presidente estadual, o deputado federal Maur\u00edcio Neves. A dupla, que esteve na cidade para fortalecer sua campanha, fez uma caminhada na feira de Calmon Viana no dia 24 de agosto. Ao lado de centenas de apoiadores, eles visitaram as barracas, conversaram com moradores do bairro e garantiram que o munic\u00edpio ter\u00e1 um olhar especial a partir de 2025. \u201cJuntos vamos colocar Po\u00e1 em um pr\u00f3ximo n\u00edvel\u201d, finalizou Saulo Souza.<\/p>\n","protected":false},"excerpt":{"rendered":"<p>Ao lado do vice, Delegado Eliardo, o candidato do PP visitou bairros e com\u00e9rcios apresentando&#8230;<\/p>\n","protected":false},"author":1,"featured_media":20282,"comment_status":"open","ping_status":"open","sticky":false,"template":"","format":"standard","meta":{"footnotes":""},"categories":[8],"tags":[],"featured_image_urls":{"full":["https:\/\/novosaopaulo.com.br\/n1\/wp-content\/uploads\/2024\/09\/saulo.jpeg",378,473,false],"thumbnail":["https:\/\/novosaopaulo.com.br\/n1\/wp-content\/uploads\/2024\/09\/saulo-150x150.jpeg",150,150,true],"medium":["https:\/\/novosaopaulo.com.br\/n1\/wp-content\/uploads\/2024\/09\/saulo-240x300.jpeg",240,300,true],"medium_large":["https:\/\/novosaopaulo.com.br\/n1\/wp-content\/uploads\/2024\/09\/saulo.jpeg",378,473,false],"large":["https:\/\/novosaopaulo.com.br\/n1\/wp-content\/uploads\/2024\/09\/saulo.jpeg",378,473,false],"1536x1536":["https:\/\/novosaopaulo.com.br\/n1\/wp-content\/uploads\/2024\/09\/saulo.jpeg",378,473,false],"2048x2048":["https:\/\/novosaopaulo.com.br\/n1\/wp-content\/uploads\/2024\/09\/saulo.jpeg",378,473,false],"newsever-slider-full":["https:\/\/novosaopaulo.com.br\/n1\/wp-content\/uploads\/2024\/09\/saulo.jpeg",378,473,false],"newsever-featured":["https:\/\/novosaopaulo.com.br\/n1\/wp-content\/uploads\/2024\/09\/saulo.jpeg",378,473,false],"newsever-medium":["https:\/\/novosaopaulo.com.br\/n1\/wp-content\/uploads\/2024\/09\/saulo.jpeg",378,473,false]},"author_info":{"display_name":"Reda\u00e7\u00e3o","author_link":"https:\/\/novosaopaulo.com.br\/n1\/author\/g5poa\/"},"category_info":"<a href=\"https:\/\/novosaopaulo.com.br\/n1\/category\/poa\/\" rel=\"category tag\">Po\u00e1<\/a>","tag_info":"Po\u00e1","comment_count":"0","_links":{"self":[{"href":"https:\/\/novosaopaulo.com.br\/n1\/wp-json\/wp\/v2\/posts\/20281"}],"collection":[{"href":"https:\/\/novosaopaulo.com.br\/n1\/wp-json\/wp\/v2\/posts"}],"about":[{"href":"https:\/\/novosaopaulo.com.br\/n1\/wp-json\/wp\/v2\/types\/post"}],"author":[{"embeddable":true,"href":"https:\/\/novosaopaulo.com.br\/n1\/wp-json\/wp\/v2\/users\/1"}],"replies":[{"embeddable":true,"href":"https:\/\/novosaopaulo.com.br\/n1\/wp-json\/wp\/v2\/comments?post=20281"}],"version-history":[{"count":1,"href":"https:\/\/novosaopaulo.com.br\/n1\/wp-json\/wp\/v2\/posts\/20281\/revisions"}],"predecessor-version":[{"id":20283,"href":"https:\/\/novosaopaulo.com.br\/n1\/wp-json\/wp\/v2\/posts\/20281\/revisions\/20283"}],"wp:featuredmedia":[{"embeddable":true,"href":"https:\/\/novosaopaulo.com.br\/n1\/wp-json\/wp\/v2\/media\/20282"}],"wp:attachment":[{"href":"https:\/\/novosaopaulo.com.br\/n1\/wp-json\/wp\/v2\/media?parent=20281"}],"wp:term":[{"taxonomy":"category","embeddable":true,"href":"https:\/\/novosaopaulo.com.br\/n1\/wp-json\/wp\/v2\/categories?post=20281"},{"taxonomy":"post_tag","embeddable":true,"href":"https:\/\/novosaopaulo.com.br\/n1\/wp-json\/wp\/v2\/tags?post=20281"}],"curies":[{"name":"wp","href":"https:\/\/api.w.org\/{rel}","templated":true}]}}