{"id":20260,"date":"2024-09-16T20:13:56","date_gmt":"2024-09-16T23:13:56","guid":{"rendered":"https:\/\/novosaopaulo.com.br\/n1\/?p=20260"},"modified":"2024-09-16T20:13:57","modified_gmt":"2024-09-16T23:13:57","slug":"flavia-verdugo-representa-contra-a-acip","status":"publish","type":"post","link":"https:\/\/novosaopaulo.com.br\/n1\/flavia-verdugo-representa-contra-a-acip\/","title":{"rendered":"Fl\u00e1via Verdugo representa contra a Acip"},"content":{"rendered":"\n<p>A candidata a prefeita de Po\u00e1 pelo PL, Fl\u00e1via Verdugo, vai representar contra a Acip, Associa\u00e7\u00e3o Comercial e Industrial de Po\u00e1, por ter a entidade divulgado uma nota p\u00fablica na qual desabona a candidata perante o eleitorado.<br>A Acip convidou Fl\u00e1via Verdugo para um podcast em sua plataforma, mas na data marcada a m\u00e3e de Fl\u00e1via passou por uma cirurgia de emerg\u00eancia e ela n\u00e3o p\u00f4de participar. Inclusive Fl\u00e1via comunicou a Acip o acontecido, explicando assim o porqu\u00ea de n\u00e3o poder aceitar o convite.<br>Para sua surpresa, a Acip postou uma nota de esclarecimento nas redes sociais com a foto de Fl\u00e1via iniciada nos seguintes termos: \u201cA Associa\u00e7\u00e3o Comercial e Industrial de Po\u00e1(Acipo\u00e1), vem esclarecer, de forma categ\u00f3rica e com a devida seriedade, que a candidata \u00e0 Prefeitura de Po\u00e1, Sra. Fl\u00e1via Verdugo, n\u00e3o demonstrou qualquer disposi\u00e7\u00e3o para reservar um momento de sua agenda para participar do programa Acipo\u00e1cast, evento de significativa relev\u00e2ncia para nossa comunidade\u201d. Prossegue a Acip dizendo que sua plataforma oferece \u201cespa\u00e7o democr\u00e1tico e transparente\u201d para os candidatos exporem suas propostas, portanto \u201ca aus\u00eancia da candidata Fl\u00e1via Verdugo representa uma oportunidade perdida de di\u00e1logo com o p\u00fablico e uma falha no cumprimento do dever de prestar contas e esclarecer suas posi\u00e7\u00f5es.\u201d A Acip ainda diz que sua recusa ao convite pode ser interpretada \u201ccomo uma falta de interesse ou desd\u00e9m para com as quest\u00f5es que afetam diretamente nossa cidade.\u201d<br>Diante disso, o departamento jur\u00eddico da campanha de Fl\u00e1via vai entrar com uma representa\u00e7\u00e3o contra a Acip pelos ataques, ofensas e falsas acusa\u00e7\u00f5es \u00e0 sua pessoa, passando ao eleitorado informa\u00e7\u00f5es mentirosas sobre o real motivo de sua aus\u00eancia.<br>Fl\u00e1via diz que Acip cita sua plataforma como democr\u00e1tica e transparente, o que \u00e9 question\u00e1vel, uma vez que essa plataforma n\u00e3o funciona dentro da sede da Acip, como se espera, mas sim dentro da f\u00e1brica de um associado, o que por si s\u00f3 j\u00e1 retira a isen\u00e7\u00e3o, a imparcialidade e a credibilidade da plataforma, mesmo assim ela teria ido se n\u00e3o fosse esse problema de ordem pessoal.<\/p>\n","protected":false},"excerpt":{"rendered":"<p>A candidata a prefeita de Po\u00e1 pelo PL, Fl\u00e1via Verdugo, vai representar contra a Acip,&#8230;<\/p>\n","protected":false},"author":1,"featured_media":20261,"comment_status":"open","ping_status":"open","sticky":false,"template":"","format":"standard","meta":{"footnotes":""},"categories":[8],"tags":[],"featured_image_urls":{"full":["https:\/\/novosaopaulo.com.br\/n1\/wp-content\/uploads\/2024\/09\/WhatsApp-Image-2024-09-16-at-19.34.10.jpeg",453,530,false],"thumbnail":["https:\/\/novosaopaulo.com.br\/n1\/wp-content\/uploads\/2024\/09\/WhatsApp-Image-2024-09-16-at-19.34.10-150x150.jpeg",150,150,true],"medium":["https:\/\/novosaopaulo.com.br\/n1\/wp-content\/uploads\/2024\/09\/WhatsApp-Image-2024-09-16-at-19.34.10-256x300.jpeg",256,300,true],"medium_large":["https:\/\/novosaopaulo.com.br\/n1\/wp-content\/uploads\/2024\/09\/WhatsApp-Image-2024-09-16-at-19.34.10.jpeg",453,530,false],"large":["https:\/\/novosaopaulo.com.br\/n1\/wp-content\/uploads\/2024\/09\/WhatsApp-Image-2024-09-16-at-19.34.10.jpeg",453,530,false],"1536x1536":["https:\/\/novosaopaulo.com.br\/n1\/wp-content\/uploads\/2024\/09\/WhatsApp-Image-2024-09-16-at-19.34.10.jpeg",453,530,false],"2048x2048":["https:\/\/novosaopaulo.com.br\/n1\/wp-content\/uploads\/2024\/09\/WhatsApp-Image-2024-09-16-at-19.34.10.jpeg",453,530,false],"newsever-slider-full":["https:\/\/novosaopaulo.com.br\/n1\/wp-content\/uploads\/2024\/09\/WhatsApp-Image-2024-09-16-at-19.34.10.jpeg",453,530,false],"newsever-featured":["https:\/\/novosaopaulo.com.br\/n1\/wp-content\/uploads\/2024\/09\/WhatsApp-Image-2024-09-16-at-19.34.10.jpeg",453,530,false],"newsever-medium":["https:\/\/novosaopaulo.com.br\/n1\/wp-content\/uploads\/2024\/09\/WhatsApp-Image-2024-09-16-at-19.34.10-453x475.jpeg",453,475,true]},"author_info":{"display_name":"Reda\u00e7\u00e3o","author_link":"https:\/\/novosaopaulo.com.br\/n1\/author\/g5poa\/"},"category_info":"<a href=\"https:\/\/novosaopaulo.com.br\/n1\/category\/poa\/\" rel=\"category tag\">Po\u00e1<\/a>","tag_info":"Po\u00e1","comment_count":"0","_links":{"self":[{"href":"https:\/\/novosaopaulo.com.br\/n1\/wp-json\/wp\/v2\/posts\/20260"}],"collection":[{"href":"https:\/\/novosaopaulo.com.br\/n1\/wp-json\/wp\/v2\/posts"}],"about":[{"href":"https:\/\/novosaopaulo.com.br\/n1\/wp-json\/wp\/v2\/types\/post"}],"author":[{"embeddable":true,"href":"https:\/\/novosaopaulo.com.br\/n1\/wp-json\/wp\/v2\/users\/1"}],"replies":[{"embeddable":true,"href":"https:\/\/novosaopaulo.com.br\/n1\/wp-json\/wp\/v2\/comments?post=20260"}],"version-history":[{"count":1,"href":"https:\/\/novosaopaulo.com.br\/n1\/wp-json\/wp\/v2\/posts\/20260\/revisions"}],"predecessor-version":[{"id":20262,"href":"https:\/\/novosaopaulo.com.br\/n1\/wp-json\/wp\/v2\/posts\/20260\/revisions\/20262"}],"wp:featuredmedia":[{"embeddable":true,"href":"https:\/\/novosaopaulo.com.br\/n1\/wp-json\/wp\/v2\/media\/20261"}],"wp:attachment":[{"href":"https:\/\/novosaopaulo.com.br\/n1\/wp-json\/wp\/v2\/media?parent=20260"}],"wp:term":[{"taxonomy":"category","embeddable":true,"href":"https:\/\/novosaopaulo.com.br\/n1\/wp-json\/wp\/v2\/categories?post=20260"},{"taxonomy":"post_tag","embeddable":true,"href":"https:\/\/novosaopaulo.com.br\/n1\/wp-json\/wp\/v2\/tags?post=20260"}],"curies":[{"name":"wp","href":"https:\/\/api.w.org\/{rel}","templated":true}]}}