{"id":20145,"date":"2024-08-29T23:43:21","date_gmt":"2024-08-30T02:43:21","guid":{"rendered":"https:\/\/novosaopaulo.com.br\/n1\/?p=20145"},"modified":"2024-08-29T23:43:21","modified_gmt":"2024-08-30T02:43:21","slug":"dr-paulo-moraes-lideranca-na-advocacia-e-compromisso-com-o-desenvolvimento-sustentavel","status":"publish","type":"post","link":"https:\/\/novosaopaulo.com.br\/n1\/dr-paulo-moraes-lideranca-na-advocacia-e-compromisso-com-o-desenvolvimento-sustentavel\/","title":{"rendered":"Dr. Paulo Moraes: Lideran\u00e7a na Advocacia e Compromisso com o Desenvolvimento Sustent\u00e1vel"},"content":{"rendered":"\n<p>O advogado, Dr. Paulo Moraes, ressaltou no in\u00edcio da entrevista que, o Instituto ODS da Amaz\u00f4nia \u00e9 a evolu\u00e7\u00e3o de uma associa\u00e7\u00e3o constitu\u00edda em 2015, que foi transformada em instituto para ampliar sua \u00e1rea de atua\u00e7\u00e3o.<br>Ainda de acordo com ele, o principal papel dessa institui\u00e7\u00e3o est\u00e1 em contribuir com o desenvolvimento sustent\u00e1vel da Amaz\u00f4nia, focando na responsabilidade socioambiental e na promo\u00e7\u00e3o de pr\u00e1ticas que respeitem a biodiversidade e as comunidades locais.<br>\u201cA transforma\u00e7\u00e3o em instituto nos permitiu atuar de maneira mais ampla e eficaz, abordando os complexos desafios socioecon\u00f4micos e ambientais da regi\u00e3o\u201d, explicou o especialista Dr. Paulo Moraes.<br>O advogado ressaltou tamb\u00e9m que, os objetivos de Desenvolvimento Sustent\u00e1vel (ODS) representam um plano de a\u00e7\u00e3o global para enfrentar alguns dos maiores desafios do nosso tempo. Eles visam eliminar a pobreza extrema e a fome, bem como, oferecer educa\u00e7\u00e3o de qualidade ao longo da vida para todos, proteger o planeta e promover sociedades pac\u00edficas e inclusivas at\u00e9 o ano de 2030. \u201cAo alinhar nossos projetos aos ODS, conseguimos impactar positivamente a vida das pessoas, oferecendo solu\u00e7\u00f5es sustent\u00e1veis que melhoram suas condi\u00e7\u00f5es de vida e promovem a justi\u00e7a social\u201d.<br>Segundo ele, entre suas principais conquistas est\u00e1 a cria\u00e7\u00e3o do podcast &#8220;Pra Fazer Direito&#8221;, que tem sido uma ferramenta poderosa para educar e informar a popula\u00e7\u00e3o sobre seus direitos. Al\u00e9m disso, ele tem participado de diversos projetos que promovem os ODS, envolvendo comunidades locais e incentivando pr\u00e1ticas sustent\u00e1veis.<br>Dr. Paulo Moraes destacou: \u201cPara o futuro, planejamos expandir nossas atividades, desenvolvendo novas parcerias e projetos que possam gerar ainda mais impacto positivo na regi\u00e3o amaz\u00f4nica.\u201d<br>Para Moraes, n\u00e3o tem sido f\u00e1cil implementar as a\u00e7\u00f5es dos ODS, pois um dos maiores desafios \u00e9 alinhar interesses diversos, que muitas vezes, incluem fatores econ\u00f4micos e pol\u00edticos conflitantes. Al\u00e9m disso, garantir o engajamento das comunidades e o apoio cont\u00ednuo de parceiros e investidores \u00e9 essencial para o sucesso dos projetos.<br>\u201cA conscientiza\u00e7\u00e3o e educa\u00e7\u00e3o s\u00e3o ferramentas fundamentais para superar esses desafios\u201d, afirmou o advogado.<br>Ainda na avalia\u00e7\u00e3o do especialista, defender a sustentabilidade em um cen\u00e1rio de interesses econ\u00f4micos e pol\u00edticos variados \u00e9 um grande desafio. No entanto, ele acredita que \u00e9 poss\u00edvel encontrar um equil\u00edbrio entre desenvolvimento econ\u00f4mico e preserva\u00e7\u00e3o Ambiental porque o trabalho envolve negociar e colaborar com diferentes setores para implementar pr\u00e1ticas que beneficiem tanto a economia quanto o meio ambiente. Ela ressaltou que a solu\u00e7\u00e3o \u00e9 promover o di\u00e1logo e a conscientiza\u00e7\u00e3o sobre a import\u00e2ncia da sustentabilidade para o futuro do pa\u00eds\u201d.<br>J\u00e1 em rela\u00e7\u00e3o ao seu podcast &#8220;Pra Fazer Direito&#8221;, o Dr. Paulo Moraes, ressaltou: \u201cFoi um projeto idealizado para democratizar o acesso \u00e0 informa\u00e7\u00e3o jur\u00eddica. Meu objetivo \u00e9 tornar o conhecimento jur\u00eddico acess\u00edvel a todos, ajudando a popula\u00e7\u00e3o a entender os seus direitos e deveres de maneira clara e objetiva.<br>Ele comentou ainda que, atrav\u00e9s do podcast, da discuss\u00e3o de temas relevantes, com especialistas, h\u00e1 o fomento de debates que esclarecem d\u00favidas e empoderam os ouvintes. Clique aqui.<br>Dr. Paulo Moraes acrescentou tamb\u00e9m que, no podcast, ele tem o privil\u00e9gio de entrevistar uma ampla gama de especialistas, incluindo ministros do Supremo Tribunal Federal (STF), ministros do Superior Tribunal de Justi\u00e7a (STJ), ministros do Tribunal Superior do Trabalho (TST), subprocuradores da Rep\u00fablica, al\u00e9m de advogados, promotores e ju\u00edzes.<br>Para o especialista, essas conversas de alto n\u00edvel enriquecem as discuss\u00f5es e oferecem uma vis\u00e3o privilegiada sobre temas jur\u00eddicos e sociais relevantes. Ele enfatizou que o podcast \u00e9 imprescind\u00edvel para o trabalho social ele desenvolve, pois engaja a popula\u00e7\u00e3o em quest\u00f5es importantes e promove uma maior compreens\u00e3o e respeito pelos direitos e deveres de cada cidad\u00e3o.<br>No que se refere a sua fun\u00e7\u00e3o como advogado ele enfatizou: \u201cMinha atua\u00e7\u00e3o como advogado especializado em Direito Penal Econ\u00f4mico \u00e9 marcada por um enfoque multidisciplinar, essencial para a defesa eficaz em casos de alta complexidade. Trabalhamos com um sistema preventivo, focado na implementa\u00e7\u00e3o de programas de Compliance que garantem a conformidade legal e \u00e9tica das empresas\u201d.<br>Na an\u00e1lise dele, para apoiar essa abordagem preventiva, desenvolvemos uma universidade corporativa, que serve como uma ferramenta educativa para treinar e capacitar colaboradores sobre pr\u00e1ticas de \u201cCompliance\u201d e conduta \u00e9tica. Esse enfoque preventivo \u00e9 fundamental, pois permite identificar e mitigar riscos antes que se tornem problemas jur\u00eddicos, protegendo as empresas e seus colaboradores de potenciais implica\u00e7\u00f5es penais. Para garantir que ele ofere\u00e7a uma defesa de excel\u00eancia, continua se atualizando e se aprofundando nos conhecimentos necess\u00e1rios.<br>Dr. Paulo Moraes salientou: \u201cAtualmente, estou cursando especializa\u00e7\u00e3o no IDP (Instituto Brasileiro de Ensino, Desenvolvimento e Pesquisa) em Bras\u00edlia, o que me proporciona uma vis\u00e3o mais profunda e atualizada sobre as mudan\u00e7as e tend\u00eancias no Direito Penal Econ\u00f4mico. \u201cA forma\u00e7\u00e3o cont\u00ednua \u00e9 crucial, pois o cen\u00e1rio jur\u00eddico est\u00e1 em constante evolu\u00e7\u00e3o, e apenas com um conhecimento atualizado posso garantir uma defesa robusta e alinhada com as melhores pr\u00e1ticas jur\u00eddicas\u201d.<br>No tocante ao futuro, Dr. Paulo Moraes, disse que as suas perspectivas incluem continuar expandindo minhas atividades na advocacia, nos neg\u00f3cios e no campo social. \u201cPretendo intensificar nossos esfor\u00e7os no Instituto ODS da Amaz\u00f4nia, buscando novas parcerias e projetos que possam gerar impactos ainda maiores. Al\u00e9m disso, desejo continuar educando e informando a popula\u00e7\u00e3o atrav\u00e9s do podcast, contribuindo para uma sociedade mais justa e consciente dos seus direitos e deveres\u201d.<br>\u201cCom um olhar vision\u00e1rio e comprometido, Dr. Paulo Moraes segue como uma figura de destaque na promo\u00e7\u00e3o da justi\u00e7a e do desenvolvimento sustent\u00e1vel, alinhando sua pr\u00e1tica jur\u00eddica com uma profunda responsabilidade social\u201d, concluiu.<\/p>\n\n\n\n<p>Sobre<\/p>\n\n\n\n<p>Dr. Paulo Moraes \u00e9 advogado especialista em Direito Penal Econ\u00f4mico, \u00e9 estudioso do conhecimento sobre crimes econ\u00f4micos, criou o podcast @prafazerdireitopodcast, para tornar esse tema acess\u00edvel e fundou o Instituto do ODS da Amaz\u00f4nia para promover sustentabilidade na regi\u00e3o. Convido voc\u00ea a se juntar a n\u00f3s nessa jornada de conhecimento e transforma\u00e7\u00e3o.\u201d. Clique: https:\/\/escritorio.paulomoraes.adv.br\/<\/p>\n","protected":false},"excerpt":{"rendered":"<p>O advogado, Dr. Paulo Moraes, ressaltou no in\u00edcio da entrevista que, o Instituto ODS da&#8230;<\/p>\n","protected":false},"author":1,"featured_media":20146,"comment_status":"open","ping_status":"open","sticky":false,"template":"","format":"standard","meta":{"footnotes":""},"categories":[38],"tags":[],"featured_image_urls":{"full":["https:\/\/novosaopaulo.com.br\/n1\/wp-content\/uploads\/2024\/08\/WhatsApp-Image-2024-08-29-at-17.30.11.jpeg",800,801,false],"thumbnail":["https:\/\/novosaopaulo.com.br\/n1\/wp-content\/uploads\/2024\/08\/WhatsApp-Image-2024-08-29-at-17.30.11-150x150.jpeg",150,150,true],"medium":["https:\/\/novosaopaulo.com.br\/n1\/wp-content\/uploads\/2024\/08\/WhatsApp-Image-2024-08-29-at-17.30.11-300x300.jpeg",300,300,true],"medium_large":["https:\/\/novosaopaulo.com.br\/n1\/wp-content\/uploads\/2024\/08\/WhatsApp-Image-2024-08-29-at-17.30.11-768x769.jpeg",640,641,true],"large":["https:\/\/novosaopaulo.com.br\/n1\/wp-content\/uploads\/2024\/08\/WhatsApp-Image-2024-08-29-at-17.30.11.jpeg",640,641,false],"1536x1536":["https:\/\/novosaopaulo.com.br\/n1\/wp-content\/uploads\/2024\/08\/WhatsApp-Image-2024-08-29-at-17.30.11.jpeg",800,801,false],"2048x2048":["https:\/\/novosaopaulo.com.br\/n1\/wp-content\/uploads\/2024\/08\/WhatsApp-Image-2024-08-29-at-17.30.11.jpeg",800,801,false],"newsever-slider-full":["https:\/\/novosaopaulo.com.br\/n1\/wp-content\/uploads\/2024\/08\/WhatsApp-Image-2024-08-29-at-17.30.11.jpeg",800,801,false],"newsever-featured":["https:\/\/novosaopaulo.com.br\/n1\/wp-content\/uploads\/2024\/08\/WhatsApp-Image-2024-08-29-at-17.30.11.jpeg",800,801,false],"newsever-medium":["https:\/\/novosaopaulo.com.br\/n1\/wp-content\/uploads\/2024\/08\/WhatsApp-Image-2024-08-29-at-17.30.11-720x475.jpeg",720,475,true]},"author_info":{"display_name":"Reda\u00e7\u00e3o","author_link":"https:\/\/novosaopaulo.com.br\/n1\/author\/g5poa\/"},"category_info":"<a href=\"https:\/\/novosaopaulo.com.br\/n1\/category\/joao-costa\/\" rel=\"category tag\">Jo\u00e3o Costa<\/a>","tag_info":"Jo\u00e3o Costa","comment_count":"0","_links":{"self":[{"href":"https:\/\/novosaopaulo.com.br\/n1\/wp-json\/wp\/v2\/posts\/20145"}],"collection":[{"href":"https:\/\/novosaopaulo.com.br\/n1\/wp-json\/wp\/v2\/posts"}],"about":[{"href":"https:\/\/novosaopaulo.com.br\/n1\/wp-json\/wp\/v2\/types\/post"}],"author":[{"embeddable":true,"href":"https:\/\/novosaopaulo.com.br\/n1\/wp-json\/wp\/v2\/users\/1"}],"replies":[{"embeddable":true,"href":"https:\/\/novosaopaulo.com.br\/n1\/wp-json\/wp\/v2\/comments?post=20145"}],"version-history":[{"count":1,"href":"https:\/\/novosaopaulo.com.br\/n1\/wp-json\/wp\/v2\/posts\/20145\/revisions"}],"predecessor-version":[{"id":20147,"href":"https:\/\/novosaopaulo.com.br\/n1\/wp-json\/wp\/v2\/posts\/20145\/revisions\/20147"}],"wp:featuredmedia":[{"embeddable":true,"href":"https:\/\/novosaopaulo.com.br\/n1\/wp-json\/wp\/v2\/media\/20146"}],"wp:attachment":[{"href":"https:\/\/novosaopaulo.com.br\/n1\/wp-json\/wp\/v2\/media?parent=20145"}],"wp:term":[{"taxonomy":"category","embeddable":true,"href":"https:\/\/novosaopaulo.com.br\/n1\/wp-json\/wp\/v2\/categories?post=20145"},{"taxonomy":"post_tag","embeddable":true,"href":"https:\/\/novosaopaulo.com.br\/n1\/wp-json\/wp\/v2\/tags?post=20145"}],"curies":[{"name":"wp","href":"https:\/\/api.w.org\/{rel}","templated":true}]}}