{"id":20116,"date":"2024-08-28T18:44:40","date_gmt":"2024-08-28T21:44:40","guid":{"rendered":"https:\/\/novosaopaulo.com.br\/n1\/?p=20116"},"modified":"2024-08-28T18:44:42","modified_gmt":"2024-08-28T21:44:42","slug":"responsavel-pela-elucidacao-do-caso-delegado-eliardo-avalia-condenacao-de-pai-que-matou-filhos-adotivos","status":"publish","type":"post","link":"https:\/\/novosaopaulo.com.br\/n1\/responsavel-pela-elucidacao-do-caso-delegado-eliardo-avalia-condenacao-de-pai-que-matou-filhos-adotivos\/","title":{"rendered":"Respons\u00e1vel pela elucida\u00e7\u00e3o do caso, Delegado Eliardo avalia condena\u00e7\u00e3o de pai que matou filhos adotivos"},"content":{"rendered":"\n<p>Ricardo Reis de Faria Vieira, preso no dia do crime, pegou 67 anos de pris\u00e3o por tripo homic\u00eddio qualificado<\/p>\n\n\n\n<p>O crime que ganhou repercuss\u00e3o nacional vem 2021 com a morte de tr\u00eas crian\u00e7as carbonizadas em Po\u00e1 teve seu desfecho no \u00faltimo dia 23, com a condena\u00e7\u00e3o a 67 anos de pris\u00e3o do autor e pai adotivo das v\u00edtimas, Ricardo Reis de Faria Vieira. Respons\u00e1vel por elucidar o caso e pela pris\u00e3o do acusado na \u00e9poca, o Delegado Eliardo, que atualmente \u00e9 candidato a vice-prefeito ao lado de Saulo Souza (PP) na disputa pela prefeitura da cidade, avaliou o resultado do julgamento e classificou a pena como justa.<br>Um dos pais adotivos das duas crian\u00e7as, Gabriel, de 9 anos, e Lorenzo, de 2, e da adolescente Fernanda Ver\u00f4nica, de 14 anos, mortos carbonizados em um inc\u00eandio dentro de casa na regi\u00e3o central de Po\u00e1, Vieira foi apontado como o respons\u00e1vel pelo crime, conforme inqu\u00e9rito policial presidido pelo Delegado Eliardo e que tramitou na circunscri\u00e7\u00e3o da Delegacia de Pol\u00edcia de Po\u00e1.<br>A pris\u00e3o do criminoso foi pedida pelo Delegado Eliardo no mesmo dia do crime em fun\u00e7\u00e3o de inconsist\u00eancias no seu depoimento. \u201cNa \u00e9poca foram realizadas duas per\u00edcias no local para saber onde come\u00e7ou o fogo, al\u00e9m da coleta de depoimentos. O acusado sugeriu tr\u00eas possibilidades para o in\u00edcio das chamas. Chamou nossa aten\u00e7\u00e3o tamb\u00e9m o fato do quarto das v\u00edtimas estar trancado e do beb\u00ea, que normalmente n\u00e3o dormia naquele c\u00f4modo, estar no local\u201d, detalhou.<br>Para ele, a condena\u00e7\u00e3o foi justa em raz\u00e3o da gravidade do crime. \u201cFoi um caso que chocou a popula\u00e7\u00e3o e ganhou destaque n\u00e3o apenas na regi\u00e3o, mas no Brasil. A justi\u00e7a foi feita e n\u00f3s ficamos satisfeitos em saber que o trabalho de investiga\u00e7\u00e3o feito pela Delegacia de Po\u00e1 foi essencial para a solu\u00e7\u00e3o desse crime\u201d, finalizou.<br>Outros casos<br>Al\u00e9m do caso envolvendo a morte das crian\u00e7as, outros crimes foram solucionados e pris\u00f5es efetuadas a partir da atua\u00e7\u00e3o da Pol\u00edcia Civil de Po\u00e1, como a de uma das principais lideran\u00e7as de uma importante fac\u00e7\u00e3o criminosas do Brasil em um condom\u00ednio de luxo em Mogi das Cruzes.<br>A a\u00e7\u00e3o foi um desdobramento da Opera\u00e7\u00e3o Eclesia, realizada entre 2022 e 2023 e comandada tamb\u00e9m pelo Delegado Eliardo. O trabalho de investiga\u00e7\u00e3o, que durou quase um ano, combateu os crimes de organiza\u00e7\u00e3o criminosa, tr\u00e1fico de drogas, lavagem de dinheiro, jogo de azar e porte ilegal de arma de fogo.<br>A megaopera\u00e7\u00e3o resultou na pris\u00e3o de 57 criminosos integrantes do PCC, no cumprimento de 70 mandados de busca e apreens\u00e3o domiciliar, tr\u00eas flagrantes de tr\u00e1fico de drogas, porte ilegal de arma de fogo e muni\u00e7\u00e3o, al\u00e9m da apreens\u00e3o de dois fuzis, mais de 30 quilos de droga, sete camisas com o logo da Pol\u00edcia Federal, aproximadamente 30 celulares, centenas de muni\u00e7\u00f5es e a quantia de R$ 23 mil<br>O trabalho de investiga\u00e7\u00e3o realizado pela Delegacia de Po\u00e1 e liderado pelo Delegado Eliardo rendeu elogios por parte da ju\u00edza da Vara Criminal da cidade na \u00e9poca e do ent\u00e3o ouvidor das Pol\u00edcias do Estado, al\u00e9m de ter sido objeto de homenagem do Conselho Comunit\u00e1rio de Seguran\u00e7a (Conseg) de Po\u00e1.<\/p>\n","protected":false},"excerpt":{"rendered":"<p>Ricardo Reis de Faria Vieira, preso no dia do crime, pegou 67 anos de pris\u00e3o&#8230;<\/p>\n","protected":false},"author":1,"featured_media":20117,"comment_status":"open","ping_status":"open","sticky":false,"template":"","format":"standard","meta":{"footnotes":""},"categories":[8],"tags":[],"featured_image_urls":{"full":["https:\/\/novosaopaulo.com.br\/n1\/wp-content\/uploads\/2024\/08\/WhatsApp-Image-2024-08-28-at-15.34.44.jpeg",1600,1066,false],"thumbnail":["https:\/\/novosaopaulo.com.br\/n1\/wp-content\/uploads\/2024\/08\/WhatsApp-Image-2024-08-28-at-15.34.44-150x150.jpeg",150,150,true],"medium":["https:\/\/novosaopaulo.com.br\/n1\/wp-content\/uploads\/2024\/08\/WhatsApp-Image-2024-08-28-at-15.34.44-300x200.jpeg",300,200,true],"medium_large":["https:\/\/novosaopaulo.com.br\/n1\/wp-content\/uploads\/2024\/08\/WhatsApp-Image-2024-08-28-at-15.34.44-768x512.jpeg",640,427,true],"large":["https:\/\/novosaopaulo.com.br\/n1\/wp-content\/uploads\/2024\/08\/WhatsApp-Image-2024-08-28-at-15.34.44-1024x682.jpeg",640,426,true],"1536x1536":["https:\/\/novosaopaulo.com.br\/n1\/wp-content\/uploads\/2024\/08\/WhatsApp-Image-2024-08-28-at-15.34.44-1536x1023.jpeg",1536,1023,true],"2048x2048":["https:\/\/novosaopaulo.com.br\/n1\/wp-content\/uploads\/2024\/08\/WhatsApp-Image-2024-08-28-at-15.34.44.jpeg",1600,1066,false],"newsever-slider-full":["https:\/\/novosaopaulo.com.br\/n1\/wp-content\/uploads\/2024\/08\/WhatsApp-Image-2024-08-28-at-15.34.44-1280x845.jpeg",1280,845,true],"newsever-featured":["https:\/\/novosaopaulo.com.br\/n1\/wp-content\/uploads\/2024\/08\/WhatsApp-Image-2024-08-28-at-15.34.44-1024x682.jpeg",1024,682,true],"newsever-medium":["https:\/\/novosaopaulo.com.br\/n1\/wp-content\/uploads\/2024\/08\/WhatsApp-Image-2024-08-28-at-15.34.44-720x475.jpeg",720,475,true]},"author_info":{"display_name":"Reda\u00e7\u00e3o","author_link":"https:\/\/novosaopaulo.com.br\/n1\/author\/g5poa\/"},"category_info":"<a href=\"https:\/\/novosaopaulo.com.br\/n1\/category\/poa\/\" rel=\"category tag\">Po\u00e1<\/a>","tag_info":"Po\u00e1","comment_count":"0","_links":{"self":[{"href":"https:\/\/novosaopaulo.com.br\/n1\/wp-json\/wp\/v2\/posts\/20116"}],"collection":[{"href":"https:\/\/novosaopaulo.com.br\/n1\/wp-json\/wp\/v2\/posts"}],"about":[{"href":"https:\/\/novosaopaulo.com.br\/n1\/wp-json\/wp\/v2\/types\/post"}],"author":[{"embeddable":true,"href":"https:\/\/novosaopaulo.com.br\/n1\/wp-json\/wp\/v2\/users\/1"}],"replies":[{"embeddable":true,"href":"https:\/\/novosaopaulo.com.br\/n1\/wp-json\/wp\/v2\/comments?post=20116"}],"version-history":[{"count":1,"href":"https:\/\/novosaopaulo.com.br\/n1\/wp-json\/wp\/v2\/posts\/20116\/revisions"}],"predecessor-version":[{"id":20118,"href":"https:\/\/novosaopaulo.com.br\/n1\/wp-json\/wp\/v2\/posts\/20116\/revisions\/20118"}],"wp:featuredmedia":[{"embeddable":true,"href":"https:\/\/novosaopaulo.com.br\/n1\/wp-json\/wp\/v2\/media\/20117"}],"wp:attachment":[{"href":"https:\/\/novosaopaulo.com.br\/n1\/wp-json\/wp\/v2\/media?parent=20116"}],"wp:term":[{"taxonomy":"category","embeddable":true,"href":"https:\/\/novosaopaulo.com.br\/n1\/wp-json\/wp\/v2\/categories?post=20116"},{"taxonomy":"post_tag","embeddable":true,"href":"https:\/\/novosaopaulo.com.br\/n1\/wp-json\/wp\/v2\/tags?post=20116"}],"curies":[{"name":"wp","href":"https:\/\/api.w.org\/{rel}","templated":true}]}}