{"id":19985,"date":"2024-08-22T00:52:37","date_gmt":"2024-08-22T03:52:37","guid":{"rendered":"https:\/\/novosaopaulo.com.br\/n1\/?p=19985"},"modified":"2024-08-22T00:53:51","modified_gmt":"2024-08-22T03:53:51","slug":"conheca-os-candidatos-e-vice-para-prefeitura-de-poa","status":"publish","type":"post","link":"https:\/\/novosaopaulo.com.br\/n1\/conheca-os-candidatos-e-vice-para-prefeitura-de-poa\/","title":{"rendered":"Conhe\u00e7a os Candidatos e vice para prefeitura de Po\u00e1"},"content":{"rendered":"\n<p>Carlos Setsuo \u2013 PSDB \u2013 45<\/p>\n\n\n\n<p>Vice: Vin\u00edcius Macedo<\/p>\n\n\n\n<p>Slogan: Po\u00e1 em boas m\u00e3os<\/p>\n\n\n\n<p>Carlos Setsuo Mutou tem 60 anos, \u00e9 casado e reside em Po\u00e1. Formado em Direito pela Universidade de Mogi das Cruzes, \u00e9 investigador de Pol\u00edcia do GOE &#8211; Grupo de Opera\u00e7\u00f5es Especiais \u2013 e policial do GRT \u2013 Grupo de Responsabilidades T\u00e1ticas \u2013 atuando na macrorregi\u00e3o de Mogi das Cruzes.<br>Ap\u00f3s servir o Ex\u00e9rcito de 1983 a 1986, foi policial militar entre 1988 e 2001, investigador de pol\u00edcia de S\u00e3o Paulo, licenciando-se do cargo entre 2009 e 2020, per\u00edodo em que exerceu as seguintes atividades em Po\u00e1: Comandante da GCM, Secret\u00e1rio de Seguran\u00e7a, Secret\u00e1rio de Meio Ambiente; presidente do Plano Municipal de Desenvolvimento Integrado, Diretor de Postura, Diretor da C\u00e2mara Municipal, Diretor de Tr\u00e2nsito, Conselheiro Gestor da APA V\u00e1rzea do Tiet\u00ea e vice-presidente da C\u00e2mara T\u00e9cnica do Condemat.<br>Possui cursos de opera\u00e7\u00e3o de armas, patrulhamento de fronteiras, utiliza\u00e7\u00e3o de explosivos, sistema penitenci\u00e1rio, opera\u00e7\u00f5es em \u00e1reas urbanas e outros. Participou de palestras no Consulado Geral de Israel sobre conflitos no Oriente M\u00e9dio e terrorismo global.<\/p>\n\n\n\n<figure class=\"wp-block-image size-full\"><img fetchpriority=\"high\" decoding=\"async\" width=\"298\" height=\"448\" src=\"https:\/\/novosaopaulo.com.br\/n1\/wp-content\/uploads\/2024\/08\/WhatsApp-Image-2024-08-21-at-23.13.42-1.jpeg\" alt=\"\" class=\"wp-image-19992\" srcset=\"https:\/\/novosaopaulo.com.br\/n1\/wp-content\/uploads\/2024\/08\/WhatsApp-Image-2024-08-21-at-23.13.42-1.jpeg 298w, https:\/\/novosaopaulo.com.br\/n1\/wp-content\/uploads\/2024\/08\/WhatsApp-Image-2024-08-21-at-23.13.42-1-200x300.jpeg 200w\" sizes=\"(max-width: 298px) 100vw, 298px\" \/><\/figure>\n\n\n\n<p><\/p>\n\n\n\n<p><\/p>\n\n\n\n<p>Fl\u00e1via Verdugo \u2013 PL \u2013 22<\/p>\n\n\n\n<p>Vice: Ant\u00f4nio Guarinho<\/p>\n\n\n\n<p>Slogan: Po\u00e1 est\u00e1 no cora\u00e7\u00e3o da nossa gente<\/p>\n\n\n\n<p>Fl\u00e1via Verdugo, 36 anos, iniciou sua carreira profissional na Prefeitura de Po\u00e1 em 2014 como assistente social concursada. Trabalhou ainda no Iamspe e na Prefeitura de S\u00e3o Paulo na gest\u00e3o de casos e atendimentos psiqui\u00e1tricos.<br>Formou-se na PUC SP e fez mestrado na USP na \u00e1rea de Neurologia e Ci\u00eancias da Sa\u00fade. \u00c9 psicanalista certificada pela Sociedade Brasileira de Psican\u00e1lise. Foi convidada pelo prefeito de Suzano, Rodrigo Ashiuchi, a comandar a Diretoria de Aten\u00e7\u00e3o \u00e0 Sa\u00fade e atualmente gerencia 24 Unidades B\u00e1sicas de Sa\u00fade, Odontologia, Educa\u00e7\u00e3o Permanente, Assist\u00eancia Farmac\u00eautica e redes voltadas para as v\u00edtimas de viol\u00eancia dom\u00e9stica, sa\u00fade mental e pessoas com defici\u00eancias.<br>Sua atua\u00e7\u00e3o chamou a aten\u00e7\u00e3o do deputado federal M\u00e1rcio Alvino e do deputado estadual e presidente da Alesp, Andr\u00e9 do Prado, que a convidaram para presidir o PL de Po\u00e1, onde foi escolhida como candidata do partido.<\/p>\n\n\n\n<figure class=\"wp-block-image size-full\"><img decoding=\"async\" width=\"453\" height=\"530\" src=\"https:\/\/novosaopaulo.com.br\/n1\/wp-content\/uploads\/2024\/08\/WhatsApp-Image-2024-08-21-at-23.15.34.jpeg\" alt=\"\" class=\"wp-image-19987\" srcset=\"https:\/\/novosaopaulo.com.br\/n1\/wp-content\/uploads\/2024\/08\/WhatsApp-Image-2024-08-21-at-23.15.34.jpeg 453w, https:\/\/novosaopaulo.com.br\/n1\/wp-content\/uploads\/2024\/08\/WhatsApp-Image-2024-08-21-at-23.15.34-256x300.jpeg 256w\" sizes=\"(max-width: 453px) 100vw, 453px\" \/><\/figure>\n\n\n\n<p><\/p>\n\n\n\n<p><\/p>\n\n\n\n<p>Franklin Valdemar \u2013 Psol \u2013 50<\/p>\n\n\n\n<p>Vice: N\u00e9lson Bueno<\/p>\n\n\n\n<p>Slogan: E se Po\u00e1 fosse nossa?<\/p>\n\n\n\n<p>Franklin Valdemar do Nascimento \u00e9 conhecido em Po\u00e1 como Professor Franklin. Tem 39 anos e \u00e9 casado com a contadora Paloma.<br>\u00c9 professor e vice-diretor da rede municipal de ensino. \u00c9 p\u00f3s-graduado em Educa\u00e7\u00e3o Matem\u00e1tica. Tamb\u00e9m \u00e9 presidente da APEP, Associa\u00e7\u00e3o dos Professores em Educa\u00e7\u00e3o de Po\u00e1. H\u00e1 mais de 20 anos atua na \u00e1rea da Educa\u00e7\u00e3o, liderando lutas em defesa dos direitos dos servidores p\u00fablicos da cidade e contra fechamento de escolas e terceiriza\u00e7\u00e3o do Hospital do Jardim Medina.<br>\u00c9 militante sindical e foi vereador em Po\u00e1, defendendo o Or\u00e7amento Participativo. Ainda assumiu a presid\u00eancia do Conselho do Fundeb em 2019 e 2021. Seu vice, N\u00e9lson Bueno, professor e diretor aposentado, foi vereador em Po\u00e1 e participou da \u00faltima elei\u00e7\u00e3o como candidato a prefeito.<\/p>\n\n\n\n<figure class=\"wp-block-image size-large\"><img decoding=\"async\" width=\"1024\" height=\"630\" src=\"https:\/\/novosaopaulo.com.br\/n1\/wp-content\/uploads\/2024\/08\/WhatsApp-Image-2024-08-21-at-23.16.59-1024x630.jpeg\" alt=\"\" class=\"wp-image-19988\" srcset=\"https:\/\/novosaopaulo.com.br\/n1\/wp-content\/uploads\/2024\/08\/WhatsApp-Image-2024-08-21-at-23.16.59-1024x630.jpeg 1024w, https:\/\/novosaopaulo.com.br\/n1\/wp-content\/uploads\/2024\/08\/WhatsApp-Image-2024-08-21-at-23.16.59-300x184.jpeg 300w, https:\/\/novosaopaulo.com.br\/n1\/wp-content\/uploads\/2024\/08\/WhatsApp-Image-2024-08-21-at-23.16.59-768x472.jpeg 768w, https:\/\/novosaopaulo.com.br\/n1\/wp-content\/uploads\/2024\/08\/WhatsApp-Image-2024-08-21-at-23.16.59.jpeg 1080w\" sizes=\"(max-width: 1024px) 100vw, 1024px\" \/><\/figure>\n\n\n\n<p><\/p>\n\n\n\n<p><\/p>\n\n\n\n<p>Geraldinho do Sindicato \u2013 PSB \u2013 40<\/p>\n\n\n\n<p>Vice: Norma Senato<\/p>\n\n\n\n<p>Slogan: Po\u00e1 de cara nova<br>Geraldo Gon\u00e7alves Pires reside em Po\u00e1 h\u00e1 mais de 40 anos. Tornou-se figura conhecida por promover iniciativas de cunho social, atuar como lideran\u00e7a comunit\u00e1ria e ter engajamento pol\u00edtico. Realizou o \u201cNatal Feliz\u201d, com distribui\u00e7\u00e3o de pr\u00eamios e show com Amado Batista.<br>Na \u00e1rea social, liderou um programa de regulariza\u00e7\u00e3o fundi\u00e1ria ao criar a Associa\u00e7\u00e3o de Chacareiros e Chacareiras de Santo \u00c2ngelo, que assentou 2500 pessoas, moradores que seriam despejados da \u00e1rea que ocupavam.<br>Como gestor, elevou o pequeno Sindicato de Latic\u00ednios de S\u00e3o Paulo \u00e0 condi\u00e7\u00e3o de um dos maiores do pa\u00eds e ainda o incorporou ao Sindicato da Alimenta\u00e7\u00e3o de S\u00e3o Paulo, criando assim a maior organiza\u00e7\u00e3o sindical da Am\u00e9rica Latina no setor. Criou ainda a Federa\u00e7\u00e3o da Alimenta\u00e7\u00e3o, que re\u00fane quase 20 sindicatos do setor no estado paulista.<br>Por sua amizade com o vice-presidente Geraldo Alckmin, aceitou a presid\u00eancia do PSB de Po\u00e1 e ser o candidato do partido.<\/p>\n\n\n\n<figure class=\"wp-block-image size-full\"><img loading=\"lazy\" decoding=\"async\" width=\"756\" height=\"944\" src=\"https:\/\/novosaopaulo.com.br\/n1\/wp-content\/uploads\/2024\/08\/WhatsApp-Image-2024-08-21-at-23.21.58.jpeg\" alt=\"\" class=\"wp-image-19989\" srcset=\"https:\/\/novosaopaulo.com.br\/n1\/wp-content\/uploads\/2024\/08\/WhatsApp-Image-2024-08-21-at-23.21.58.jpeg 756w, https:\/\/novosaopaulo.com.br\/n1\/wp-content\/uploads\/2024\/08\/WhatsApp-Image-2024-08-21-at-23.21.58-240x300.jpeg 240w\" sizes=\"(max-width: 756px) 100vw, 756px\" \/><\/figure>\n\n\n\n<p><\/p>\n\n\n\n<p><\/p>\n\n\n\n<p>Saulo Souza &#8211; PP \u2013 11<\/p>\n\n\n\n<p>Vice: Dr. Eliardo<\/p>\n\n\n\n<p>Slogan: Coragem para fazer um futuro diferente!<\/p>\n\n\n\n<p>Engenheiro, nascido e criado em Po\u00e1, estudou em escolas p\u00fablicas e superou dificuldades financeiras para se formar em universidade p\u00fablica, sendo considerado o melhor aluno formando. Foi campe\u00e3o do Projeto Solu\u00e7\u00f5es, organizado pelo CIEE e pela TV Globo em 2004.<br>Possui p\u00f3s-gradua\u00e7\u00e3o em Direito P\u00fablico, Tribut\u00e1rio e Finan\u00e7as P\u00fablicas Municipais, MBA em Gest\u00e3o de Pessoas e Lideran\u00e7a, Gest\u00e3o e Fiscaliza\u00e7\u00e3o de Obras P\u00fablicas e Planejamento Municipal e Urbanismo. Foi concursado no Metr\u00f4 de S\u00e3o Paulo e na CPTM.<br>Candidato a deputado estadual em 2022, recebeu quase 22 mil votos e foi o segundo colocado nas elei\u00e7\u00f5es para prefeito em 2020. Foi vereador e autor de v\u00e1rias leis, entre elas a de diminuir o n\u00famero de vereadores.<br>Junto de sua esposa, Fl\u00e1via Souza, dedica-se \u00e0s causas dos autistas e \u00e0 inclus\u00e3o de pessoas com defici\u00eancias.<\/p>\n\n\n\n<figure class=\"wp-block-image size-full\"><img loading=\"lazy\" decoding=\"async\" width=\"283\" height=\"400\" src=\"https:\/\/novosaopaulo.com.br\/n1\/wp-content\/uploads\/2024\/08\/WhatsApp-Image-2024-08-21-at-23.23.29.jpeg\" alt=\"\" class=\"wp-image-19990\" srcset=\"https:\/\/novosaopaulo.com.br\/n1\/wp-content\/uploads\/2024\/08\/WhatsApp-Image-2024-08-21-at-23.23.29.jpeg 283w, https:\/\/novosaopaulo.com.br\/n1\/wp-content\/uploads\/2024\/08\/WhatsApp-Image-2024-08-21-at-23.23.29-212x300.jpeg 212w\" sizes=\"(max-width: 283px) 100vw, 283px\" \/><\/figure>\n\n\n\n<p><\/p>\n\n\n\n<p><\/p>\n\n\n\n<p>Diogo Pernoca &#8211; PTB &#8211; 20<\/p>\n\n\n\n<p>Vice: Engenheiro Elias El Ghossain<\/p>\n\n\n\n<p>Diogo Reis da Costa, conhecido como Diogo Pernoca, nasceu em 12 de outubro de 1988 em Po\u00e1. Filho de Te\u00f3filo e Elenice, \u00e9 casado com L\u00e9ia e pai da Belinha. O casal est\u00e1 juntos h\u00e1 mais de 14 anos.<\/p>\n\n\n\n<p>Nascido com uma defici\u00eancia f\u00edsica em uma de suas pernas, Diogo Pernoca n\u00e3o permitiu que isso o impedisse de seguir seus sonhos. Na adolesc\u00eancia, fez parte da Guarda Civil de Po\u00e1 &#8211; projeto voltado para a integra\u00e7\u00e3o, qualifica\u00e7\u00e3o e educa\u00e7\u00e3o c\u00edvica. Aos 35 anos, hoje \u00e9 formado em Gest\u00e3o P\u00fablica.<\/p>\n\n\n\n<p>Sua carreira pol\u00edtica come\u00e7ou h\u00e1 12 anos, em sua primeira disputa \u00e0 C\u00e2mara de Vereadores de Po\u00e1. Sem grandes aportes financeiros, Pernoca fez uma campanha corpo-a-corpo com a popula\u00e7\u00e3o, ouvindo suas necessidades e demandas, sendo eleito pela primeira vez ao Legislativo em 2012, com 909 votos, sendo um dos mais jovens a ocupar o cargo de Vereador na hist\u00f3ria da cidade.<\/p>\n\n\n\n<p>Seu trabalho junto \u00e0 comunidade rendeu-lhe mais duas recondu\u00e7\u00f5es ao cargo no Poder Legislativo, em 2016 e 2020. Em seus tr\u00eas mandatos, criou 35 projetos de Lei e conseguiu a aprova\u00e7\u00e3o de 16 Leis Ordin\u00e1rias, de 43 emendas, de dois decretos legislativos e 78 requerimentos, al\u00e9m de 3,6 mil of\u00edcios aos gabinetes e 1,4 mil indica\u00e7\u00f5es ao Poder Executivo.<\/p>\n\n\n\n<p>Dentre os projetos que apresentou na C\u00e2mara de Vereadores est\u00e3o a proposta de cria\u00e7\u00e3o da Tarifa Zero no Transporte P\u00fablico de Po\u00e1, com o intuito de melhorar a mobilidade urbana da cidade com uma alternativa de baixo custo para o transporte de massas, a Pol\u00edtica Municipal do Idoso, al\u00e9m de iniciativas voltadas para a prote\u00e7\u00e3o das pessoas com defici\u00eancia e para o bem-estar animal, al\u00e9m de outras \u00e1reas como a Sa\u00fade, Educa\u00e7\u00e3o e Seguran\u00e7a.<\/p>\n\n\n\n<p>Durante sua trajet\u00f3ria como vereador, foi presidente da C\u00e2mara de Vereadores no bi\u00eanio 2021-2022, durante a pandemia do novo Coronav\u00edrus (Covid-19). Durante este per\u00edodo, Pernoca atuou pela devolu\u00e7\u00e3o de ve\u00edculos da C\u00e2mara de Vereadores para o Poder Executivo, com a inten\u00e7\u00e3o de refor\u00e7ar as frotas da Guarda Civil Municipal (GCM) e da Secretaria de Sa\u00fade no traslado de pacientes cr\u00f4nicos, trabalhou pela redu\u00e7\u00e3o de contratos e n\u00famero de assessores, bem como o n\u00famero de vagas no Poder Legislativo (17 para 13), com o intuito de auxiliar na conten\u00e7\u00e3o de gastos da cidade.<\/p>\n\n\n\n<p>Em seu compromisso com a popula\u00e7\u00e3o de Po\u00e1, Diogo Pernoca realizou nos \u00faltimos meses a caravana \u201cVim Te Ouvir\u201d, que percorreu todas as regi\u00f5es de Po\u00e1, al\u00e9m de conversar diretamente com setores da sociedade como educadores, servidores p\u00fablicos, produtores culturais, especialistas em Seguran\u00e7a P\u00fablica e demais \u00e1reas para a elabora\u00e7\u00e3o de um Plano de Governo Participativo.<\/p>\n\n\n\n<p>Sua incans\u00e1vel luta por uma Po\u00e1 melhor o encorajou a dar o passo de disputar, pela primeira vez, a Prefeitura, com o desejo de transformar a vida das pessoas a partir dos bairros com investimentos na Sa\u00fade P\u00fablica, Transporte, Gera\u00e7\u00e3o de Empregos, Educa\u00e7\u00e3o e Seguran\u00e7a, al\u00e9m da recupera\u00e7\u00e3o da zeladoria de ruas e pr\u00e9dios municipais.<\/p>\n\n\n\n<figure class=\"wp-block-image size-full\"><img loading=\"lazy\" decoding=\"async\" width=\"720\" height=\"267\" src=\"https:\/\/novosaopaulo.com.br\/n1\/wp-content\/uploads\/2024\/08\/WhatsApp-Image-2024-08-21-at-23.28.01-1.jpeg\" alt=\"\" class=\"wp-image-19991\" srcset=\"https:\/\/novosaopaulo.com.br\/n1\/wp-content\/uploads\/2024\/08\/WhatsApp-Image-2024-08-21-at-23.28.01-1.jpeg 720w, https:\/\/novosaopaulo.com.br\/n1\/wp-content\/uploads\/2024\/08\/WhatsApp-Image-2024-08-21-at-23.28.01-1-300x111.jpeg 300w\" sizes=\"(max-width: 720px) 100vw, 720px\" \/><\/figure>\n","protected":false},"excerpt":{"rendered":"<p>Carlos Setsuo \u2013 PSDB \u2013 45 Vice: Vin\u00edcius Macedo Slogan: Po\u00e1 em boas m\u00e3os Carlos&#8230;<\/p>\n","protected":false},"author":1,"featured_media":19993,"comment_status":"open","ping_status":"open","sticky":false,"template":"","format":"standard","meta":{"footnotes":""},"categories":[8],"tags":[],"featured_image_urls":{"full":["https:\/\/novosaopaulo.com.br\/n1\/wp-content\/uploads\/2024\/08\/webdoor-tse_0.jpg",651,350,false],"thumbnail":["https:\/\/novosaopaulo.com.br\/n1\/wp-content\/uploads\/2024\/08\/webdoor-tse_0-150x150.jpg",150,150,true],"medium":["https:\/\/novosaopaulo.com.br\/n1\/wp-content\/uploads\/2024\/08\/webdoor-tse_0-300x161.jpg",300,161,true],"medium_large":["https:\/\/novosaopaulo.com.br\/n1\/wp-content\/uploads\/2024\/08\/webdoor-tse_0.jpg",640,344,false],"large":["https:\/\/novosaopaulo.com.br\/n1\/wp-content\/uploads\/2024\/08\/webdoor-tse_0.jpg",640,344,false],"1536x1536":["https:\/\/novosaopaulo.com.br\/n1\/wp-content\/uploads\/2024\/08\/webdoor-tse_0.jpg",651,350,false],"2048x2048":["https:\/\/novosaopaulo.com.br\/n1\/wp-content\/uploads\/2024\/08\/webdoor-tse_0.jpg",651,350,false],"newsever-slider-full":["https:\/\/novosaopaulo.com.br\/n1\/wp-content\/uploads\/2024\/08\/webdoor-tse_0.jpg",651,350,false],"newsever-featured":["https:\/\/novosaopaulo.com.br\/n1\/wp-content\/uploads\/2024\/08\/webdoor-tse_0.jpg",651,350,false],"newsever-medium":["https:\/\/novosaopaulo.com.br\/n1\/wp-content\/uploads\/2024\/08\/webdoor-tse_0.jpg",651,350,false]},"author_info":{"display_name":"Reda\u00e7\u00e3o","author_link":"https:\/\/novosaopaulo.com.br\/n1\/author\/g5poa\/"},"category_info":"<a href=\"https:\/\/novosaopaulo.com.br\/n1\/category\/poa\/\" rel=\"category tag\">Po\u00e1<\/a>","tag_info":"Po\u00e1","comment_count":"0","_links":{"self":[{"href":"https:\/\/novosaopaulo.com.br\/n1\/wp-json\/wp\/v2\/posts\/19985"}],"collection":[{"href":"https:\/\/novosaopaulo.com.br\/n1\/wp-json\/wp\/v2\/posts"}],"about":[{"href":"https:\/\/novosaopaulo.com.br\/n1\/wp-json\/wp\/v2\/types\/post"}],"author":[{"embeddable":true,"href":"https:\/\/novosaopaulo.com.br\/n1\/wp-json\/wp\/v2\/users\/1"}],"replies":[{"embeddable":true,"href":"https:\/\/novosaopaulo.com.br\/n1\/wp-json\/wp\/v2\/comments?post=19985"}],"version-history":[{"count":2,"href":"https:\/\/novosaopaulo.com.br\/n1\/wp-json\/wp\/v2\/posts\/19985\/revisions"}],"predecessor-version":[{"id":19995,"href":"https:\/\/novosaopaulo.com.br\/n1\/wp-json\/wp\/v2\/posts\/19985\/revisions\/19995"}],"wp:featuredmedia":[{"embeddable":true,"href":"https:\/\/novosaopaulo.com.br\/n1\/wp-json\/wp\/v2\/media\/19993"}],"wp:attachment":[{"href":"https:\/\/novosaopaulo.com.br\/n1\/wp-json\/wp\/v2\/media?parent=19985"}],"wp:term":[{"taxonomy":"category","embeddable":true,"href":"https:\/\/novosaopaulo.com.br\/n1\/wp-json\/wp\/v2\/categories?post=19985"},{"taxonomy":"post_tag","embeddable":true,"href":"https:\/\/novosaopaulo.com.br\/n1\/wp-json\/wp\/v2\/tags?post=19985"}],"curies":[{"name":"wp","href":"https:\/\/api.w.org\/{rel}","templated":true}]}}