{"id":19919,"date":"2024-08-16T00:23:51","date_gmt":"2024-08-16T03:23:51","guid":{"rendered":"https:\/\/novosaopaulo.com.br\/n1\/?p=19919"},"modified":"2024-08-16T00:23:52","modified_gmt":"2024-08-16T03:23:52","slug":"vitor-vaimberg-vive-a-expectativa-da-estreia-de-grease-o-musical","status":"publish","type":"post","link":"https:\/\/novosaopaulo.com.br\/n1\/vitor-vaimberg-vive-a-expectativa-da-estreia-de-grease-o-musical\/","title":{"rendered":"Vitor Vaimberg vive a expectativa da estreia de &#8220;Grease &#8211; o Musical&#8221;"},"content":{"rendered":"\n<p>A magia do cinema est\u00e1 prestes a invadir os palcos cariocas com a estreia do musical, inspirado no sucesso de Hollywood e com a participa\u00e7\u00e3o de jovens atores<\/p>\n\n\n\n<p>Foto: O ator Vitor Vaimberg em apresenta\u00e7\u00e3o no Teatro Nathalia Timberg<\/p>\n\n\n\n<p>Cr\u00e9ditos: Vitor Vaimberg \/ Leo Queiroz<\/p>\n\n\n\n<p>A Escola de Atores Wolf Maya reafirma a tradi\u00e7\u00e3o de trazer para os palcos cariocas montagens inspiradas em grandes musicais da Broadway e nos campe\u00f5es de bilheteria da telona.<\/p>\n\n\n\n<p>Com estreia marcada para o dia 13 de setembro, o espet\u00e1culo Grease promete transportar o p\u00fablico para os anos 50, \u00e9poca em que foi ambientado o ic\u00f4nico filme estrelado por John Travolta nos anos dourados da Dance Music e das discotecas.<\/p>\n\n\n\n<p>O ator Vitor Vaimberg foi escalado para interpretar Danny Zuko, o personagem de Travolta no cinema e protagonista da trama. Vitor, que est\u00e1 ensaiando intensamente para o papel, expressa sua empolga\u00e7\u00e3o e dedica\u00e7\u00e3o: \u201cEu estou muito empolgado para a nossa estreia! Est\u00e1 sendo um processo muito lindo, onde eu estou tendo a chance de me desafiar em v\u00e1rios aspectos\u201d, afirma.<\/p>\n\n\n\n<p>O jovem talento conta que a rela\u00e7\u00e3o dele com Grease come\u00e7ou antes mesmo de ser escalado para o espet\u00e1culo. \u201cMinha m\u00e3e \u00e9 apaixonada pelo filme e foi quem me introduziu a essa hist\u00f3ria. A responsabilidade \u00e9 muito grande e estou muito ansioso para mostrar o que n\u00f3s estamos preparando com tanto carinho para o p\u00fablico. Voc\u00eas v\u00e3o amar!\u201d<\/p>\n\n\n\n<p>Durante os ensaios, Vitor mergulha profundamente na constru\u00e7\u00e3o de seu personagem e compartilha uma reflex\u00e3o sobre essa jornada: \u201cAo decorrer dos ensaios um aspecto muito importante do Danny me chamou a aten\u00e7\u00e3o: a sua inseguran\u00e7a. Ele tem toda a pose de \u201cmach\u00e3o\u201d, mas no fundo \u00e9 um adolescente muito desesperado por aceita\u00e7\u00e3o e, ao encontrar a Sandy, ele v\u00ea que n\u00e3o tem problema em ser vulner\u00e1vel e sentimental.\u201d<\/p>\n\n\n\n<p>Vitor Vaimberg \u00e9 um apaixonado pelo teatro musical com participa\u00e7\u00f5es em outras montagens de sucesso. Recentemente, esteve em Nova York para um curso de dire\u00e7\u00e3o e aproveitou para assistir espet\u00e1culos em cartaz na Broadway e aprimorar suas habilidades.<\/p>\n\n\n\n<p>A expectativa pelo espet\u00e1culo cresce a cada dia que o in\u00edcio da temporada se aproxima. E n\u00e3o v\u00ea a hora de passar a brilhantina e mascar chiclete nos embalos de s\u00e1bado \u00e0 noite. \u201cTodos n\u00f3s do elenco estamos emprenhados em dar o melhor de n\u00f3s e encantar o p\u00fablico de todas as idades com muita m\u00fasica, dan\u00e7a e emo\u00e7\u00e3o\u201d, conclui.<\/p>\n\n\n\n<p>Servi\u00e7o:<\/p>\n\n\n\n<ul>\n<li>Musical: Grease &#8211; o Musical<\/li>\n\n\n\n<li>Personagem: Danny Zuko (interpretado por Vitor Vaimberg)<\/li>\n\n\n\n<li>Datas: 13\/09 a 26\/10 (sextas e s\u00e1bados \u00e0s 20h)<\/li>\n\n\n\n<li>Local: Teatro Nat\u00e1lia Timberg (Avenida das Am\u00e9ricas, 2000)<\/li>\n\n\n\n<li>Realiza\u00e7\u00e3o: Escola de Atores Wolf Maya<\/li>\n<\/ul>\n\n\n\n<p>N\u00e3o perca a chance de reviver essa hist\u00f3ria apaixonante e vibrante. Garanta j\u00e1 o seu ingresso e venha conferir de perto a performance de Vitor Vaimberg e todo o elenco de &#8220;Grease &#8211; o Musical&#8221;.<\/p>\n\n\n\n<p>Sobre Vitor Vaimberg:<br>Vitor Vaimberg iniciou a carreira de ator aos 8 anos na pe\u00e7a \u201cA Arca dos Bichos\u201d, com dire\u00e7\u00e3o de Renata Maia. De l\u00e1 para c\u00e1 j\u00e1 protagonizou in\u00fameros musicais.<\/p>\n\n\n\n<p>Ele est\u00e1 na Escola de Artes Wolf Maia, onde j\u00e1 fez v\u00e1rias apresenta\u00e7\u00f5es. Vitor tamb\u00e9m recentemente fez um curso de dire\u00e7\u00e3o em Nova York, um passo importante para sua carreira de ator e cantor.<\/p>\n\n\n\n<p>Redes sociais do Vitor Vaimberg:<\/p>\n\n\n\n<p>Instagram: https:\/\/www.instagram.com\/vitorvaimberg\/<\/p>\n\n\n\n<p>Canal no YouTube: https:\/\/www.youtube.com\/@danicaravana1<\/p>\n\n\n\n<p>Patr\u00edcia Limeira<br>Founder<br>Celular Comercial SP: (11) 99665-7704<br>Celular Comercial RJ: (21) 99717-7704<br>E-mail: patricia.limeira@ageimagem.com.br<\/p>\n\n\n\n<p>Gabriel Menezes de Almeida<br>Atendimento<br>Celular comercial: (21) 96531-4536<br>E-mail: contato@ageimagem.com.br<\/p>\n\n\n\n<p>Nossas redes sociais:<\/p>\n\n\n\n<p>Site: www.ageimagem.com.br<\/p>\n\n\n\n<p>Instagram Ageimagem:<br>https:\/\/www.instagram.com\/ageimagem\/<\/p>\n\n\n\n<p>Instagram Ageimagem Talentos:<br>https:\/\/www.instagram.com\/ageimagemtalentos\/<\/p>\n\n\n\n<p>Instagram Duas a Duas:<br>https:\/\/www.instagram.com\/duas.duaspodcast\/<\/p>\n\n\n\n<p>Linkedin:<br>https:\/\/br.linkedin.com\/company\/ageimagem-comunica%C3%A7%C3%A3o<\/p>\n\n\n\n<p>Facebook:<br>https:\/\/www.facebook.com\/Ageimagem\/?locale=pt_BR<\/p>\n","protected":false},"excerpt":{"rendered":"<p>A magia do cinema est\u00e1 prestes a invadir os palcos cariocas com a estreia do&#8230;<\/p>\n","protected":false},"author":1,"featured_media":19920,"comment_status":"open","ping_status":"open","sticky":false,"template":"","format":"standard","meta":{"footnotes":""},"categories":[2,45],"tags":[],"featured_image_urls":{"full":["https:\/\/novosaopaulo.com.br\/n1\/wp-content\/uploads\/2024\/08\/WhatsApp-Image-2024-08-15-at-22.15.10.jpeg",320,480,false],"thumbnail":["https:\/\/novosaopaulo.com.br\/n1\/wp-content\/uploads\/2024\/08\/WhatsApp-Image-2024-08-15-at-22.15.10-150x150.jpeg",150,150,true],"medium":["https:\/\/novosaopaulo.com.br\/n1\/wp-content\/uploads\/2024\/08\/WhatsApp-Image-2024-08-15-at-22.15.10-200x300.jpeg",200,300,true],"medium_large":["https:\/\/novosaopaulo.com.br\/n1\/wp-content\/uploads\/2024\/08\/WhatsApp-Image-2024-08-15-at-22.15.10.jpeg",320,480,false],"large":["https:\/\/novosaopaulo.com.br\/n1\/wp-content\/uploads\/2024\/08\/WhatsApp-Image-2024-08-15-at-22.15.10.jpeg",320,480,false],"1536x1536":["https:\/\/novosaopaulo.com.br\/n1\/wp-content\/uploads\/2024\/08\/WhatsApp-Image-2024-08-15-at-22.15.10.jpeg",320,480,false],"2048x2048":["https:\/\/novosaopaulo.com.br\/n1\/wp-content\/uploads\/2024\/08\/WhatsApp-Image-2024-08-15-at-22.15.10.jpeg",320,480,false],"newsever-slider-full":["https:\/\/novosaopaulo.com.br\/n1\/wp-content\/uploads\/2024\/08\/WhatsApp-Image-2024-08-15-at-22.15.10.jpeg",320,480,false],"newsever-featured":["https:\/\/novosaopaulo.com.br\/n1\/wp-content\/uploads\/2024\/08\/WhatsApp-Image-2024-08-15-at-22.15.10.jpeg",320,480,false],"newsever-medium":["https:\/\/novosaopaulo.com.br\/n1\/wp-content\/uploads\/2024\/08\/WhatsApp-Image-2024-08-15-at-22.15.10-320x475.jpeg",320,475,true]},"author_info":{"display_name":"Reda\u00e7\u00e3o","author_link":"https:\/\/novosaopaulo.com.br\/n1\/author\/g5poa\/"},"category_info":"<a href=\"https:\/\/novosaopaulo.com.br\/n1\/category\/cidades\/\" rel=\"category tag\">Cidades<\/a> <a href=\"https:\/\/novosaopaulo.com.br\/n1\/category\/cultura\/\" rel=\"category tag\">Cultura<\/a>","tag_info":"Cultura","comment_count":"0","_links":{"self":[{"href":"https:\/\/novosaopaulo.com.br\/n1\/wp-json\/wp\/v2\/posts\/19919"}],"collection":[{"href":"https:\/\/novosaopaulo.com.br\/n1\/wp-json\/wp\/v2\/posts"}],"about":[{"href":"https:\/\/novosaopaulo.com.br\/n1\/wp-json\/wp\/v2\/types\/post"}],"author":[{"embeddable":true,"href":"https:\/\/novosaopaulo.com.br\/n1\/wp-json\/wp\/v2\/users\/1"}],"replies":[{"embeddable":true,"href":"https:\/\/novosaopaulo.com.br\/n1\/wp-json\/wp\/v2\/comments?post=19919"}],"version-history":[{"count":1,"href":"https:\/\/novosaopaulo.com.br\/n1\/wp-json\/wp\/v2\/posts\/19919\/revisions"}],"predecessor-version":[{"id":19921,"href":"https:\/\/novosaopaulo.com.br\/n1\/wp-json\/wp\/v2\/posts\/19919\/revisions\/19921"}],"wp:featuredmedia":[{"embeddable":true,"href":"https:\/\/novosaopaulo.com.br\/n1\/wp-json\/wp\/v2\/media\/19920"}],"wp:attachment":[{"href":"https:\/\/novosaopaulo.com.br\/n1\/wp-json\/wp\/v2\/media?parent=19919"}],"wp:term":[{"taxonomy":"category","embeddable":true,"href":"https:\/\/novosaopaulo.com.br\/n1\/wp-json\/wp\/v2\/categories?post=19919"},{"taxonomy":"post_tag","embeddable":true,"href":"https:\/\/novosaopaulo.com.br\/n1\/wp-json\/wp\/v2\/tags?post=19919"}],"curies":[{"name":"wp","href":"https:\/\/api.w.org\/{rel}","templated":true}]}}