{"id":19879,"date":"2024-08-13T11:23:03","date_gmt":"2024-08-13T14:23:03","guid":{"rendered":"https:\/\/novosaopaulo.com.br\/n1\/?p=19879"},"modified":"2024-08-13T11:23:04","modified_gmt":"2024-08-13T14:23:04","slug":"redes-sociais-e-seu-impacto-na-saude-mental-dos-jovens","status":"publish","type":"post","link":"https:\/\/novosaopaulo.com.br\/n1\/redes-sociais-e-seu-impacto-na-saude-mental-dos-jovens\/","title":{"rendered":"Redes sociais e seu impacto na sa\u00fade mental dos jovens"},"content":{"rendered":"\n<p>A B\u00edblia pode ajudar os pais a tomar boas decis\u00f5es e proteger seus filhos.<br>O mau uso de redes sociais na inf\u00e2ncia e adolesc\u00eancia pode ter efeito prejudicial significativo na vida de crian\u00e7as e jovens, de acordo com pesquisas e estudos recentes.<br>Sintomas de ansiedade, estresse e depress\u00e3o t\u00eam sido associados \u00e0 presen\u00e7a desequilibrada e desregrada dos jovens nessas plataformas digitais. Segundo Vivek Murthy, cirurgi\u00e3o-geral dos Estados Unidos, a \u201ccrise de sa\u00fade mental entre os jovens \u00e9 uma emerg\u00eancia. E as redes sociais contribuem muito para isso.\u201d<br>Com a proximidade do Dia Nacional da Sa\u00fade, em 5 de agosto, \u00e9 apropriado o tom de urg\u00eancia sobre os perigos das m\u00eddias sociais e seu potencial para afetar o desenvolvimento social, educacional, psicol\u00f3gico e neurol\u00f3gico de adolescentes.<br>\u201cEu sempre dizia a mim mesma que entraria na rede social s\u00f3 para conferir algumas novidades dos meus amigos. Os 15 minutos viravam duas, tr\u00eas ou mais horas todos os dias\u201d, conta a jovem Maria Amorim, de 17 anos. \u201cPercebi que aquilo estava afetando o meu sono, como eu utilizava o meu tempo e o meu estado emocional, porque vivia me comparando com outros\u201d.<br>Os pais ou respons\u00e1veis t\u00eam um papel fundamental nesse cen\u00e1rio. Recorrer \u00e0 B\u00edblia em busca de ajuda e orienta\u00e7\u00e3o tem sido a boa decis\u00e3o de milh\u00f5es de fam\u00edlias em todo o mundo. No site oficial das Testemunhas de Jeov\u00e1 \u2014 o jw.org \u2014 \u00e9 poss\u00edvel acessar conte\u00fado baseado em ensinamentos b\u00edblicos sobre o tema das redes sociais.<br>Os artigos Autoridade na \u00e1rea da sa\u00fade alerta sobre os efeitos das redes sociais nos jovens \u2014 O que a B\u00edblia diz? e As redes sociais est\u00e3o prejudicando seu filho? \u2014 Como a B\u00edblia pode ajudar os pais s\u00e3o alguns dos recursos no site que, al\u00e9m de mat\u00e9rias, oferece v\u00eddeos e anima\u00e7\u00f5es no quadro branco para pais e filhos.<br>\u201cAs redes sociais podem trazer algum benef\u00edcio, mas, como pais, precisamos pensar nos perigos e decidir se nossos filhos devem ou n\u00e3o fazer uso delas. Ensino minha filha a identificar e a evitar conte\u00fados perigosos, estabele\u00e7o limites de tempo e como se comportar online\u201d, diz K\u00eania de Oliveira, que \u00e9 m\u00e3e de uma adolescente de 16 anos.<br>A jovem Maria Eduarda de Amorim tomou medidas pr\u00e1ticas para recuperar o controle e seu bem-estar emocional. \u201cConversei com meus pais e pesquisamos princ\u00edpios b\u00edblicos que me ajudaram a superar aquela fase, como por exemplo, o que est\u00e1 em Filipenses 1:10, que diz: \u2018Certifiquem-se de quais s\u00e3o as coisas mais importantes\u2019. No site jw.org encontrei muitas dicas \u00fateis, que me incentivaram a passar tempo com meus amigos pessoalmente, a priorizar meu sono e meus trabalhos escolares\u201d.<br>Para mais informa\u00e7\u00f5es sobre esse assunto, visite jw.org. O site \u00e9 acess\u00edvel em mais de mil idiomas, incluindo a l\u00edngua brasileira de sinais.<\/p>\n\n\n\n<figure class=\"wp-block-gallery has-nested-images columns-default is-cropped wp-block-gallery-1 is-layout-flex wp-block-gallery-is-layout-flex\">\n<figure class=\"wp-block-image size-large\"><a href=\"https:\/\/novosaopaulo.com.br\/n1\/wp-content\/uploads\/2024\/08\/01-Redes-sociais-e-o-impacto-na-saude-mental-dos-jovens-\u00a9-Cortesia-das-Testemunhas-de-Jeova.jpg\"><img fetchpriority=\"high\" decoding=\"async\" width=\"576\" height=\"324\" data-id=\"19880\" src=\"https:\/\/novosaopaulo.com.br\/n1\/wp-content\/uploads\/2024\/08\/01-Redes-sociais-e-o-impacto-na-saude-mental-dos-jovens-\u00a9-Cortesia-das-Testemunhas-de-Jeova.jpg\" alt=\"\" class=\"wp-image-19880\" srcset=\"https:\/\/novosaopaulo.com.br\/n1\/wp-content\/uploads\/2024\/08\/01-Redes-sociais-e-o-impacto-na-saude-mental-dos-jovens-\u00a9-Cortesia-das-Testemunhas-de-Jeova.jpg 576w, https:\/\/novosaopaulo.com.br\/n1\/wp-content\/uploads\/2024\/08\/01-Redes-sociais-e-o-impacto-na-saude-mental-dos-jovens-\u00a9-Cortesia-das-Testemunhas-de-Jeova-300x169.jpg 300w\" sizes=\"(max-width: 576px) 100vw, 576px\" \/><\/a><\/figure>\n\n\n\n<figure class=\"wp-block-image size-large\"><a href=\"https:\/\/novosaopaulo.com.br\/n1\/wp-content\/uploads\/2024\/08\/02-Redes-sociais-e-o-impacto-na-saude-mental-dos-jovens-\u00a9-Cortesia-das-Testemunhas-de-Jeova.jpg\"><img decoding=\"async\" width=\"461\" height=\"260\" data-id=\"19881\" src=\"https:\/\/novosaopaulo.com.br\/n1\/wp-content\/uploads\/2024\/08\/02-Redes-sociais-e-o-impacto-na-saude-mental-dos-jovens-\u00a9-Cortesia-das-Testemunhas-de-Jeova.jpg\" alt=\"\" class=\"wp-image-19881\" srcset=\"https:\/\/novosaopaulo.com.br\/n1\/wp-content\/uploads\/2024\/08\/02-Redes-sociais-e-o-impacto-na-saude-mental-dos-jovens-\u00a9-Cortesia-das-Testemunhas-de-Jeova.jpg 461w, https:\/\/novosaopaulo.com.br\/n1\/wp-content\/uploads\/2024\/08\/02-Redes-sociais-e-o-impacto-na-saude-mental-dos-jovens-\u00a9-Cortesia-das-Testemunhas-de-Jeova-300x169.jpg 300w\" sizes=\"(max-width: 461px) 100vw, 461px\" \/><\/a><\/figure>\n\n\n\n<figure class=\"wp-block-image size-large\"><a href=\"https:\/\/novosaopaulo.com.br\/n1\/wp-content\/uploads\/2024\/08\/03-Redes-sociais-e-o-impacto-na-saude-mental-dos-jovens-\u00a9-Cortesia-das-Testemunhas-de-Jeova.jpg\"><img decoding=\"async\" width=\"461\" height=\"260\" data-id=\"19882\" src=\"https:\/\/novosaopaulo.com.br\/n1\/wp-content\/uploads\/2024\/08\/03-Redes-sociais-e-o-impacto-na-saude-mental-dos-jovens-\u00a9-Cortesia-das-Testemunhas-de-Jeova.jpg\" alt=\"\" class=\"wp-image-19882\" srcset=\"https:\/\/novosaopaulo.com.br\/n1\/wp-content\/uploads\/2024\/08\/03-Redes-sociais-e-o-impacto-na-saude-mental-dos-jovens-\u00a9-Cortesia-das-Testemunhas-de-Jeova.jpg 461w, https:\/\/novosaopaulo.com.br\/n1\/wp-content\/uploads\/2024\/08\/03-Redes-sociais-e-o-impacto-na-saude-mental-dos-jovens-\u00a9-Cortesia-das-Testemunhas-de-Jeova-300x169.jpg 300w\" sizes=\"(max-width: 461px) 100vw, 461px\" \/><\/a><\/figure>\n<\/figure>\n\n\n\n<p>Porta-voz das Testemunhas de Jeov\u00e1<br>J\u00falio Ohashi<br>Contato: Julioohashi.portavoztj@gmail.com<\/p>\n","protected":false},"excerpt":{"rendered":"<p>A B\u00edblia pode ajudar os pais a tomar boas decis\u00f5es e proteger seus filhos.O mau&#8230;<\/p>\n","protected":false},"author":1,"featured_media":19882,"comment_status":"open","ping_status":"open","sticky":false,"template":"","format":"standard","meta":{"footnotes":""},"categories":[2],"tags":[],"featured_image_urls":{"full":["https:\/\/novosaopaulo.com.br\/n1\/wp-content\/uploads\/2024\/08\/03-Redes-sociais-e-o-impacto-na-saude-mental-dos-jovens-\u00a9-Cortesia-das-Testemunhas-de-Jeova.jpg",461,260,false],"thumbnail":["https:\/\/novosaopaulo.com.br\/n1\/wp-content\/uploads\/2024\/08\/03-Redes-sociais-e-o-impacto-na-saude-mental-dos-jovens-\u00a9-Cortesia-das-Testemunhas-de-Jeova-150x150.jpg",150,150,true],"medium":["https:\/\/novosaopaulo.com.br\/n1\/wp-content\/uploads\/2024\/08\/03-Redes-sociais-e-o-impacto-na-saude-mental-dos-jovens-\u00a9-Cortesia-das-Testemunhas-de-Jeova-300x169.jpg",300,169,true],"medium_large":["https:\/\/novosaopaulo.com.br\/n1\/wp-content\/uploads\/2024\/08\/03-Redes-sociais-e-o-impacto-na-saude-mental-dos-jovens-\u00a9-Cortesia-das-Testemunhas-de-Jeova.jpg",461,260,false],"large":["https:\/\/novosaopaulo.com.br\/n1\/wp-content\/uploads\/2024\/08\/03-Redes-sociais-e-o-impacto-na-saude-mental-dos-jovens-\u00a9-Cortesia-das-Testemunhas-de-Jeova.jpg",461,260,false],"1536x1536":["https:\/\/novosaopaulo.com.br\/n1\/wp-content\/uploads\/2024\/08\/03-Redes-sociais-e-o-impacto-na-saude-mental-dos-jovens-\u00a9-Cortesia-das-Testemunhas-de-Jeova.jpg",461,260,false],"2048x2048":["https:\/\/novosaopaulo.com.br\/n1\/wp-content\/uploads\/2024\/08\/03-Redes-sociais-e-o-impacto-na-saude-mental-dos-jovens-\u00a9-Cortesia-das-Testemunhas-de-Jeova.jpg",461,260,false],"newsever-slider-full":["https:\/\/novosaopaulo.com.br\/n1\/wp-content\/uploads\/2024\/08\/03-Redes-sociais-e-o-impacto-na-saude-mental-dos-jovens-\u00a9-Cortesia-das-Testemunhas-de-Jeova.jpg",461,260,false],"newsever-featured":["https:\/\/novosaopaulo.com.br\/n1\/wp-content\/uploads\/2024\/08\/03-Redes-sociais-e-o-impacto-na-saude-mental-dos-jovens-\u00a9-Cortesia-das-Testemunhas-de-Jeova.jpg",461,260,false],"newsever-medium":["https:\/\/novosaopaulo.com.br\/n1\/wp-content\/uploads\/2024\/08\/03-Redes-sociais-e-o-impacto-na-saude-mental-dos-jovens-\u00a9-Cortesia-das-Testemunhas-de-Jeova.jpg",461,260,false]},"author_info":{"display_name":"Reda\u00e7\u00e3o","author_link":"https:\/\/novosaopaulo.com.br\/n1\/author\/g5poa\/"},"category_info":"<a href=\"https:\/\/novosaopaulo.com.br\/n1\/category\/cidades\/\" rel=\"category tag\">Cidades<\/a>","tag_info":"Cidades","comment_count":"0","_links":{"self":[{"href":"https:\/\/novosaopaulo.com.br\/n1\/wp-json\/wp\/v2\/posts\/19879"}],"collection":[{"href":"https:\/\/novosaopaulo.com.br\/n1\/wp-json\/wp\/v2\/posts"}],"about":[{"href":"https:\/\/novosaopaulo.com.br\/n1\/wp-json\/wp\/v2\/types\/post"}],"author":[{"embeddable":true,"href":"https:\/\/novosaopaulo.com.br\/n1\/wp-json\/wp\/v2\/users\/1"}],"replies":[{"embeddable":true,"href":"https:\/\/novosaopaulo.com.br\/n1\/wp-json\/wp\/v2\/comments?post=19879"}],"version-history":[{"count":1,"href":"https:\/\/novosaopaulo.com.br\/n1\/wp-json\/wp\/v2\/posts\/19879\/revisions"}],"predecessor-version":[{"id":19883,"href":"https:\/\/novosaopaulo.com.br\/n1\/wp-json\/wp\/v2\/posts\/19879\/revisions\/19883"}],"wp:featuredmedia":[{"embeddable":true,"href":"https:\/\/novosaopaulo.com.br\/n1\/wp-json\/wp\/v2\/media\/19882"}],"wp:attachment":[{"href":"https:\/\/novosaopaulo.com.br\/n1\/wp-json\/wp\/v2\/media?parent=19879"}],"wp:term":[{"taxonomy":"category","embeddable":true,"href":"https:\/\/novosaopaulo.com.br\/n1\/wp-json\/wp\/v2\/categories?post=19879"},{"taxonomy":"post_tag","embeddable":true,"href":"https:\/\/novosaopaulo.com.br\/n1\/wp-json\/wp\/v2\/tags?post=19879"}],"curies":[{"name":"wp","href":"https:\/\/api.w.org\/{rel}","templated":true}]}}