{"id":19840,"date":"2024-08-08T17:25:42","date_gmt":"2024-08-08T20:25:42","guid":{"rendered":"https:\/\/novosaopaulo.com.br\/n1\/?p=19840"},"modified":"2024-08-08T17:27:03","modified_gmt":"2024-08-08T20:27:03","slug":"dia-dos-pais-e-direitos-dos-filhos","status":"publish","type":"post","link":"https:\/\/novosaopaulo.com.br\/n1\/dia-dos-pais-e-direitos-dos-filhos\/","title":{"rendered":"Dia dos Pais e direitos dos filhos"},"content":{"rendered":"\n<p>Pela legisla\u00e7\u00e3o, genitor tem deveres com o menor mesmo em casos de destitui\u00e7\u00e3o do poder familiar.<\/p>\n\n\n\n<p>Uma data criada para celebrar a paternidade para muitas fam\u00edlias pode ser um momento sens\u00edvel. Mesmo para as crian\u00e7as que n\u00e3o contam com uma conviv\u00eancia pr\u00f3xima ao genitor, os direitos dos filhos s\u00e3o assegurados por lei.<\/p>\n\n\n\n<p>O advogado especialista em Direito de Fam\u00edlia Lucas Costa (@escritorioparamaes no Instagram) esclarece as principais d\u00favidas sobre a rela\u00e7\u00e3o pai\/filho do ponto de vista jur\u00eddico.<\/p>\n\n\n\n<p>\u201cCabe aos pais o dever do sustento, guarda, conviv\u00eancia, assist\u00eancia material e moral dos menores. Essa \u00e9 a obriga\u00e7\u00e3o b\u00e1sica, mas a gente sabe que o papel de um pai ou de uma m\u00e3e vai muito mais al\u00e9m. Infelizmente em muitos casos &#8211; especialmente envolvendo o genitor masculino &#8211; essa rela\u00e7\u00e3o n\u00e3o acontece. Por\u00e9m, independentemente de afinidade ou conviv\u00eancia, o pai tem como obriga\u00e7\u00e3o legal cumprir com os seus deveres\u201d, explica Lucas.<\/p>\n\n\n\n<p>Pens\u00e3o aliment\u00edcia<\/p>\n\n\n\n<p>O primeiro dever do pai que n\u00e3o mora com o filho \u00e9 o pagamento da pens\u00e3o aliment\u00edcia. Esse valor mensal \u00e9 para contribuir com os gastos b\u00e1sicos do menor como alimenta\u00e7\u00e3o, sa\u00fade e estudos.<\/p>\n\n\n\n<p>\u201cO valor da pens\u00e3o \u00e9 definido pela justi\u00e7a e leva em considera\u00e7\u00e3o o sal\u00e1rio do pai e se ele tem outros filhos, al\u00e9m das necessidades do menor. Normalmente a porcentagem fica em torno de 30% da renda do genitor, sendo que esse n\u00famero varia conforme as peculiaridades do caso\u201d, acrescenta.<\/p>\n\n\n\n<p>Conviv\u00eancia<\/p>\n\n\n\n<p>Durante o processo judicial que define a guarda dos menores, o juiz determina como devem acontecer as visitas. Esse momento \u00e9 uma forma de pai e filho estreitarem a conviv\u00eancia e manterem os la\u00e7os.<\/p>\n\n\n\n<p>\u201cA conviv\u00eancia com o pai \u00e9 um direito da crian\u00e7a. A decis\u00e3o do juiz leva em considera\u00e7\u00e3o o perfil de cada fam\u00edlia e a rela\u00e7\u00e3o dos pais. Em alguns casos \u00e9 mais frequente, em outros n\u00e3o, mas o que foi determinado no processo deve ser respeitado. No caso de descumprimento, se o pai n\u00e3o estiver visitando o filho, a m\u00e3e deve informar o juiz\u201d, acrescenta.<\/p>\n\n\n\n<p>Destitui\u00e7\u00e3o<\/p>\n\n\n\n<p>Em situa\u00e7\u00f5es mais complexas em que a conviv\u00eancia entre pai e filho n\u00e3o \u00e9 saud\u00e1vel e existe uma falta grave como abandono ou risco \u00e0 vida do menor, o genitor pode perder o que o Direito chama de \u201cpoder familiar\u201d.<\/p>\n\n\n\n<p>\u201cEm casos mais graves, o pai perde o direito de participa\u00e7\u00e3o ativa na vida do filho, mas \u00e9 importante ressaltar que, mesmo sendo destitu\u00eddo do poder familiar, a obriga\u00e7\u00e3o alimentar n\u00e3o \u00e9 extinta, ou seja, o genitor precisa continuar arcando com as suas responsabilidades financeiras\u201d.<\/p>\n\n\n\n<p>Quem \u00e9 Lucas Costa?<\/p>\n\n\n\n<figure class=\"wp-block-image size-full\"><img fetchpriority=\"high\" decoding=\"async\" width=\"432\" height=\"306\" src=\"https:\/\/novosaopaulo.com.br\/n1\/wp-content\/uploads\/2024\/08\/unnamed.jpg\" alt=\"\" class=\"wp-image-19844\" srcset=\"https:\/\/novosaopaulo.com.br\/n1\/wp-content\/uploads\/2024\/08\/unnamed.jpg 432w, https:\/\/novosaopaulo.com.br\/n1\/wp-content\/uploads\/2024\/08\/unnamed-300x213.jpg 300w\" sizes=\"(max-width: 432px) 100vw, 432px\" \/><\/figure>\n\n\n\n<p>Advogado, formado pelo Centro Universit\u00e1rio Curitiba (UNICURITIBA), com p\u00f3s-gradua\u00e7\u00e3o em direito processual civil pela Academia Brasileira de Direito Constitucional (ABDCONST)<\/p>\n\n\n\n<p>Por dois anos foi membro do grupo de pesquisa em Direito de Fam\u00edlia da UNICURITIBA. Foi membro do Grupo Permanente de Discuss\u00e3o da OAB\/PR na \u00e1rea de Planejamento Sucess\u00f3rio.<\/p>\n\n\n\n<p>\u00c9 membro do Instituto Brasileiro de Direito de Fam\u00edlia (IBDFAM). Tem nove anos de experi\u00eancia na defesa de mulheres em a\u00e7\u00f5es envolvendo viol\u00eancia dom\u00e9stica e nas \u00e1reas de fam\u00edlia e sucess\u00f5es. Possui escrit\u00f3rio f\u00edsico h\u00e1 seis anos na cidade de Curitiba\/PR, atendendo em todo o Brasil.<\/p>\n","protected":false},"excerpt":{"rendered":"<p>Pela legisla\u00e7\u00e3o, genitor tem deveres com o menor mesmo em casos de destitui\u00e7\u00e3o do poder&#8230;<\/p>\n","protected":false},"author":1,"featured_media":19842,"comment_status":"open","ping_status":"open","sticky":false,"template":"","format":"standard","meta":{"footnotes":""},"categories":[2],"tags":[],"featured_image_urls":{"full":["https:\/\/novosaopaulo.com.br\/n1\/wp-content\/uploads\/2024\/08\/diadospais.jpg",975,630,false],"thumbnail":["https:\/\/novosaopaulo.com.br\/n1\/wp-content\/uploads\/2024\/08\/diadospais-150x150.jpg",150,150,true],"medium":["https:\/\/novosaopaulo.com.br\/n1\/wp-content\/uploads\/2024\/08\/diadospais-300x194.jpg",300,194,true],"medium_large":["https:\/\/novosaopaulo.com.br\/n1\/wp-content\/uploads\/2024\/08\/diadospais-768x496.jpg",640,413,true],"large":["https:\/\/novosaopaulo.com.br\/n1\/wp-content\/uploads\/2024\/08\/diadospais.jpg",640,414,false],"1536x1536":["https:\/\/novosaopaulo.com.br\/n1\/wp-content\/uploads\/2024\/08\/diadospais.jpg",975,630,false],"2048x2048":["https:\/\/novosaopaulo.com.br\/n1\/wp-content\/uploads\/2024\/08\/diadospais.jpg",975,630,false],"newsever-slider-full":["https:\/\/novosaopaulo.com.br\/n1\/wp-content\/uploads\/2024\/08\/diadospais.jpg",975,630,false],"newsever-featured":["https:\/\/novosaopaulo.com.br\/n1\/wp-content\/uploads\/2024\/08\/diadospais.jpg",975,630,false],"newsever-medium":["https:\/\/novosaopaulo.com.br\/n1\/wp-content\/uploads\/2024\/08\/diadospais-720x475.jpg",720,475,true]},"author_info":{"display_name":"Reda\u00e7\u00e3o","author_link":"https:\/\/novosaopaulo.com.br\/n1\/author\/g5poa\/"},"category_info":"<a href=\"https:\/\/novosaopaulo.com.br\/n1\/category\/cidades\/\" rel=\"category tag\">Cidades<\/a>","tag_info":"Cidades","comment_count":"0","_links":{"self":[{"href":"https:\/\/novosaopaulo.com.br\/n1\/wp-json\/wp\/v2\/posts\/19840"}],"collection":[{"href":"https:\/\/novosaopaulo.com.br\/n1\/wp-json\/wp\/v2\/posts"}],"about":[{"href":"https:\/\/novosaopaulo.com.br\/n1\/wp-json\/wp\/v2\/types\/post"}],"author":[{"embeddable":true,"href":"https:\/\/novosaopaulo.com.br\/n1\/wp-json\/wp\/v2\/users\/1"}],"replies":[{"embeddable":true,"href":"https:\/\/novosaopaulo.com.br\/n1\/wp-json\/wp\/v2\/comments?post=19840"}],"version-history":[{"count":2,"href":"https:\/\/novosaopaulo.com.br\/n1\/wp-json\/wp\/v2\/posts\/19840\/revisions"}],"predecessor-version":[{"id":19845,"href":"https:\/\/novosaopaulo.com.br\/n1\/wp-json\/wp\/v2\/posts\/19840\/revisions\/19845"}],"wp:featuredmedia":[{"embeddable":true,"href":"https:\/\/novosaopaulo.com.br\/n1\/wp-json\/wp\/v2\/media\/19842"}],"wp:attachment":[{"href":"https:\/\/novosaopaulo.com.br\/n1\/wp-json\/wp\/v2\/media?parent=19840"}],"wp:term":[{"taxonomy":"category","embeddable":true,"href":"https:\/\/novosaopaulo.com.br\/n1\/wp-json\/wp\/v2\/categories?post=19840"},{"taxonomy":"post_tag","embeddable":true,"href":"https:\/\/novosaopaulo.com.br\/n1\/wp-json\/wp\/v2\/tags?post=19840"}],"curies":[{"name":"wp","href":"https:\/\/api.w.org\/{rel}","templated":true}]}}