{"id":19807,"date":"2024-08-06T12:54:08","date_gmt":"2024-08-06T15:54:08","guid":{"rendered":"https:\/\/novosaopaulo.com.br\/n1\/?p=19807"},"modified":"2024-08-06T12:54:08","modified_gmt":"2024-08-06T15:54:08","slug":"espetaculo-o-pescador-e-a-mulher-esqueleto-feito-por-meio-de-bonecos-trata-de-bullying-preconceito-e-padroes-de-beleza","status":"publish","type":"post","link":"https:\/\/novosaopaulo.com.br\/n1\/espetaculo-o-pescador-e-a-mulher-esqueleto-feito-por-meio-de-bonecos-trata-de-bullying-preconceito-e-padroes-de-beleza\/","title":{"rendered":"Espet\u00e1culo O Pescador e a Mulher-Esqueleto, feito por meio de bonecos, trata de bullying, preconceito e padr\u00f5es de beleza"},"content":{"rendered":"\n<p>Grupo Caleidosc\u00f3pio utiliza a t\u00e9cnica japonesa de manipula\u00e7\u00e3o de bonecos Bunraku em montagem sem palavras<\/p>\n\n\n\n<p>A dificuldade em aceitar o que \u00e9 \u201cdiferente\u201d \u00e9 o ponto de partida do novo espet\u00e1culo infantojuvenil do Grupo Caleidosc\u00f3pio, O Pescador e a Mulher-Esqueleto, com dramaturgia e dire\u00e7\u00e3o art\u00edstica de Jo\u00e3o Bresser e elenco formado pelos atores-manipuladores Anderson Gangla, C\u00e1ssia Carvalho, Juliana Fegoci e Liz Mantovani. O trabalho estreia em uma temporada gratuita por diversos teatros p\u00fablicos na Grande S\u00e3o Paulo entre os dias 4 de agosto e 22 de setembro.<\/p>\n\n\n\n<p>O espet\u00e1culo explora a linguagem do teatro de bonecos a partir da t\u00e9cnica japonesa milenar Bunraku, quando at\u00e9 tr\u00eas atores-manipuladores, com movimentos sincronizados, manuseiam bonecos constru\u00eddos com articula\u00e7\u00f5es baseadas no corpo humano.<\/p>\n\n\n\n<p>Turn\u00ea<br>A turn\u00ea come\u00e7a no dia 4 de agosto, domingo, \u00e0s 16h, no Teatro Elis Regina (S\u00e3o Bernardo do Campo). Depois, segue no dia 10 de agosto, s\u00e1bado, \u00e0s 16h, no Espa\u00e7o de Eventos Batu\u00edra (Po\u00e1) e no dia 11 de agosto, domingo, \u00e0s 16h, no Teatro Municipal de Mau\u00e1. No dia 13 de agosto, ter\u00e7a-feira, \u00e0s 14h, a apresenta\u00e7\u00e3o acontece na sede da Secretaria Municipal de Cultura de Itaquaquecetuba.<\/p>\n\n\n\n<p>Na quarta-feira, dia 14 de agosto, \u00e0s 14h, o espet\u00e1culo \u00e9 exibido no Teatro Municipal Dr Armando de R\u00e9 (Suzano). No dia 15 de agosto, quinta-feira, \u00e0s 14h, \u00e9 a vez do Centro Cultural Serraria (Diadema) ganhar uma apresenta\u00e7\u00e3o. No dia 17 de agosto, s\u00e1bado, \u00e0s 16h, a pe\u00e7a ocupa o Centro Cultural Mestre Assis (Embu das Artes).<\/p>\n\n\n\n<p>A temporada continua no dia 18 de agosto, domingo, \u00e0s 16h, no Teatro Municipal de Itapevi. No dia 20 de agosto, \u00e0s 14h, \u00e9 o Centro de Exposi\u00e7\u00f5es Maestro Sebasti\u00e3o de Mello Faria (Sales\u00f3polis) quem recebe o espet\u00e1culo.<\/p>\n\n\n\n<p>Setembro<br>Ap\u00f3s uma breve pausa, O Pescador e a Mulher Esqueleto volta em cartaz no dia 15 de setembro, domingo, \u00e0s 16h, na Esta\u00e7\u00e3o Cidadania e Cultura (Ferraz de Vasconcelos). No dia 17 de setembro, ter\u00e7a-feira, \u00e0s 14h, o trabalho \u00e9 exibido na Arena de Eventos (Santana de Parna\u00edba).<\/p>\n\n\n\n<p>No dia 18 de setembro, quarta-feira, \u00e0s 14h, a apresenta\u00e7\u00e3o \u00e9 na Pra\u00e7a dos Esportes e da Cultura Nelly Fadlo Daher (Itapecerica da Serra). Por fim, no dia 22 de setembro, domingo, \u00e0s 16h, a pe\u00e7a ocupa o Teatro Padre Bento (Guarulhos).<\/p>\n\n\n\n<p>Oficinas<br>A experi\u00eancia fica ainda mais completa com as oficinas de Teatro de Bonecos Bunraku que acontecem sempre nos dias das sess\u00f5es, em cada uma das cidades. Nos dias de semana, as atividades v\u00e3o das 9h \u00e0s 11h e, aos s\u00e1bados e domingos, das 13h30 \u00e0s 15h30. A \u00fanica exce\u00e7\u00e3o \u00e9 em Diadema: a oficina ocorre no dia 15 de agosto, das 19h \u00e0s 21h. As inscri\u00e7\u00f5es s\u00e3o abertas para todos os p\u00fablicos e devem ser feitas direto nos espa\u00e7os culturais.<br>Al\u00e9m disso, ap\u00f3s as apresenta\u00e7\u00f5es, o Grupo Caleidosc\u00f3pio realiza bate-papos com elenco e dire\u00e7\u00e3o do espet\u00e1culo.<\/p>\n\n\n\n<p>Sobre a encena\u00e7\u00e3o<br>O Pescador e a Mulher-Esqueleto \u00e9 baseado no conto milenar hom\u00f4nimo do povo Inuit, uma na\u00e7\u00e3o ind\u00edgena esquim\u00f3 que habita as regi\u00f5es \u00e1rticas do Canad\u00e1, do Alasca e da Groenl\u00e2ndia. A hist\u00f3ria est\u00e1 presente no livro Mulheres que correm com os lobos: Mitos e hist\u00f3rias do arqu\u00e9tipo da Mulher Selvagem, da psic\u00f3loga Junguiana norte-americana Clarissa Pinkola Est\u00e9s.<br>Na trama, um pescador pesca acidentalmente do fundo do mar uma mulher-esqueleto e, ap\u00f3s terem dificuldade para se aceitar, a dupla acaba enredada em uma hist\u00f3ria de amor.<\/p>\n\n\n\n<p>\u201cNo conto original, a mulher-esqueleto adquire carne e, em uma met\u00e1fora, arranca o cora\u00e7\u00e3o do pescador, mas n\u00e3o era esse o ponto que me interessava. Eu tive a intui\u00e7\u00e3o de mant\u00ea-la como esqueleto, para justamente unir dois seres completamente diferentes e fomentar uma discuss\u00e3o sobre preconceito, bullying e aceita\u00e7\u00e3o. Assim, o amor, que \u00e9 o pilar da pe\u00e7a, transformar\u00e1 os dois personagens, mas somente em seus cora\u00e7\u00f5es, e n\u00e3o em suas apar\u00eancias\u201d, comenta Jo\u00e3o Bresser.<\/p>\n\n\n\n<figure class=\"wp-block-image size-full\"><img fetchpriority=\"high\" decoding=\"async\" width=\"960\" height=\"635\" src=\"https:\/\/novosaopaulo.com.br\/n1\/wp-content\/uploads\/2024\/08\/img2.jpg\" alt=\"\" class=\"wp-image-19809\" srcset=\"https:\/\/novosaopaulo.com.br\/n1\/wp-content\/uploads\/2024\/08\/img2.jpg 960w, https:\/\/novosaopaulo.com.br\/n1\/wp-content\/uploads\/2024\/08\/img2-300x198.jpg 300w, https:\/\/novosaopaulo.com.br\/n1\/wp-content\/uploads\/2024\/08\/img2-768x508.jpg 768w, https:\/\/novosaopaulo.com.br\/n1\/wp-content\/uploads\/2024\/08\/img2-720x475.jpg 720w\" sizes=\"(max-width: 960px) 100vw, 960px\" \/><\/figure>\n\n\n\n<p>Foto de Ar\u00f4 Ribeiro<\/p>\n\n\n\n<p>O cen\u00e1rio fica em cima de uma bancada de tr\u00eas metros de comprimento e reproduz uma casa com todos os m\u00f3veis e utens\u00edlios de um pescador simples. Os espectadores veem uma cozinha com um forno \u00e0 lenha, pia, mesa de madeira com duas cadeiras e alguns objetos. No quarto, h\u00e1 uma cama antiga de madeira, com um travesseiro e uma coberta. Ao lado da resid\u00eancia fica um quintal com plantas, uma \u00e1rvore e um lago.<\/p>\n\n\n\n<p>A vibrante trilha sonora de Ivan Garro contribui para a imers\u00e3o da plateia. A pe\u00e7a tamb\u00e9m incorpora a linguagem audiovisual para garantir que o p\u00fablico acompanhe a hist\u00f3ria nos m\u00ednimos detalhes.<\/p>\n\n\n\n<p>Todas as cenas no interior da casa s\u00e3o projetadas no varal localizado no quintal do pescador. J\u00e1 as cenas no lago e no quintal s\u00e3o vistas sem a necessidade desse recurso. Dessa forma, os dramas dos personagens ganham mais profundidade.<\/p>\n\n\n\n<p>\u201cN\u00f3s criamos uma sincronia t\u00e3o perfeita entre os atores-manipuladores, as luzes e as cenas gravadas que o p\u00fablico sempre fica em d\u00favida se as proje\u00e7\u00f5es s\u00e3o ao vivo. Acho isso bastante enriquecedor\u201d, fala Bresser.<\/p>\n\n\n\n<p>Confeccionados por Anderson Gangla e Thais Larizzatti, os dois bonecos em cena medem entre 50 e 60 cent\u00edmetros e, para o Grupo Caleidosc\u00f3pio, \u00e9 um grande desafio dar movimentos realistas a eles. \u201cPrecisamos pensar muito bem em como o nosso corpo se comporta quando fazemos a\u00e7\u00f5es simples, como o levantar de uma cama. Ao utilizarmos a t\u00e9cnica Bunrako, temos que tornar os movimentos veross\u00edmeis, como se fosse mesmo um ser humano. Inclusive, os atores-manipuladores vestem-se de preto para n\u00e3o terem nenhum destaque no espet\u00e1culo\u201d, comenta o encenador.<\/p>\n\n\n\n<p>Sobre o Grupo Caleidosc\u00f3pio<\/p>\n\n\n\n<p>O grupo paulistano dedica-se \u00e0 pesquisa do Teatro de Anima\u00e7\u00e3o desde 2003, quando come\u00e7ou o processo de sua primeira cria\u00e7\u00e3o. O espet\u00e1culo O Fant\u00e1stico Laborat\u00f3rio do Professor Percival estreou em 2004 e utiliza a t\u00e9cnica do Teatro de Objetos. Num segundo momento, inicia-se uma nova pesquisa, tendo como inspira\u00e7\u00e3o e ponto de partida a vida do curioso bicho-da-seda. Utilizando a t\u00e9cnica do Teatro de Bonecos com m\u00fasica ao vivo, nasce em 2006, o espet\u00e1culo A vida mudada de um bicho mutante. J\u00e1 em 2011, estreia o terceiro espet\u00e1culo, Andersen sem Palavras, inspirado em cinco contos de Hans Christian Andersen, que s\u00e3o representados atrav\u00e9s do Teatro de Sombras, sem palavras, tal um cinema mudo, onde imagens, figuras, silhuetas, luzes, sombras e m\u00fasicas se unem para entreter e emocionar a plateia. A mais recente produ\u00e7\u00e3o do Grupo \u00e9 o espet\u00e1culo adulto Do Jeito Certo \u2013 Um ato sobre o amor, que aborda de uma maneira irreverente o machismo nas rela\u00e7\u00f5es amorosas, utilizando a t\u00e9cnica do Teatro de Objetos. A montagem foi selecionada no Edital ProAC Expresso Lab 36\/2020 \u2013 Produ\u00e7\u00e3o de Teatro, com temporada online em abril de 2021.]<\/p>\n\n\n\n<p>FICHA T\u00c9CNICA<br>Dramaturgia e Dire\u00e7\u00e3o Art\u00edstica: Jo\u00e3o Bresser<br>Elenco: Anderson Gangla, C\u00e1ssia Carvalho, Juliana Fegoci, Liz Mantovani<br>Cen\u00e1rio e adere\u00e7os: Valter Valverde e Louren\u00e7o Amaral<br>Confec\u00e7\u00e3o dos bonecos: Anderson Gangla e Thais Larizzatti<br>Trilha Sonora: Ivan Garro<br>Ilumina\u00e7\u00e3o: Thatiana Moraes<br>Imagens: Capote Filmes<br>Assistente de ilumina\u00e7\u00e3o: Danilo Mora e Marcelo Pessoa<br>Opera\u00e7\u00e3o de som e imagens: Gylez Batista e Paulo Higa<br>Fotografia: Ar\u00f4 Ribeiro<br>Figurino: Rog\u00e9rio Romualdo<br>Assessoria de Imprensa: Canal Aberto<br>Programa\u00e7\u00e3o Visual: Walmick de Holanda<br>Projeto audiodescri\u00e7\u00e3o: Gangorra<br>Oficina de Teatro de Bonecos: Grupo Caleidosc\u00f3pio<br>Produ\u00e7\u00e3o: C\u00e1ssia Carvalho e Lucas Gon\u00e7alves<br>Administra\u00e7\u00e3o: JB Produ\u00e7\u00f5es<br>Coordena\u00e7\u00e3o: Grupo Caleidosc\u00f3pio<\/p>\n\n\n\n<p>SERVI\u00c7O<br>O Pescador e a Mulher-Esqueleto<br>Dura\u00e7\u00e3o: 50 minutos<br>Classifica\u00e7\u00e3o: livre (recomendado a partir de 7 anos)<br>Acessibilidade: haver\u00e1 audiodescri\u00e7\u00e3o e int\u00e9rpretes de Libras em todas as apresenta\u00e7\u00f5es<\/p>\n\n\n\n<p>TEATRO ELIS REGINA<br>Data: 4 de agosto, domingo, \u00e0s 16h<br>Endere\u00e7o: Av. Jo\u00e3o Firmino, 900 \u2013 Assun\u00e7\u00e3o \u2013 S\u00e3o Bernardo do Campo<br>Ingresso: gratuito \u2013 retirada de ingressos na bilheteria com uma hora de anteced\u00eancia<br>*Haver\u00e1 bate-papo ap\u00f3s o espet\u00e1culo<br>*Oficina de Teatro de Bonecos Bunkaru das 13h30 \u00e0s 15h30<\/p>\n\n\n\n<p>ESPA\u00c7O DE EVENTOS BATU\u00cdRA<br>Data: 10 de agosto, s\u00e1bado, \u00e0s 16h<br>Endere\u00e7o: Rua Porto Ferreira, 89 &#8211; Centro &#8211; Po\u00e1<br>Ingresso: gratuito \u2013 retirada de ingressos na bilheteria com uma hora de anteced\u00eancia<br>*Haver\u00e1 bate-papo ap\u00f3s o espet\u00e1culo<br>*Oficina de Teatro de Bonecos Bunkaru das 13h30 \u00e0s 15h30<\/p>\n\n\n\n<p>TEATRO MUNICIPAL DE MAU\u00c1<br>Data: 11 de agosto, domingo, \u00e0s 16h<br>Endere\u00e7o: R. Gabriel Marques, n\u00ba 353 &#8211; Vila No\u00eamia \u2013 Mau\u00e1<br>Ingresso: gratuito \u2013 retirada de ingressos na bilheteria com uma hora de anteced\u00eancia<br>*Haver\u00e1 bate-papo ap\u00f3s o espet\u00e1culo<br>*Oficina de Teatro de Bonecos Bunkaru das 13h30 \u00e0s 15h30<br>SEDE DA SECRETARIA MUNICIPAL DE CULTURA DE ITAQUAQUECETUBA<br>Data: 13 de agosto, ter\u00e7a-feira, \u00e0s 14h.<br>Endere\u00e7o: Av. Ver. Jo\u00e3o Fernandes da Silva, 53 &#8211; Vila Virg\u00ednia &#8211; Itaquaquecetuba<br>Ingresso: gratuito \u2013 retirada de ingressos na bilheteria com uma hora de anteced\u00eancia<br>*Haver\u00e1 bate-papo ap\u00f3s o espet\u00e1culo<br>*Oficina de Teatro de Bonecos Bunkaru das 9h \u00e0s 11h<\/p>\n\n\n\n<p>TEATRO MUNICIPAL DR ARMANDO DE R\u00c9<br>Data: 14 de agosto, quarta-feira, \u00e0s 14h<br>Endere\u00e7o: R. General Francisco Glic\u00e9rio, 1354 \u2013 Centro, Suzano<br>Ingresso: gratuito \u2013 retirada de ingressos na bilheteria com uma hora de anteced\u00eancia<br>*Haver\u00e1 bate-papo ap\u00f3s o espet\u00e1culo<br>*Oficina de Teatro de Bonecos Bunkaru das 9h \u00e0s 11h<\/p>\n\n\n\n<p>CENTRO CULTURAL SERRARIA<br>Data: 15 de agosto, quinta-feira, \u00e0s 14h<br>Endere\u00e7o: R. Guarani, 790 &#8211; Vila Concei\u00e7\u00e3o &#8211; Diadema<br>Ingresso: gratuito \u2013 retirada de ingressos na bilheteria com uma hora de anteced\u00eancia<br>*Haver\u00e1 bate-papo ap\u00f3s o espet\u00e1culo<br>*Oficina de Teatro de Bonecos Bunkaru das 19h \u00e0s 21h<\/p>\n\n\n\n<p>CENTRO CULTURAL MESTRE ASSIS<br>Data: 17 de agosto, s\u00e1bado, \u00e0s 16h<br>Endere\u00e7o: Largo 21 de abril, 29 &#8211; Centro \u2013 Centro \u2013 Embu das Artes<br>Ingresso: gratuito \u2013 retirada de ingressos na bilheteria com uma hora de anteced\u00eancia<br>*Haver\u00e1 bate-papo ap\u00f3s o espet\u00e1culo<br>*Oficina de Teatro de Bonecos Bunkaru das 13h30 \u00e0s 15h30<\/p>\n\n\n\n<p>TEATRO MUNICIPAL DE ITAPEVI<br>Data: 18 de agosto, domingo, \u00e0s 16h<br>Endere\u00e7o: R. Professor Irineu Chaluppe, 65 &#8211; Jardim Itapevi &#8211; Itapevi<br>Ingresso: gratuito \u2013 retirada de ingressos na bilheteria com uma hora de anteced\u00eancia<br>*Haver\u00e1 bate-papo ap\u00f3s o espet\u00e1culo<br>*Oficina de Teatro de Bonecos Bunkaru das 13h30 \u00e0s 15h30<\/p>\n\n\n\n<p>CENTRO DE EXPOSI\u00c7\u00d5ES MAESTRO SEBASTI\u00c3O DE MELLO FARIA<br>Data: 20 de agosto, ter\u00e7a-feira, \u00e0s 14h<br>Endere\u00e7o: R. Prefeito Ant\u00f4nio Camargo Primo, 150 \u2013 Sales\u00f3polis<br>Ingresso: gratuito \u2013 retirada de ingressos na bilheteria com uma hora de anteced\u00eancia<br>*Haver\u00e1 bate-papo ap\u00f3s o espet\u00e1culo<br>*Oficina de Teatro de Bonecos Bunkaru das 9h \u00e0s 11h<\/p>\n\n\n\n<p>Setembro<\/p>\n\n\n\n<p>ESTA\u00c7\u00c3O CIDADANIA E CULTURA<br>Data: 15 de setembro, domingo, \u00e0s 16h<br>Endere\u00e7o: Rua Francisco Sperandio, 200 &#8211; Cidade Kemel &#8211; Ferraz de Vasconcelos<br>Ingresso: gratuito \u2013 retirada de ingressos na bilheteria com uma hora de anteced\u00eancia<br>*Haver\u00e1 bate-papo ap\u00f3s o espet\u00e1culo<br>*Oficina de Teatro de Bonecos Bunkaru das 13h30 \u00e0s 15h30<\/p>\n\n\n\n<p>ARENA DE EVENTOS<br>Data: 17 de setembro, ter\u00e7a-feira, \u00e0s 14h<br>Endere\u00e7o: Av. Esperan\u00e7a, 450 &#8211; Campo da Vila &#8211; Santana de Parna\u00edba<br>Ingresso: gratuito \u2013 retirada de ingressos na bilheteria com uma hora de anteced\u00eancia<br>*Haver\u00e1 bate-papo ap\u00f3s o espet\u00e1culo<br>*Oficina de Teatro de Bonecos Bunkaru das 9h \u00e0s 11h<\/p>\n\n\n\n<p>PEC &#8211; PRA\u00c7A DOS ESPORTES E DA CULTURA NELLY FADLO DAHER<br>Data: 18 de setembro, quarta-feira, \u00e0s 14h<br>Endere\u00e7o: Rua \u00c1lvaro de Almeida Leme, 499 &#8211; Itapecerica da Serra<br>Ingresso: gratuito \u2013 retirada de ingressos na bilheteria com uma hora de anteced\u00eancia<br>*Haver\u00e1 bate-papo ap\u00f3s o espet\u00e1culo<br>*Oficina de Teatro de Bonecos Bunkaru das 9h \u00e0s 11h<\/p>\n\n\n\n<p>TEATRO PADRE BENTO<br>Data: 22 de setembro, domingo, \u00e0s 16h<br>Endere\u00e7o: Rua Francisco Foot, 3 &#8211; Jardim Tranquilidade &#8211; Guarulhos<br>Ingresso: gratuito \u2013 retirada de ingressos na bilheteria com uma hora de anteced\u00eancia<br>*Haver\u00e1 bate-papo ap\u00f3s o espet\u00e1culo<br>*Oficina de Teatro de Bonecos Bunkaru das 13h30 \u00e0s 15h30<\/p>\n\n\n\n<p>*Foto Capa: Ar\u00f4 Ribeiro<\/p>\n","protected":false},"excerpt":{"rendered":"<p>Grupo Caleidosc\u00f3pio utiliza a t\u00e9cnica japonesa de manipula\u00e7\u00e3o de bonecos Bunraku em montagem sem palavras&#8230;<\/p>\n","protected":false},"author":1,"featured_media":19808,"comment_status":"open","ping_status":"open","sticky":false,"template":"","format":"standard","meta":{"footnotes":""},"categories":[2,45],"tags":[],"featured_image_urls":{"full":["https:\/\/novosaopaulo.com.br\/n1\/wp-content\/uploads\/2024\/08\/img.jpg",461,306,false],"thumbnail":["https:\/\/novosaopaulo.com.br\/n1\/wp-content\/uploads\/2024\/08\/img-150x150.jpg",150,150,true],"medium":["https:\/\/novosaopaulo.com.br\/n1\/wp-content\/uploads\/2024\/08\/img-300x199.jpg",300,199,true],"medium_large":["https:\/\/novosaopaulo.com.br\/n1\/wp-content\/uploads\/2024\/08\/img.jpg",461,306,false],"large":["https:\/\/novosaopaulo.com.br\/n1\/wp-content\/uploads\/2024\/08\/img.jpg",461,306,false],"1536x1536":["https:\/\/novosaopaulo.com.br\/n1\/wp-content\/uploads\/2024\/08\/img.jpg",461,306,false],"2048x2048":["https:\/\/novosaopaulo.com.br\/n1\/wp-content\/uploads\/2024\/08\/img.jpg",461,306,false],"newsever-slider-full":["https:\/\/novosaopaulo.com.br\/n1\/wp-content\/uploads\/2024\/08\/img.jpg",461,306,false],"newsever-featured":["https:\/\/novosaopaulo.com.br\/n1\/wp-content\/uploads\/2024\/08\/img.jpg",461,306,false],"newsever-medium":["https:\/\/novosaopaulo.com.br\/n1\/wp-content\/uploads\/2024\/08\/img.jpg",461,306,false]},"author_info":{"display_name":"Reda\u00e7\u00e3o","author_link":"https:\/\/novosaopaulo.com.br\/n1\/author\/g5poa\/"},"category_info":"<a href=\"https:\/\/novosaopaulo.com.br\/n1\/category\/cidades\/\" rel=\"category tag\">Cidades<\/a> <a href=\"https:\/\/novosaopaulo.com.br\/n1\/category\/cultura\/\" rel=\"category tag\">Cultura<\/a>","tag_info":"Cultura","comment_count":"0","_links":{"self":[{"href":"https:\/\/novosaopaulo.com.br\/n1\/wp-json\/wp\/v2\/posts\/19807"}],"collection":[{"href":"https:\/\/novosaopaulo.com.br\/n1\/wp-json\/wp\/v2\/posts"}],"about":[{"href":"https:\/\/novosaopaulo.com.br\/n1\/wp-json\/wp\/v2\/types\/post"}],"author":[{"embeddable":true,"href":"https:\/\/novosaopaulo.com.br\/n1\/wp-json\/wp\/v2\/users\/1"}],"replies":[{"embeddable":true,"href":"https:\/\/novosaopaulo.com.br\/n1\/wp-json\/wp\/v2\/comments?post=19807"}],"version-history":[{"count":1,"href":"https:\/\/novosaopaulo.com.br\/n1\/wp-json\/wp\/v2\/posts\/19807\/revisions"}],"predecessor-version":[{"id":19810,"href":"https:\/\/novosaopaulo.com.br\/n1\/wp-json\/wp\/v2\/posts\/19807\/revisions\/19810"}],"wp:featuredmedia":[{"embeddable":true,"href":"https:\/\/novosaopaulo.com.br\/n1\/wp-json\/wp\/v2\/media\/19808"}],"wp:attachment":[{"href":"https:\/\/novosaopaulo.com.br\/n1\/wp-json\/wp\/v2\/media?parent=19807"}],"wp:term":[{"taxonomy":"category","embeddable":true,"href":"https:\/\/novosaopaulo.com.br\/n1\/wp-json\/wp\/v2\/categories?post=19807"},{"taxonomy":"post_tag","embeddable":true,"href":"https:\/\/novosaopaulo.com.br\/n1\/wp-json\/wp\/v2\/tags?post=19807"}],"curies":[{"name":"wp","href":"https:\/\/api.w.org\/{rel}","templated":true}]}}