{"id":19694,"date":"2024-07-24T23:49:12","date_gmt":"2024-07-25T02:49:12","guid":{"rendered":"https:\/\/novosaopaulo.com.br\/n1\/?p=19694"},"modified":"2024-07-24T23:49:13","modified_gmt":"2024-07-25T02:49:13","slug":"morre-o-ex-prefeito-de-poa-carlos-roberto-marques-da-silva","status":"publish","type":"post","link":"https:\/\/novosaopaulo.com.br\/n1\/morre-o-ex-prefeito-de-poa-carlos-roberto-marques-da-silva\/","title":{"rendered":"Morre o ex-prefeito de Po\u00e1, Carlos Roberto Marques da Silva"},"content":{"rendered":"\n<p>O ex-prefeito de Po\u00e1, Carlos Roberto Marques da Silva, faleceu aos 79 anos, por infarto fulminante, no dia 24 de julho. A Prefeitura de Po\u00e1 decretou luto oficial, manifestando solidariedade \u00e0 fam\u00edlia. Marques deixa a esposa Maria da Gra\u00e7a Chaia Marques e os filhos Andr\u00e9 Marques, Aline Marques e Aretha Marques. Sua outra filha, Alethea Marques, faleceu em 2022 por c\u00e2ncer. Sua esposa Gra\u00e7a Marques \u00e9 a atual Secret\u00e1ria da Mulher da Prefeitura de Po\u00e1.<br>Carlos Roberto Marques era filho de Jos\u00e9 Louren\u00e7o Marques da Silva, o primeiro prefeito de Po\u00e1, e que ocupou a prefeitura por tr\u00eas mandatos. Al\u00e9m de advogado, Roberto Marques seguiu os passos do pai na vida pol\u00edtica, se filiando ao PTB, Partido Trabalhista Brasileiro. Em 1996, foi eleito vice-prefeito na chapa com o prefeito Jorge Allen. Com a morte de Allen em 1998, Roberto Marques assumiu a Prefeitura at\u00e9 2000.<br>Em 2005, venceu as elei\u00e7\u00f5es, administrando Po\u00e1 at\u00e9 2008. Nesse per\u00edodo, realizou importantes obras em Po\u00e1, como a revitaliza\u00e7\u00e3o da Avenida Get\u00falio Vargas, em Calmon Viana, e da Avenida Nove de Julho; constru\u00e7\u00e3o do atual pr\u00e9dio da C\u00e2mara Municipal; recupera\u00e7\u00e3o total do Hospital Municipal e constru\u00e7\u00e3o da Maternidade Maria de Nazar\u00e9; reforma da Pra\u00e7a da B\u00edblia; reforma de todas as escolas, e implanta\u00e7\u00e3o de ensino especializado para alunos especiais. O Ideb \u2013 \u00cdndice de Desenvolvimento de Educa\u00e7\u00e3o B\u00e1sica &#8211; desse per\u00edodo foi o maior de toda a regi\u00e3o. Em seu governo foi feita a mais ampla e completa revis\u00e3o do Plano Diretor, com intensa participa\u00e7\u00e3o popular.<br>Roberto Marques completaria 80 anos no dia 20 de novembro deste ano. Seu vel\u00f3rio ser\u00e1 realizado na C\u00e2mara Municipal de Po\u00e1 a partir das 8 horas do dia 25 de julho.<\/p>\n","protected":false},"excerpt":{"rendered":"<p>O ex-prefeito de Po\u00e1, Carlos Roberto Marques da Silva, faleceu aos 79 anos, por infarto&#8230;<\/p>\n","protected":false},"author":1,"featured_media":19695,"comment_status":"open","ping_status":"open","sticky":false,"template":"","format":"standard","meta":{"footnotes":""},"categories":[8],"tags":[],"featured_image_urls":{"full":["https:\/\/novosaopaulo.com.br\/n1\/wp-content\/uploads\/2024\/07\/WhatsApp-Image-2024-07-24-at-23.16.55.jpeg",703,758,false],"thumbnail":["https:\/\/novosaopaulo.com.br\/n1\/wp-content\/uploads\/2024\/07\/WhatsApp-Image-2024-07-24-at-23.16.55-150x150.jpeg",150,150,true],"medium":["https:\/\/novosaopaulo.com.br\/n1\/wp-content\/uploads\/2024\/07\/WhatsApp-Image-2024-07-24-at-23.16.55-278x300.jpeg",278,300,true],"medium_large":["https:\/\/novosaopaulo.com.br\/n1\/wp-content\/uploads\/2024\/07\/WhatsApp-Image-2024-07-24-at-23.16.55.jpeg",640,690,false],"large":["https:\/\/novosaopaulo.com.br\/n1\/wp-content\/uploads\/2024\/07\/WhatsApp-Image-2024-07-24-at-23.16.55.jpeg",640,690,false],"1536x1536":["https:\/\/novosaopaulo.com.br\/n1\/wp-content\/uploads\/2024\/07\/WhatsApp-Image-2024-07-24-at-23.16.55.jpeg",703,758,false],"2048x2048":["https:\/\/novosaopaulo.com.br\/n1\/wp-content\/uploads\/2024\/07\/WhatsApp-Image-2024-07-24-at-23.16.55.jpeg",703,758,false],"newsever-slider-full":["https:\/\/novosaopaulo.com.br\/n1\/wp-content\/uploads\/2024\/07\/WhatsApp-Image-2024-07-24-at-23.16.55.jpeg",703,758,false],"newsever-featured":["https:\/\/novosaopaulo.com.br\/n1\/wp-content\/uploads\/2024\/07\/WhatsApp-Image-2024-07-24-at-23.16.55.jpeg",703,758,false],"newsever-medium":["https:\/\/novosaopaulo.com.br\/n1\/wp-content\/uploads\/2024\/07\/WhatsApp-Image-2024-07-24-at-23.16.55-703x475.jpeg",703,475,true]},"author_info":{"display_name":"Reda\u00e7\u00e3o","author_link":"https:\/\/novosaopaulo.com.br\/n1\/author\/g5poa\/"},"category_info":"<a href=\"https:\/\/novosaopaulo.com.br\/n1\/category\/poa\/\" rel=\"category tag\">Po\u00e1<\/a>","tag_info":"Po\u00e1","comment_count":"0","_links":{"self":[{"href":"https:\/\/novosaopaulo.com.br\/n1\/wp-json\/wp\/v2\/posts\/19694"}],"collection":[{"href":"https:\/\/novosaopaulo.com.br\/n1\/wp-json\/wp\/v2\/posts"}],"about":[{"href":"https:\/\/novosaopaulo.com.br\/n1\/wp-json\/wp\/v2\/types\/post"}],"author":[{"embeddable":true,"href":"https:\/\/novosaopaulo.com.br\/n1\/wp-json\/wp\/v2\/users\/1"}],"replies":[{"embeddable":true,"href":"https:\/\/novosaopaulo.com.br\/n1\/wp-json\/wp\/v2\/comments?post=19694"}],"version-history":[{"count":1,"href":"https:\/\/novosaopaulo.com.br\/n1\/wp-json\/wp\/v2\/posts\/19694\/revisions"}],"predecessor-version":[{"id":19696,"href":"https:\/\/novosaopaulo.com.br\/n1\/wp-json\/wp\/v2\/posts\/19694\/revisions\/19696"}],"wp:featuredmedia":[{"embeddable":true,"href":"https:\/\/novosaopaulo.com.br\/n1\/wp-json\/wp\/v2\/media\/19695"}],"wp:attachment":[{"href":"https:\/\/novosaopaulo.com.br\/n1\/wp-json\/wp\/v2\/media?parent=19694"}],"wp:term":[{"taxonomy":"category","embeddable":true,"href":"https:\/\/novosaopaulo.com.br\/n1\/wp-json\/wp\/v2\/categories?post=19694"},{"taxonomy":"post_tag","embeddable":true,"href":"https:\/\/novosaopaulo.com.br\/n1\/wp-json\/wp\/v2\/tags?post=19694"}],"curies":[{"name":"wp","href":"https:\/\/api.w.org\/{rel}","templated":true}]}}