{"id":19259,"date":"2024-06-14T14:23:20","date_gmt":"2024-06-14T17:23:20","guid":{"rendered":"https:\/\/novosaopaulo.com.br\/n1\/?p=19259"},"modified":"2024-06-14T14:23:20","modified_gmt":"2024-06-14T17:23:20","slug":"alva-marca-presenca-na-naturaltech-2024-com-nova-linha-de-cuidados-infantis-e-balms-com-fator-de-protecao-solar","status":"publish","type":"post","link":"https:\/\/novosaopaulo.com.br\/n1\/alva-marca-presenca-na-naturaltech-2024-com-nova-linha-de-cuidados-infantis-e-balms-com-fator-de-protecao-solar\/","title":{"rendered":"Alva marca presen\u00e7a na NaturalTech 2024 com nova linha de cuidados infantis e balms com fator de prote\u00e7\u00e3o solar"},"content":{"rendered":"\n<p>Em sua 15\u00aa participa\u00e7\u00e3o no evento, a marca, que tamb\u00e9m \u00e9 uma das patrocinadoras desta edi\u00e7\u00e3o, convida o p\u00fablico a embarcar em sua jornada de evolu\u00e7\u00e3o e apresenta um spoiler de sua nova identidade visual<br>A Alva Personal Care, empresa refer\u00eancia na \u00e1rea de cosm\u00e9ticos org\u00e2nicos, estar\u00e1 presente na NaturalTech, a maior feira de neg\u00f3cios em produtos naturais da Am\u00e9rica Latina, que acontece de 12 a 15 de junho, em S\u00e3o Paulo. Conhecida por seus desodorantes naturais, prop\u00f5e acompanhar seus clientes em todas as etapas da rotina de beleza e autocuidado.<\/p>\n\n\n\n<p>Pela 15\u00aa vez no evento, a marca apresentar\u00e1 ao p\u00fablico dois lan\u00e7amentos: a amplia\u00e7\u00e3o da linha Sun, com a chegada dos balms com cor e fator de prote\u00e7\u00e3o solar FPS 45, e sua Linha Kids, de cuidados infantis. Ambos j\u00e1 estar\u00e3o com embalagem na nova identidade visual da marca, que inicia sua fase de transi\u00e7\u00e3o na feira ao apresentar ao p\u00fablico, em primeira m\u00e3o, as novidades dessa transforma\u00e7\u00e3o com alguns spoilers.<\/p>\n\n\n\n<p>O estande da Alva \u00e9 outro destaque em sua participa\u00e7\u00e3o no evento. Inspirado em uma esta\u00e7\u00e3o de trem, o espa\u00e7o tem como objetivo traduzir as mensagens-chave da marca e, principalmente, expressar seu momento de evolu\u00e7\u00e3o e tamb\u00e9m a constante transforma\u00e7\u00e3o que \u00e9 a vida. \u201cNossa ideia \u00e9 comunicar claramente essa transi\u00e7\u00e3o do convencional para o natural, destacando a transpar\u00eancia e autenticidade que a nossa marca oferece. Por isso, criamos a Esta\u00e7\u00e3o Alva, com vag\u00f5es que simbolizam essa jornada\u201d, revela Ananda Boschilia, CEO e fundadora da Alva Personal Care.<\/p>\n\n\n\n<p>Os visitantes tamb\u00e9m poder\u00e3o acompanhar uma cabine interativa para dar sua opini\u00e3o sobre o consumo de produtos sustent\u00e1veis que ir\u00e3o contribuir com o novo momento da empresa. Quem participar da a\u00e7\u00e3o ganhar\u00e1 uma surpresa da Alva diretamente em sua casa. O estande ainda ir\u00e1 proporcionar uma intera\u00e7\u00e3o com m\u00e1quina de brindes e descontos especiais. Al\u00e9m disso, vale destacar que parte da esta\u00e7\u00e3o foi arquitetada com impress\u00e3o 3D em material recicl\u00e1vel, refor\u00e7ando o compromisso da marca com a sustentabilidade.<\/p>\n\n\n\n<p>Lan\u00e7amentos: nova linha de cuidados infantis e amplia\u00e7\u00e3o da gama de produtos de prote\u00e7\u00e3o solar<\/p>\n\n\n\n<p>A Alva ir\u00e1 apresentar para o p\u00fablico dois lan\u00e7amentos: a Linha Kids e os balms com cor e fator de prote\u00e7\u00e3o solar da linha Sun.<\/p>\n\n\n\n<p>A linha completa de cuidados infantis inclui shampoo, condicionador, creme de pentear, desodorante e protetor solar stick FPS 55, que combina o melhor da natureza para cuidar delicadamente das crian\u00e7as, promovendo sa\u00fade e bem-estar desde os primeiros anos. Com um cheirinho delicioso da mistura c\u00edtrica da laranja com a do\u00e7ura da baunilha, essa linha oferece uma experi\u00eancia acolhedora e delicada. \u00c9 100% natural, possui a certifica\u00e7\u00e3o Eu Reciclo, n\u00e3o irrita os olhos, \u00e9 dermatologicamente testada, vegana e livre de ingredientes qu\u00edmicos e sint\u00e9ticos.<\/p>\n\n\n\n<p>J\u00e1 a linha Sun agora possui balms com cor e prote\u00e7\u00e3o solar f\u00edsica, que unem praticidade, natureza e inova\u00e7\u00e3o para aproveitar a vida de forma saud\u00e1vel e segura. \u00c9 100% natural e mineral com \u00d3xido de Zinco, vegana, com ativos naturais antioxidantes, como \u00f3leo de Pracaxi e Esqualano, FPS 45 e FPUVA 15, hipoalerg\u00eanica, resistente \u00e0 \u00e1gua e ao suor, dermatologicamente testada, livre de parabenos e livre de fragr\u00e2ncia sint\u00e9tica, al\u00e9m de possuir as certifica\u00e7\u00f5es: B-Corp, Carbon Free e Eu Reciclo.<\/p>\n\n\n\n<p>Sobre a Alva:<\/p>\n\n\n\n<p>A Alva \u00e9 uma marca de cosm\u00e9ticos org\u00e2nicos que est\u00e1 h\u00e1 16 anos no mercado. A empresa tem como carro-chefe os desodorantes naturais e atualmente \u00e9 sin\u00f4nimo de beleza limpa e autocuidado completo. Alva j\u00e1 transformou a rotina de muitas pessoas e hoje \u00e9 ela quem est\u00e1 se transformando com a miss\u00e3o de cada vez mais impactar novos consumidores atrav\u00e9s de seus produtos inovadores. Para conhecer mais sobre a empresa acesse o site: www.alvapersonalcare.com.br<\/p>\n\n\n\n<p>Servi\u00e7o:<\/p>\n\n\n\n<p>NaturalTech<\/p>\n\n\n\n<p>Dias: 12 a 15 de junho<\/p>\n\n\n\n<p>Hor\u00e1rio: 10h \u00e0s 20h<\/p>\n\n\n\n<p>Local: Distrito Anhembi, Rua Professor Milton Rodrigues, Santana, S\u00e3o Paulo<\/p>\n","protected":false},"excerpt":{"rendered":"<p>Em sua 15\u00aa participa\u00e7\u00e3o no evento, a marca, que tamb\u00e9m \u00e9 uma das patrocinadoras desta&#8230;<\/p>\n","protected":false},"author":1,"featured_media":19260,"comment_status":"open","ping_status":"open","sticky":false,"template":"","format":"standard","meta":{"footnotes":""},"categories":[38],"tags":[],"featured_image_urls":{"full":["https:\/\/novosaopaulo.com.br\/n1\/wp-content\/uploads\/2024\/06\/WhatsApp-Image-2024-06-14-at-11.52.39.jpeg",480,360,false],"thumbnail":["https:\/\/novosaopaulo.com.br\/n1\/wp-content\/uploads\/2024\/06\/WhatsApp-Image-2024-06-14-at-11.52.39-150x150.jpeg",150,150,true],"medium":["https:\/\/novosaopaulo.com.br\/n1\/wp-content\/uploads\/2024\/06\/WhatsApp-Image-2024-06-14-at-11.52.39-300x225.jpeg",300,225,true],"medium_large":["https:\/\/novosaopaulo.com.br\/n1\/wp-content\/uploads\/2024\/06\/WhatsApp-Image-2024-06-14-at-11.52.39.jpeg",480,360,false],"large":["https:\/\/novosaopaulo.com.br\/n1\/wp-content\/uploads\/2024\/06\/WhatsApp-Image-2024-06-14-at-11.52.39.jpeg",480,360,false],"1536x1536":["https:\/\/novosaopaulo.com.br\/n1\/wp-content\/uploads\/2024\/06\/WhatsApp-Image-2024-06-14-at-11.52.39.jpeg",480,360,false],"2048x2048":["https:\/\/novosaopaulo.com.br\/n1\/wp-content\/uploads\/2024\/06\/WhatsApp-Image-2024-06-14-at-11.52.39.jpeg",480,360,false],"newsever-slider-full":["https:\/\/novosaopaulo.com.br\/n1\/wp-content\/uploads\/2024\/06\/WhatsApp-Image-2024-06-14-at-11.52.39.jpeg",480,360,false],"newsever-featured":["https:\/\/novosaopaulo.com.br\/n1\/wp-content\/uploads\/2024\/06\/WhatsApp-Image-2024-06-14-at-11.52.39.jpeg",480,360,false],"newsever-medium":["https:\/\/novosaopaulo.com.br\/n1\/wp-content\/uploads\/2024\/06\/WhatsApp-Image-2024-06-14-at-11.52.39.jpeg",480,360,false]},"author_info":{"display_name":"Reda\u00e7\u00e3o","author_link":"https:\/\/novosaopaulo.com.br\/n1\/author\/g5poa\/"},"category_info":"<a href=\"https:\/\/novosaopaulo.com.br\/n1\/category\/joao-costa\/\" rel=\"category tag\">Jo\u00e3o Costa<\/a>","tag_info":"Jo\u00e3o Costa","comment_count":"0","_links":{"self":[{"href":"https:\/\/novosaopaulo.com.br\/n1\/wp-json\/wp\/v2\/posts\/19259"}],"collection":[{"href":"https:\/\/novosaopaulo.com.br\/n1\/wp-json\/wp\/v2\/posts"}],"about":[{"href":"https:\/\/novosaopaulo.com.br\/n1\/wp-json\/wp\/v2\/types\/post"}],"author":[{"embeddable":true,"href":"https:\/\/novosaopaulo.com.br\/n1\/wp-json\/wp\/v2\/users\/1"}],"replies":[{"embeddable":true,"href":"https:\/\/novosaopaulo.com.br\/n1\/wp-json\/wp\/v2\/comments?post=19259"}],"version-history":[{"count":1,"href":"https:\/\/novosaopaulo.com.br\/n1\/wp-json\/wp\/v2\/posts\/19259\/revisions"}],"predecessor-version":[{"id":19261,"href":"https:\/\/novosaopaulo.com.br\/n1\/wp-json\/wp\/v2\/posts\/19259\/revisions\/19261"}],"wp:featuredmedia":[{"embeddable":true,"href":"https:\/\/novosaopaulo.com.br\/n1\/wp-json\/wp\/v2\/media\/19260"}],"wp:attachment":[{"href":"https:\/\/novosaopaulo.com.br\/n1\/wp-json\/wp\/v2\/media?parent=19259"}],"wp:term":[{"taxonomy":"category","embeddable":true,"href":"https:\/\/novosaopaulo.com.br\/n1\/wp-json\/wp\/v2\/categories?post=19259"},{"taxonomy":"post_tag","embeddable":true,"href":"https:\/\/novosaopaulo.com.br\/n1\/wp-json\/wp\/v2\/tags?post=19259"}],"curies":[{"name":"wp","href":"https:\/\/api.w.org\/{rel}","templated":true}]}}