{"id":19129,"date":"2024-06-06T11:55:34","date_gmt":"2024-06-06T14:55:34","guid":{"rendered":"https:\/\/novosaopaulo.com.br\/n1\/?p=19129"},"modified":"2024-06-06T11:55:35","modified_gmt":"2024-06-06T14:55:35","slug":"prefeitura-de-poa-entrega-campo-do-kemel-no-domingo-9","status":"publish","type":"post","link":"https:\/\/novosaopaulo.com.br\/n1\/prefeitura-de-poa-entrega-campo-do-kemel-no-domingo-9\/","title":{"rendered":"Prefeitura de Po\u00e1 entrega campo do Kemel no domingo (9)"},"content":{"rendered":"\n<p>Novo espa\u00e7o esportivo recebeu grama sint\u00e9tica e ganhou quatro novos vesti\u00e1rios para melhor atender a popula\u00e7\u00e3o<\/p>\n\n\n\n<p>A Prefeitura de Po\u00e1 entrega no pr\u00f3ximo domingo (9), a partir das 9 horas, as obras de revitaliza\u00e7\u00e3o do campo do Barcelona, a Arena Kemel, localizado ao lado do Terminal Rodovi\u00e1rio \u201cPedro Fava\u201d, no bairro Cidade Kemel.<\/p>\n\n\n\n<p>Os servi\u00e7os, que tiveram in\u00edcio em fevereiro deste ano, foram realizados pela Secretaria Municipal de Obras P\u00fablicas e tinham como objetivo a implanta\u00e7\u00e3o de grama sint\u00e9tica no espa\u00e7o esportivo, bem como a constru\u00e7\u00e3o de quatro novos vesti\u00e1rios.<\/p>\n\n\n\n<p>As obras s\u00e3o fruto de um conv\u00eanio entre a Prefeitura de Po\u00e1 e o Governo do Estado. A prefeita Marcia Bin fez quest\u00e3o de acompanhar desde o come\u00e7o os trabalhos realizados pela Secretaria de Obras P\u00fablicas, realizando v\u00e1rias vistorias. \u201cFiz quest\u00e3o de vistoriar toda a obra desde o come\u00e7o. O local j\u00e1 \u00e9 muito utilizado para competi\u00e7\u00f5es e pr\u00e1ticas esportivas e acredito que agora a procura pelo espa\u00e7o ser\u00e1 ainda maior\u201d, destacou.<\/p>\n\n\n\n<p>A primeira etapa da obra foi o servi\u00e7o de terraplanagem da \u00e1rea, bem como os servi\u00e7os de drenagem para, posteriormente, ser feita a implanta\u00e7\u00e3o da grama sint\u00e9tica. \u201cAgrade\u00e7o a todos os envolvidos neste projeto pelo empenho para que pud\u00e9ssemos chegar a este dia t\u00e3o importante\u201d, frisou a prefeita.<\/p>\n\n\n\n<p>\u201cEste \u00e9 um projeto muito importante, porque este campo atende toda a comunidade da Cidade Kemel e dos bairros adjacentes e ir\u00e1 beneficiar muitas pessoas, principalmente crian\u00e7as e jovens. Al\u00e9m de levar lazer e entretenimento, incentiva a pr\u00e1tica esportiva e garante mais qualidade de vida a todos\u201d, enfatizou o secret\u00e1rio de Esportes, Ricardo Sobral.<\/p>\n\n\n\n<p><strong>Inaugura\u00e7\u00e3o da Arena Kemel<\/strong><\/p>\n\n\n\n<p>Dia: 09&nbsp; &#8211;&nbsp; a partir das 9h<\/p>\n\n\n\n<p>Local: Avenida Kemel Addas \/ ao lado do Terminal Pedro Fava<\/p>\n","protected":false},"excerpt":{"rendered":"<p>Novo espa\u00e7o esportivo recebeu grama sint\u00e9tica e ganhou quatro novos vesti\u00e1rios para melhor atender a&#8230;<\/p>\n","protected":false},"author":1,"featured_media":19130,"comment_status":"open","ping_status":"open","sticky":false,"template":"","format":"standard","meta":{"footnotes":""},"categories":[8],"tags":[],"featured_image_urls":{"full":["https:\/\/novosaopaulo.com.br\/n1\/wp-content\/uploads\/2024\/06\/WhatsApp-Image-2024-05-29-at-16.50.18-2.jpeg",400,219,false],"thumbnail":["https:\/\/novosaopaulo.com.br\/n1\/wp-content\/uploads\/2024\/06\/WhatsApp-Image-2024-05-29-at-16.50.18-2-150x150.jpeg",150,150,true],"medium":["https:\/\/novosaopaulo.com.br\/n1\/wp-content\/uploads\/2024\/06\/WhatsApp-Image-2024-05-29-at-16.50.18-2-300x164.jpeg",300,164,true],"medium_large":["https:\/\/novosaopaulo.com.br\/n1\/wp-content\/uploads\/2024\/06\/WhatsApp-Image-2024-05-29-at-16.50.18-2.jpeg",400,219,false],"large":["https:\/\/novosaopaulo.com.br\/n1\/wp-content\/uploads\/2024\/06\/WhatsApp-Image-2024-05-29-at-16.50.18-2.jpeg",400,219,false],"1536x1536":["https:\/\/novosaopaulo.com.br\/n1\/wp-content\/uploads\/2024\/06\/WhatsApp-Image-2024-05-29-at-16.50.18-2.jpeg",400,219,false],"2048x2048":["https:\/\/novosaopaulo.com.br\/n1\/wp-content\/uploads\/2024\/06\/WhatsApp-Image-2024-05-29-at-16.50.18-2.jpeg",400,219,false],"newsever-slider-full":["https:\/\/novosaopaulo.com.br\/n1\/wp-content\/uploads\/2024\/06\/WhatsApp-Image-2024-05-29-at-16.50.18-2.jpeg",400,219,false],"newsever-featured":["https:\/\/novosaopaulo.com.br\/n1\/wp-content\/uploads\/2024\/06\/WhatsApp-Image-2024-05-29-at-16.50.18-2.jpeg",400,219,false],"newsever-medium":["https:\/\/novosaopaulo.com.br\/n1\/wp-content\/uploads\/2024\/06\/WhatsApp-Image-2024-05-29-at-16.50.18-2.jpeg",400,219,false]},"author_info":{"display_name":"Reda\u00e7\u00e3o","author_link":"https:\/\/novosaopaulo.com.br\/n1\/author\/g5poa\/"},"category_info":"<a href=\"https:\/\/novosaopaulo.com.br\/n1\/category\/poa\/\" rel=\"category tag\">Po\u00e1<\/a>","tag_info":"Po\u00e1","comment_count":"0","_links":{"self":[{"href":"https:\/\/novosaopaulo.com.br\/n1\/wp-json\/wp\/v2\/posts\/19129"}],"collection":[{"href":"https:\/\/novosaopaulo.com.br\/n1\/wp-json\/wp\/v2\/posts"}],"about":[{"href":"https:\/\/novosaopaulo.com.br\/n1\/wp-json\/wp\/v2\/types\/post"}],"author":[{"embeddable":true,"href":"https:\/\/novosaopaulo.com.br\/n1\/wp-json\/wp\/v2\/users\/1"}],"replies":[{"embeddable":true,"href":"https:\/\/novosaopaulo.com.br\/n1\/wp-json\/wp\/v2\/comments?post=19129"}],"version-history":[{"count":1,"href":"https:\/\/novosaopaulo.com.br\/n1\/wp-json\/wp\/v2\/posts\/19129\/revisions"}],"predecessor-version":[{"id":19131,"href":"https:\/\/novosaopaulo.com.br\/n1\/wp-json\/wp\/v2\/posts\/19129\/revisions\/19131"}],"wp:featuredmedia":[{"embeddable":true,"href":"https:\/\/novosaopaulo.com.br\/n1\/wp-json\/wp\/v2\/media\/19130"}],"wp:attachment":[{"href":"https:\/\/novosaopaulo.com.br\/n1\/wp-json\/wp\/v2\/media?parent=19129"}],"wp:term":[{"taxonomy":"category","embeddable":true,"href":"https:\/\/novosaopaulo.com.br\/n1\/wp-json\/wp\/v2\/categories?post=19129"},{"taxonomy":"post_tag","embeddable":true,"href":"https:\/\/novosaopaulo.com.br\/n1\/wp-json\/wp\/v2\/tags?post=19129"}],"curies":[{"name":"wp","href":"https:\/\/api.w.org\/{rel}","templated":true}]}}