{"id":18980,"date":"2024-05-27T14:41:31","date_gmt":"2024-05-27T17:41:31","guid":{"rendered":"https:\/\/novosaopaulo.com.br\/n1\/?p=18980"},"modified":"2024-05-27T14:41:32","modified_gmt":"2024-05-27T17:41:32","slug":"co-de-school-e-destaque-no-premio-educador-transformador-do-sebrae","status":"publish","type":"post","link":"https:\/\/novosaopaulo.com.br\/n1\/co-de-school-e-destaque-no-premio-educador-transformador-do-sebrae\/","title":{"rendered":"CO.DE School \u00e9 destaque no pr\u00eamio &#8220;Educador Transformador&#8221; do Sebrae"},"content":{"rendered":"\n<p>Iniciativa da Funda\u00e7\u00e3o Grupo Volkswagen conquista primeira coloca\u00e7\u00e3o na regional Sudeste e segunda no ranking nacional, com projeto que inclui alunos cegos no setor de tecnologia da informa\u00e7\u00e3o<\/p>\n\n\n\n<p>O programa CO.DE School, desenvolvido pela Funda\u00e7\u00e3o Grupo Volkswagen \u2015 que atua com o prop\u00f3sito de promover a mobilidade social e o fortalecimento de comunidades \u2015 em parceria com o SENAI SP, acaba de garantir dois lugares no p\u00f3dio da premia\u00e7\u00e3o \u201cEducador Transformador\u201d. Promovida pelo Sebrae, Bett Brasil e Instituto Significare, a iniciativa tem como objetivo reconhecer e divulgar projetos e professores que ajudam a transformar o Brasil por meio da educa\u00e7\u00e3o.<br>Na ocasi\u00e3o, o projeto \u2015 que visa capacitar jovens em situa\u00e7\u00e3o de vulnerabilidade socioecon\u00f4mica para atuar na \u00e1rea de programa\u00e7\u00e3o (coding) e desenvolvimento \u2015 conquistou o primeiro lugar na regional Sudeste e o segundo do ranking nacional, ambos na categoria \u201cEduca\u00e7\u00e3o Profissional\u201d. O case vencedor foi \u201cSENAI Inclusivo: Desenvolvendo um Modelo para Inclus\u00e3o de Alunos Cegos na Tecnologia da Informa\u00e7\u00e3o\u201d, da aluna Alana de Souza Eltz dos Reis, do SENAI de S\u00e3o Caetano do Sul.<br>Somente este ano, o pr\u00eamio \u201cEducador Transformador\u201d recebeu 3.460 inscri\u00e7\u00f5es de todo o pa\u00eds para participarem de tr\u00eas etapas: estadual, regional e nacional. Ao todo, sete categorias foram avaliadas durante essa premia\u00e7\u00e3o: educa\u00e7\u00e3o infantil; ensino fundamental (anos iniciais e anos finais); ensino m\u00e9dio regular; educa\u00e7\u00e3o profissional t\u00e9cnica; EJA (educa\u00e7\u00e3o de jovens e adultos; e ensino superior.<br>Para conferir mais sobre o ranking, clique aqui.<br>Sobre o projeto CO.DE School<br>Com o objetivo de formar jovens com mais de 18 anos em situa\u00e7\u00e3o de vulnerabilidade socioecon\u00f4mica para atuarem na \u00e1rea de programa\u00e7\u00e3o (coding) e desenvolvimento, a Funda\u00e7\u00e3o Grupo Volkswagen conta com o projeto CO.DE School: Academia de Programa\u00e7\u00e3o e Desenvolvimento. Com dura\u00e7\u00e3o de 13 meses, o programa acontece na unidade do SENAI Paulo Skaf, em S\u00e3o Caetano do Sul (SP), e prioriza pessoas pertencentes a grupos minorit\u00e1rios (mulheres, pretos, pardos, ind\u00edgenas, pessoas com defici\u00eancia e pessoas da comunidade LGBTQIA+), al\u00e9m daquelas com menor renda familiar per capita. Para mais informa\u00e7\u00f5es sobre novas turmas e inscri\u00e7\u00f5es, os interessados devem ficar atentos ao site da Funda\u00e7\u00e3o.<br>Sobre a Funda\u00e7\u00e3o Grupo Volkswagen<br>Desde 1979, a Funda\u00e7\u00e3o Grupo Volkswagen realiza e apoia a\u00e7\u00f5es sociais e educacionais com recursos de um fundo constitu\u00eddo pela Volkswagen. Ao longo destes 45 anos, mais de 3 milh\u00f5es de brasileiras e brasileiros foram beneficiados pelo trabalho da Funda\u00e7\u00e3o, que tem como miss\u00e3o estimular a mobilidade social por meio do investimento em iniciativas e organiza\u00e7\u00f5es que desenvolvem comunidades e fortalecem o protagonismo dos cidad\u00e3os. A Funda\u00e7\u00e3o atua para incentivar a prosperidade socioecon\u00f4mica e o desenvolvimento de indiv\u00edduos e comunidades, fortalecendo suas potencialidades e colaborando para o acesso equitativo a direitos e oportunidades. Para isso, prioriza os territ\u00f3rios mais vulner\u00e1veis nos munic\u00edpios com unidades de neg\u00f3cio do Grupo Volkswagen no Pa\u00eds. Al\u00e9m disso, apoia tecnicamente a\u00e7\u00f5es de responsabilidade social de empresas do Grupo Volkswagen no Brasil. Desta forma, a Funda\u00e7\u00e3o espera contribuir para reduzir a pobreza e diminuir as acentuadas desigualdades sociais brasileiras, por meio da inclus\u00e3o produtiva e de estrat\u00e9gias complementares de fortalecimento das capacidades locais e assist\u00eancia social. Para saber mais, acesse o site da institui\u00e7\u00e3o.<\/p>\n","protected":false},"excerpt":{"rendered":"<p>Iniciativa da Funda\u00e7\u00e3o Grupo Volkswagen conquista primeira coloca\u00e7\u00e3o na regional Sudeste e segunda no ranking&#8230;<\/p>\n","protected":false},"author":1,"featured_media":0,"comment_status":"open","ping_status":"open","sticky":false,"template":"","format":"standard","meta":{"footnotes":""},"categories":[2],"tags":[],"featured_image_urls":{"full":"","thumbnail":"","medium":"","medium_large":"","large":"","1536x1536":"","2048x2048":"","newsever-slider-full":"","newsever-featured":"","newsever-medium":""},"author_info":{"display_name":"Reda\u00e7\u00e3o","author_link":"https:\/\/novosaopaulo.com.br\/n1\/author\/g5poa\/"},"category_info":"<a href=\"https:\/\/novosaopaulo.com.br\/n1\/category\/cidades\/\" rel=\"category tag\">Cidades<\/a>","tag_info":"Cidades","comment_count":"0","_links":{"self":[{"href":"https:\/\/novosaopaulo.com.br\/n1\/wp-json\/wp\/v2\/posts\/18980"}],"collection":[{"href":"https:\/\/novosaopaulo.com.br\/n1\/wp-json\/wp\/v2\/posts"}],"about":[{"href":"https:\/\/novosaopaulo.com.br\/n1\/wp-json\/wp\/v2\/types\/post"}],"author":[{"embeddable":true,"href":"https:\/\/novosaopaulo.com.br\/n1\/wp-json\/wp\/v2\/users\/1"}],"replies":[{"embeddable":true,"href":"https:\/\/novosaopaulo.com.br\/n1\/wp-json\/wp\/v2\/comments?post=18980"}],"version-history":[{"count":1,"href":"https:\/\/novosaopaulo.com.br\/n1\/wp-json\/wp\/v2\/posts\/18980\/revisions"}],"predecessor-version":[{"id":18981,"href":"https:\/\/novosaopaulo.com.br\/n1\/wp-json\/wp\/v2\/posts\/18980\/revisions\/18981"}],"wp:attachment":[{"href":"https:\/\/novosaopaulo.com.br\/n1\/wp-json\/wp\/v2\/media?parent=18980"}],"wp:term":[{"taxonomy":"category","embeddable":true,"href":"https:\/\/novosaopaulo.com.br\/n1\/wp-json\/wp\/v2\/categories?post=18980"},{"taxonomy":"post_tag","embeddable":true,"href":"https:\/\/novosaopaulo.com.br\/n1\/wp-json\/wp\/v2\/tags?post=18980"}],"curies":[{"name":"wp","href":"https:\/\/api.w.org\/{rel}","templated":true}]}}