{"id":18960,"date":"2024-05-24T17:06:35","date_gmt":"2024-05-24T20:06:35","guid":{"rendered":"https:\/\/novosaopaulo.com.br\/n1\/?p=18960"},"modified":"2024-05-24T17:06:36","modified_gmt":"2024-05-24T20:06:36","slug":"museu-india-vanuire-tem-varias-atividades-voltadas-a-inclusao-social-nos-proximos-dias-confira-a-programacao","status":"publish","type":"post","link":"https:\/\/novosaopaulo.com.br\/n1\/museu-india-vanuire-tem-varias-atividades-voltadas-a-inclusao-social-nos-proximos-dias-confira-a-programacao\/","title":{"rendered":"Museu \u00cdndia Vanu\u00edre tem v\u00e1rias atividades voltadas \u00e0 inclus\u00e3o social nos pr\u00f3ximos dias; confira a programa\u00e7\u00e3o"},"content":{"rendered":"\n<p>O Museu Hist\u00f3rico e Pedag\u00f3gico \u00cdndia Vanu\u00edre promove diversas atividades voltadas \u00e0 inclus\u00e3o social nos pr\u00f3ximos dias. A institui\u00e7\u00e3o da Secretaria da Cultura, Economia e Ind\u00fastria Criativas do Estado de S\u00e3o Paulo, em Tup\u00e3 (SP), traz atividades educativas por meio do projeto \u201cFam\u00edlia do Museu\u201d e projetos voltados ao p\u00fablico idoso e com defici\u00eancia visual.<\/p>\n\n\n\n<p>Al\u00e9m disso, exposi\u00e7\u00f5es tempor\u00e1rias que colocam o p\u00fablico em contato com diversas manifesta\u00e7\u00f5es art\u00edsticas dos povos ind\u00edgenas tamb\u00e9m fazem parte da programa\u00e7\u00e3o normal do museu, assim como uma mostra das tradicionais cer\u00e2micas de Bisalh\u00e3es, com origem em Portugal. As atividades s\u00e3o gratuitas.<\/p>\n\n\n\n<p><strong>Fam\u00edlia no Museu<\/strong><\/p>\n\n\n\n<p>O Museu \u00cdndia Vanu\u00edre desenvolve atividades que combinam divers\u00e3o e reflex\u00e3o para promover a integra\u00e7\u00e3o das fam\u00edlias com o ambiente museol\u00f3gico. Essas atividades acontecem aos finais de semana e, no m\u00eas de maio, a iniciativa est\u00e1 centrada na exposi\u00e7\u00e3o de longa dura\u00e7\u00e3o \u201cTup\u00e3 Plural\u201d.<\/p>\n\n\n\n<p>Por meio de um jogo da mem\u00f3ria tem\u00e1tico, a equipe educativa do museu introduz os visitantes ao m\u00f3dulo \u201cRepresenta\u00e7\u00e3o Plum\u00e1ria no Acervo Ind\u00edgena\u201d. Os educadores abordar\u00e3o a plum\u00e1ria ind\u00edgena, promovendo aos participantes uma aprendizagem cultural de forma l\u00fadica e reflexiva.<\/p>\n\n\n\n<p><strong>Datas:&nbsp;<\/strong>25 e 26 de maio (s\u00e1bado e domingo)<\/p>\n\n\n\n<p><strong>Hor\u00e1rio:&nbsp;<\/strong>das 10h \u00e0s 16h<\/p>\n\n\n\n<p><strong>Curiosidades do acervo<\/strong><\/p>\n\n\n\n<p>O Museu \u00cdndia Vanu\u00edre abriga um acervo expressivo com pe\u00e7as sobre a hist\u00f3ria da cidade, objetos e artefatos de diversos povos ind\u00edgenas do Brasil. Com o objetivo de levar ao p\u00fablico um pouco da riqueza da cole\u00e7\u00e3o, o museu apresenta informa\u00e7\u00f5es e curiosidades do acervo todas as segundas-feiras do m\u00eas em suas redes sociais.<\/p>\n\n\n\n<p><strong>Data:<\/strong>&nbsp;27 de maio (segunda-feira)<\/p>\n\n\n\n<p><strong>Hor\u00e1rio:<\/strong>&nbsp;\u00e0s 12h<\/p>\n\n\n\n<p><strong>Local:<\/strong>&nbsp;redes sociais do museu<\/p>\n\n\n\n<p>Instagram: @museuindiavanuire<\/p>\n\n\n\n<p>Facebook: \/museuindiavanuire<\/p>\n\n\n\n<p>Twitter: \/mhindiavanuire\/<\/p>\n\n\n\n<p><strong>Projeto \u201cAgu\u00e7ando as Mem\u00f3rias\u201d<\/strong><\/p>\n\n\n\n<p>\u201cAgu\u00e7ando as Mem\u00f3rias\u201d \u00e9 um projeto para idosos e seu objetivo \u00e9 a valoriza\u00e7\u00e3o e a inser\u00e7\u00e3o dessas pessoas na sociedade, reconhecendo-os como cidad\u00e3os ativos e produtores de cultura.<\/p>\n\n\n\n<p>No primeiro encontro, ser\u00e1 realizada uma oficina de Tsuru, que \u00e9 uma ave sagrada do Jap\u00e3o e s\u00edmbolo de sa\u00fade, boa sorte, felicidade, longevidade e fortuna. No segundo encontro, o grupo ir\u00e1 participar de uma oficina com um descendente de japoneses que ir\u00e1 apresentar os pratos mais populares da culin\u00e1ria nip\u00f4nica e compartilhar os modos de fazer e ingredientes utilizados, seguido de roda de conversa.<\/p>\n\n\n\n<p><strong>Data:<\/strong>&nbsp;28 de maio (ter\u00e7a-feira)<\/p>\n\n\n\n<p><strong>Hor\u00e1rio:<\/strong>&nbsp;das 15h \u00e0s 16h30<\/p>\n\n\n\n<p><strong>Informa\u00e7\u00f5es:<\/strong>&nbsp;(14) 3491-2333<\/p>\n\n\n\n<p><strong>Projeto \u201cO Olhar \u00e9 Sentir Pelas M\u00e3os\u201d<\/strong><\/p>\n\n\n\n<p>O projeto \u201cO Olhar \u00e9 Sentir Pelas M\u00e3os\u201d \u00e9 uma parceria entre o programa \u201cVida Iluminada\u201d, da Unimed, e o Museu \u00cdndia Vanu\u00edre. Visa a inclus\u00e3o de pessoas com defici\u00eancia visual nas atividades do museu.<\/p>\n\n\n\n<p>Durante o m\u00eas de maio, ser\u00e3o oferecidas atividades f\u00edsicas para aumentar a autoconfian\u00e7a e independ\u00eancia dos participantes. Um educador f\u00edsico apresentar\u00e1 exerc\u00edcios para serem feitos em casa, proporcionando habilidades novas e supera\u00e7\u00e3o de desafios, o que ajudar\u00e1 os participantes a se sentirem mais confiantes e capacitados para visitar espa\u00e7os culturais.<\/p>\n\n\n\n<p><strong>Data:<\/strong>&nbsp;29 de maio (quarta-feira)<\/p>\n\n\n\n<p><strong>Hor\u00e1rio:<\/strong>&nbsp;das 13h \u00e0s 15h<\/p>\n\n\n\n<p><strong>Informa\u00e7\u00f5es:<\/strong>&nbsp;(14) 3491-2333<\/p>\n\n\n\n<p><strong>Projeto \u201cMuseu e Cidadania\u201d<\/strong><\/p>\n\n\n\n<p>O projeto \u00e9 voltado para a inclus\u00e3o sociocultural de pessoas com defici\u00eancia, visando promover a inclus\u00e3o social por meio de atividades educacionais l\u00fadicas baseadas no acervo do museu.<\/p>\n\n\n\n<p>Os participantes ter\u00e3o a oportunidade de conferir atividades relacionadas \u00e0 cultura japonesa, como conta\u00e7\u00e3o de hist\u00f3rias e oficinas de artesanato, promovendo intera\u00e7\u00e3o e desenvolvimento pessoal e coletivo.<\/p>\n\n\n\n<p><strong>Data:<\/strong>&nbsp;31 de maio (sexta-feira)<\/p>\n\n\n\n<p><strong>Hor\u00e1rio:<\/strong>&nbsp;das 9h \u00e0s 10h<\/p>\n\n\n\n<p><strong>Informa\u00e7\u00f5es:<\/strong>&nbsp;(14) 3491-2333<\/p>\n\n\n\n<p><strong>Exposi\u00e7\u00f5es tempor\u00e1rias<\/strong><\/p>\n\n\n\n<p>As exposi\u00e7\u00f5es tempor\u00e1rias acontecem de ter\u00e7a-feira a domingo, das 9h \u00e0s 18h. Confira, abaixo, quais est\u00e3o abertas para visita\u00e7\u00e3o.<\/p>\n\n\n\n<p>\u201cTradi\u00e7\u00f5es Ancestrais: a cer\u00e2mica de Bisalh\u00e3es no Museu \u00cdndia Vanu\u00edre\u201d<\/p>\n\n\n\n<p>A exposi\u00e7\u00e3o de pe\u00e7as de cer\u00e2mica da olaria de Bisalh\u00e3es no Museu \u00cdndia Vanu\u00edre tem como prop\u00f3sito celebrar um valioso patrim\u00f4nio cultural e fortalecer os la\u00e7os com as diversas comunidades do munic\u00edpio de Tup\u00e3 (SP). Esses objetos, de uso dom\u00e9stico e provenientes de Portugal, fazem parte do acervo do museu desde 1973.<\/p>\n\n\n\n<p>O processo de confec\u00e7\u00e3o da lou\u00e7a preta de Bisalh\u00e3es foi reconhecido como Patrim\u00f4nio Cultural Imaterial da Unesco e inclu\u00eddo no Invent\u00e1rio Nacional de Patrim\u00f4nio Cultural Intang\u00edvel de Portugal. Tais reconhecimentos enfatizam a import\u00e2ncia de preservar e disseminar essa tradi\u00e7\u00e3o artesanal singular surgida na regi\u00e3o norte do pa\u00eds europeu.<\/p>\n\n\n\n<p>Ao apresentar esses objetos de significado cultural profundo, o Museu \u00cdndia Vanu\u00edre fortalece v\u00ednculos com sua comunidade diversa, composta por povos ind\u00edgenas, fam\u00edlias de imigrantes e descendentes das mais variadas origens.<\/p>\n\n\n\n<p>\u201cGrafismos e Artes Ind\u00edgenas do Oeste Paulista\u201d<\/p>\n\n\n\n<p>Vers\u00e3o da exposi\u00e7\u00e3o para visita presencial, que destaca a riqueza cultural das etnias Kaingang, Krenak, Terena e Guarani Nhandewa, das Terras Ind\u00edgenas Vanu\u00edre, Icatu e Ararib\u00e1. A exposi\u00e7\u00e3o \u00e9 um compromisso de respeito e preserva\u00e7\u00e3o cultural. Ela desafia estere\u00f3tipos, amplia identidades e convida a explorar as hist\u00f3rias, tradi\u00e7\u00f5es e valores transmitidos por essas express\u00f5es art\u00edsticas.<\/p>\n\n\n\n<p>\u201cCer\u00e2mica Terena: Preservando a Mem\u00f3ria e a Tradi\u00e7\u00e3o\u201d<\/p>\n\n\n\n<p>A exposi\u00e7\u00e3o apresenta pe\u00e7as produzidas pelos povos Terena, habitantes das terras ind\u00edgenas Icatu, em S\u00e3o Paulo, e Cachoeirinha, no Mato Grosso do Sul. S\u00e3o pe\u00e7as como panelas, jarros, moringas e esculturas, entre outros objetos. Algumas cer\u00e2micas j\u00e1 fazem parte do acervo do museu, doados ainda em 1970; j\u00e1 outras obras contempor\u00e2neas foram adquiridas ao longo dos anos.<\/p>\n\n\n\n<p>Al\u00e9m de especificidades da cer\u00e2mica Terena, a mostra tamb\u00e9m destaca depoimentos que valorizam e retratam as rela\u00e7\u00f5es estabelecidas a partir da hist\u00f3ria, mem\u00f3ria, cotidiano, transmiss\u00e3o do conhecimento entre gera\u00e7\u00f5es e a manuten\u00e7\u00e3o da tradi\u00e7\u00e3o como um elo entre o passado e o presente.<\/p>\n\n\n\n<p><strong>Ingresso volunt\u00e1rio<\/strong><\/p>\n\n\n\n<p>O Museu \u00cdndia Vanu\u00edre convida o p\u00fablico a fazer parte da hist\u00f3ria da institui\u00e7\u00e3o e a contribuir para perpetuar as a\u00e7\u00f5es culturais e sociais desenvolvidas com a comunidade de Tup\u00e3 e demais visitantes.<\/p>\n\n\n\n<p>Uma das formas para promover sua sustentabilidade de maneira inclusiva foi a ado\u00e7\u00e3o de um o modelo de ingresso volunt\u00e1rio \u2013 conhecido no mundo todo como PWYW \u2013 do ingl\u00eas \u201cpay what you want\u201d (pague o que quiser), que entrou em vigor em junho de 2017. A entrada ao equipamento continua sendo livre, mas, ao final da visita, o p\u00fablico \u00e9 convidado a reverter para a institui\u00e7\u00e3o o valor que quiser, se puder.<\/p>\n\n\n\n<p>A forma de arrecada\u00e7\u00e3o \u00e9 uma maneira de remover a barreira da entrada e inspirar a generosidade das pessoas no sentido de contribuir com iniciativas culturais. Para a efetiva\u00e7\u00e3o da doa\u00e7\u00e3o, foi criado no museu um local espec\u00edfico que mostra ao interessado a diversidade de a\u00e7\u00f5es sociais e educativas realizadas pela unidade.<\/p>\n\n\n\n<p><strong>Museu Hist\u00f3rico e Pedag\u00f3gico \u00cdndia Vanu\u00edre<\/strong><\/p>\n\n\n\n<p>Localizado em Tup\u00e3 (SP), o Museu Hist\u00f3rico e Pedag\u00f3gico \u00cdndia Vanu\u00edre \u00e9 uma institui\u00e7\u00e3o do Governo do Estado administrada pela Secretaria da Cultura, Economia e Ind\u00fastria Criativas do Estado de S\u00e3o Paulo em parceria com a ACAM Portinari &#8211; Organiza\u00e7\u00e3o Social de Cultura.<\/p>\n\n\n\n<p>Fundado em 1966 e instalado em um pr\u00e9dio constru\u00eddo especialmente para abrig\u00e1-lo, o museu possui acervo, com cerca de 38 mil pe\u00e7as, relacionado \u00e0 hist\u00f3ria da regi\u00e3o onde est\u00e1 localizado e com foco na cultura ind\u00edgena. Possui uma das mais importantes cole\u00e7\u00f5es etnogr\u00e1ficas do pa\u00eds que representam diferentes comunidades ind\u00edgenas brasileiras.<\/p>\n\n\n\n<p><strong>Funcionamento:<\/strong>&nbsp;ter\u00e7as, quartas, sextas, s\u00e1bados e domingos, das 9h \u00e0s 18h; quintas, das 9h \u00e0s 20h.<\/p>\n\n\n\n<p>Endere\u00e7o: Rua Coroados, 521, Centro, Tup\u00e3 \u2013 SP&nbsp;&nbsp;&nbsp;<\/p>\n\n\n\n<p>Instagram: @museuindiavanuire<\/p>\n\n\n\n<p>Facebook: \/museuindiavanuire\/<\/p>\n","protected":false},"excerpt":{"rendered":"<p>O Museu Hist\u00f3rico e Pedag\u00f3gico \u00cdndia Vanu\u00edre promove diversas atividades voltadas \u00e0 inclus\u00e3o social nos&#8230;<\/p>\n","protected":false},"author":1,"featured_media":18961,"comment_status":"open","ping_status":"open","sticky":false,"template":"","format":"standard","meta":{"footnotes":""},"categories":[2],"tags":[],"featured_image_urls":{"full":["https:\/\/novosaopaulo.com.br\/n1\/wp-content\/uploads\/2024\/05\/aaa1.jpg",504,336,false],"thumbnail":["https:\/\/novosaopaulo.com.br\/n1\/wp-content\/uploads\/2024\/05\/aaa1-150x150.jpg",150,150,true],"medium":["https:\/\/novosaopaulo.com.br\/n1\/wp-content\/uploads\/2024\/05\/aaa1-300x200.jpg",300,200,true],"medium_large":["https:\/\/novosaopaulo.com.br\/n1\/wp-content\/uploads\/2024\/05\/aaa1.jpg",504,336,false],"large":["https:\/\/novosaopaulo.com.br\/n1\/wp-content\/uploads\/2024\/05\/aaa1.jpg",504,336,false],"1536x1536":["https:\/\/novosaopaulo.com.br\/n1\/wp-content\/uploads\/2024\/05\/aaa1.jpg",504,336,false],"2048x2048":["https:\/\/novosaopaulo.com.br\/n1\/wp-content\/uploads\/2024\/05\/aaa1.jpg",504,336,false],"newsever-slider-full":["https:\/\/novosaopaulo.com.br\/n1\/wp-content\/uploads\/2024\/05\/aaa1.jpg",504,336,false],"newsever-featured":["https:\/\/novosaopaulo.com.br\/n1\/wp-content\/uploads\/2024\/05\/aaa1.jpg",504,336,false],"newsever-medium":["https:\/\/novosaopaulo.com.br\/n1\/wp-content\/uploads\/2024\/05\/aaa1.jpg",504,336,false]},"author_info":{"display_name":"Reda\u00e7\u00e3o","author_link":"https:\/\/novosaopaulo.com.br\/n1\/author\/g5poa\/"},"category_info":"<a href=\"https:\/\/novosaopaulo.com.br\/n1\/category\/cidades\/\" rel=\"category tag\">Cidades<\/a>","tag_info":"Cidades","comment_count":"0","_links":{"self":[{"href":"https:\/\/novosaopaulo.com.br\/n1\/wp-json\/wp\/v2\/posts\/18960"}],"collection":[{"href":"https:\/\/novosaopaulo.com.br\/n1\/wp-json\/wp\/v2\/posts"}],"about":[{"href":"https:\/\/novosaopaulo.com.br\/n1\/wp-json\/wp\/v2\/types\/post"}],"author":[{"embeddable":true,"href":"https:\/\/novosaopaulo.com.br\/n1\/wp-json\/wp\/v2\/users\/1"}],"replies":[{"embeddable":true,"href":"https:\/\/novosaopaulo.com.br\/n1\/wp-json\/wp\/v2\/comments?post=18960"}],"version-history":[{"count":1,"href":"https:\/\/novosaopaulo.com.br\/n1\/wp-json\/wp\/v2\/posts\/18960\/revisions"}],"predecessor-version":[{"id":18962,"href":"https:\/\/novosaopaulo.com.br\/n1\/wp-json\/wp\/v2\/posts\/18960\/revisions\/18962"}],"wp:featuredmedia":[{"embeddable":true,"href":"https:\/\/novosaopaulo.com.br\/n1\/wp-json\/wp\/v2\/media\/18961"}],"wp:attachment":[{"href":"https:\/\/novosaopaulo.com.br\/n1\/wp-json\/wp\/v2\/media?parent=18960"}],"wp:term":[{"taxonomy":"category","embeddable":true,"href":"https:\/\/novosaopaulo.com.br\/n1\/wp-json\/wp\/v2\/categories?post=18960"},{"taxonomy":"post_tag","embeddable":true,"href":"https:\/\/novosaopaulo.com.br\/n1\/wp-json\/wp\/v2\/tags?post=18960"}],"curies":[{"name":"wp","href":"https:\/\/api.w.org\/{rel}","templated":true}]}}