{"id":18770,"date":"2024-05-09T14:21:11","date_gmt":"2024-05-09T17:21:11","guid":{"rendered":"https:\/\/novosaopaulo.com.br\/n1\/?p=18770"},"modified":"2024-05-09T14:21:12","modified_gmt":"2024-05-09T17:21:12","slug":"feira-de-discos-de-vinil-na-fespsp-cultura-musica-e-diversao","status":"publish","type":"post","link":"https:\/\/novosaopaulo.com.br\/n1\/feira-de-discos-de-vinil-na-fespsp-cultura-musica-e-diversao\/","title":{"rendered":"Feira de Discos de Vinil na FESPSP: cultura, m\u00fasica e divers\u00e3o"},"content":{"rendered":"\n<p>FESPSP abre as portas para a cultura do vinil com feira que re\u00fane colecionadores e apreciadores da m\u00fasica anal\u00f3gica<\/p>\n\n\n\n<p>Prepare-se para mergulhar em um universo de m\u00fasica e nostalgia na Feira de Discos de Vinil, que acontece no pr\u00f3ximo s\u00e1bado, dia 11 de maio, no Campus da Funda\u00e7\u00e3o Escola de Sociologia e Pol\u00edtica de S\u00e3o Paulo (FESPSP). Com entrada gratuita, o evento re\u00fane milhares de LPs \u00e0 venda, compra e troca, al\u00e9m de DJs, filmes, comida e bebida, proporcionando um dia inesquec\u00edvel para quem gosta da boa m\u00fasica.<\/p>\n\n\n\n<p>A Feira \u00e9 um verdadeiro para\u00edso para os apreciadores do vinil. No local, \u00e9 poss\u00edvel encontrar discos novos e usados, nacionais e importados, de diversos g\u00eaneros musicais, como rock, pop, MPB, samba, jazz, blues, m\u00fasica cl\u00e1ssica, trilhas sonoras e muito mais.<\/p>\n\n\n\n<p>A Feira de Discos de Vinil \u00e9 muito mais do que um simples local para comprar e vender discos. \u00c9 um espa\u00e7o onde quem gosta de m\u00fasica se reunir para celebrar sua paix\u00e3o, trocar experi\u00eancias e descobrir novos sons. Al\u00e9m da venda de LPs, o evento oferece diversas atra\u00e7\u00f5es, como DJs que tocam ao vivo e filmes no Cineclube Darcy Ribeiro. \u201cA Feira de Discos de Vinil \u00e9 um evento imperd\u00edvel para quem ama m\u00fasica e coleciona discos. Agende-se, convide seus amigos e familiares e prepare-se para um dia de muita m\u00fasica, divers\u00e3o e nostalgia\u201d, explica a organiza\u00e7\u00e3o do evento.<\/p>\n\n\n\n<p>A FESPSP abre as portas para a cultura do vinil. A realiza\u00e7\u00e3o no Espa\u00e7o Cultural da FESPSP \u00e9 mais uma a\u00e7\u00e3o para marcar a institui\u00e7\u00e3o como um polo cultural de refer\u00eancia na cidade, explica a docente Eliana Asche Cintra Ferreira, doutora em hist\u00f3ria da educa\u00e7\u00e3o e coordenadora do Espa\u00e7o Cultural. \u201cA FESPSP reconhece a import\u00e2ncia da cultura para a forma\u00e7\u00e3o de seus alunos e para a comunidade em geral, e Feira \u00e9 um evento que contribui para a democratiza\u00e7\u00e3o do acesso \u00e0 cultura e para o fomento da cena musical independente\u201d.<\/p>\n\n\n\n<p>Dicas:<\/p>\n\n\n\n<p>Chegue cedo para garantir os melhores discos!<br>Leve dinheiro em esp\u00e9cie, pois nem todos os expositores aceitam cart\u00e3o.<br>Use roupas confort\u00e1veis, pois voc\u00ea vai passar muito tempo garimpando discos.<\/p>\n\n\n\n<p>Sobre a Feira de Discos de Vinil<\/p>\n\n\n\n<p>A Feira de Discos de Vinil \u00e9 um evento ideal para quem gosta de m\u00fasica, cultura e vinil. No local, \u00e9 poss\u00edvel encontrar discos raros e cl\u00e1ssicos, al\u00e9m de conhecer novos artistas e g\u00eaneros musicais. A feira tamb\u00e9m \u00e9 uma \u00f3tima oportunidade para trocar discos com outros colecionadores e fazer novos amigos.<\/p>\n\n\n\n<p>Destaques da Feira de Discos de Vinil realizado na FESPSP:<\/p>\n\n\n\n<p>Milhares de LPs \u00e0 venda: A Feira re\u00fane um grande acervo de discos para compra, venda e troca, com op\u00e7\u00f5es para todos os gostos e bolsos.<br>Diversidade de g\u00eaneros musicais: Rock, pop, MPB, samba, jazz, blues, m\u00fasica cl\u00e1ssica, trilhas sonoras e muito mais.<br>DJs tocando m\u00fasica ao vivo: Uma programa\u00e7\u00e3o musical ecl\u00e9tica para animar o evento.<br>Cineclube Darcy Ribeiro com exibi\u00e7\u00e3o de filmes cl\u00e1ssicos: Uma \u00f3tima oportunidade para os amantes do cinema.<br>Entrada gratuita: O evento \u00e9 aberto ao p\u00fablico em geral.<\/p>\n\n\n\n<p>Servi\u00e7o:<\/p>\n\n\n\n<p>Evento: Feira de Discos de Vinil<br>Data: S\u00e1bado, 11 de maio de 2024<br>Hor\u00e1rio: 10h \u00e0s 18h<br>Local: Funda\u00e7\u00e3o Escola de Sociologia e Pol\u00edtica de S\u00e3o Paulo (FESPSP)<br>Endere\u00e7o: Rua General Jardim, 522 &#8211; Rep\u00fablica, S\u00e3o Paulo<br>Entrada: Gratuita<br>Como chegar:<\/p>\n\n\n\n<p>Metr\u00f4: Rep\u00fablica (Linha 3 \u2013 Vermelha)<br>\u00d4nibus: Diversas linhas passam pela regi\u00e3o.<br>Dicas:<\/p>\n\n\n\n<p>Chegue cedo para garantir os melhores discos!<br>Leve dinheiro em esp\u00e9cie, pois nem todos os expositores aceitam cart\u00e3o.<br>Use roupas confort\u00e1veis, pois voc\u00ea vai passar muito tempo garimpando discos.<\/p>\n","protected":false},"excerpt":{"rendered":"<p>FESPSP abre as portas para a cultura do vinil com feira que re\u00fane colecionadores e&#8230;<\/p>\n","protected":false},"author":1,"featured_media":18771,"comment_status":"open","ping_status":"open","sticky":false,"template":"","format":"standard","meta":{"footnotes":""},"categories":[2,45],"tags":[],"featured_image_urls":{"full":["https:\/\/novosaopaulo.com.br\/n1\/wp-content\/uploads\/2024\/05\/e1438cf9-0fbf-416d-b8a3-345cb37424e1.jpg",258,280,false],"thumbnail":["https:\/\/novosaopaulo.com.br\/n1\/wp-content\/uploads\/2024\/05\/e1438cf9-0fbf-416d-b8a3-345cb37424e1-150x150.jpg",150,150,true],"medium":["https:\/\/novosaopaulo.com.br\/n1\/wp-content\/uploads\/2024\/05\/e1438cf9-0fbf-416d-b8a3-345cb37424e1.jpg",258,280,false],"medium_large":["https:\/\/novosaopaulo.com.br\/n1\/wp-content\/uploads\/2024\/05\/e1438cf9-0fbf-416d-b8a3-345cb37424e1.jpg",258,280,false],"large":["https:\/\/novosaopaulo.com.br\/n1\/wp-content\/uploads\/2024\/05\/e1438cf9-0fbf-416d-b8a3-345cb37424e1.jpg",258,280,false],"1536x1536":["https:\/\/novosaopaulo.com.br\/n1\/wp-content\/uploads\/2024\/05\/e1438cf9-0fbf-416d-b8a3-345cb37424e1.jpg",258,280,false],"2048x2048":["https:\/\/novosaopaulo.com.br\/n1\/wp-content\/uploads\/2024\/05\/e1438cf9-0fbf-416d-b8a3-345cb37424e1.jpg",258,280,false],"newsever-slider-full":["https:\/\/novosaopaulo.com.br\/n1\/wp-content\/uploads\/2024\/05\/e1438cf9-0fbf-416d-b8a3-345cb37424e1.jpg",258,280,false],"newsever-featured":["https:\/\/novosaopaulo.com.br\/n1\/wp-content\/uploads\/2024\/05\/e1438cf9-0fbf-416d-b8a3-345cb37424e1.jpg",258,280,false],"newsever-medium":["https:\/\/novosaopaulo.com.br\/n1\/wp-content\/uploads\/2024\/05\/e1438cf9-0fbf-416d-b8a3-345cb37424e1.jpg",258,280,false]},"author_info":{"display_name":"Reda\u00e7\u00e3o","author_link":"https:\/\/novosaopaulo.com.br\/n1\/author\/g5poa\/"},"category_info":"<a href=\"https:\/\/novosaopaulo.com.br\/n1\/category\/cidades\/\" rel=\"category tag\">Cidades<\/a> <a href=\"https:\/\/novosaopaulo.com.br\/n1\/category\/cultura\/\" rel=\"category tag\">Cultura<\/a>","tag_info":"Cultura","comment_count":"0","_links":{"self":[{"href":"https:\/\/novosaopaulo.com.br\/n1\/wp-json\/wp\/v2\/posts\/18770"}],"collection":[{"href":"https:\/\/novosaopaulo.com.br\/n1\/wp-json\/wp\/v2\/posts"}],"about":[{"href":"https:\/\/novosaopaulo.com.br\/n1\/wp-json\/wp\/v2\/types\/post"}],"author":[{"embeddable":true,"href":"https:\/\/novosaopaulo.com.br\/n1\/wp-json\/wp\/v2\/users\/1"}],"replies":[{"embeddable":true,"href":"https:\/\/novosaopaulo.com.br\/n1\/wp-json\/wp\/v2\/comments?post=18770"}],"version-history":[{"count":1,"href":"https:\/\/novosaopaulo.com.br\/n1\/wp-json\/wp\/v2\/posts\/18770\/revisions"}],"predecessor-version":[{"id":18772,"href":"https:\/\/novosaopaulo.com.br\/n1\/wp-json\/wp\/v2\/posts\/18770\/revisions\/18772"}],"wp:featuredmedia":[{"embeddable":true,"href":"https:\/\/novosaopaulo.com.br\/n1\/wp-json\/wp\/v2\/media\/18771"}],"wp:attachment":[{"href":"https:\/\/novosaopaulo.com.br\/n1\/wp-json\/wp\/v2\/media?parent=18770"}],"wp:term":[{"taxonomy":"category","embeddable":true,"href":"https:\/\/novosaopaulo.com.br\/n1\/wp-json\/wp\/v2\/categories?post=18770"},{"taxonomy":"post_tag","embeddable":true,"href":"https:\/\/novosaopaulo.com.br\/n1\/wp-json\/wp\/v2\/tags?post=18770"}],"curies":[{"name":"wp","href":"https:\/\/api.w.org\/{rel}","templated":true}]}}