{"id":18717,"date":"2024-05-07T15:01:10","date_gmt":"2024-05-07T18:01:10","guid":{"rendered":"https:\/\/novosaopaulo.com.br\/n1\/?p=18717"},"modified":"2024-05-07T15:01:11","modified_gmt":"2024-05-07T18:01:11","slug":"baixa-umidade-e-ondas-de-calor-defesa-civil-atua-na-prevencao-de-queimadas-e-alerta-para-riscos-de-incendio","status":"publish","type":"post","link":"https:\/\/novosaopaulo.com.br\/n1\/baixa-umidade-e-ondas-de-calor-defesa-civil-atua-na-prevencao-de-queimadas-e-alerta-para-riscos-de-incendio\/","title":{"rendered":"Baixa umidade e ondas de calor: Defesa Civil atua na preven\u00e7\u00e3o de queimadas e alerta para riscos de inc\u00eandio"},"content":{"rendered":"\n<p>Meteorologista afirma que bloqueio atmosf\u00e9rico deve dificultar entrada de massas de ar frio<\/p>\n\n\n\n<p>A Defesa Civil de S\u00e3o Paulo alerta que as proje\u00e7\u00f5es meteorol\u00f3gicas para o estado podem favorecer a ocorr\u00eancia de inc\u00eandios florestais nos pr\u00f3ximos meses. Entre as caracter\u00edsticas do clima que devem contribuir para as chamas, est\u00e3o as ondas de calor e a baixa umidade relativa do ar. O cen\u00e1rio \u00e9 diferente do ano passado, quando a maior incid\u00eancia de chuvas contribuiu para uma baixa ocorr\u00eancia de inc\u00eandios.<\/p>\n\n\n\n<p>\u201cNo ano passado, o que a gente tinha era uma atmosfera que estava respondendo de uma forma melhor ao per\u00edodo de seca e estiagem. Houve maior ocorr\u00eancia de chuvas do que esperado. J\u00e1 neste ano, estamos passando pelo El Ni\u00f1o. Por mais que ele esteja enfraquecido, ainda sofremos as consequ\u00eancias dele. As proje\u00e7\u00f5es mostram temperaturas acima do que \u00e9 normalmente esperado para os meses de maio, junho e julho\u201d, explica Vitor Takao Suganuma, meteorologista da Defesa Civil.<\/p>\n\n\n\n<p>Para prevenir e combater os inc\u00eandios florestais, o governo paulista realiza a opera\u00e7\u00e3o S\u00e3o Paulo Sem Fogo. Neste momento, as a\u00e7\u00f5es est\u00e3o na fase amarela, de intensifica\u00e7\u00e3o do trabalho preventivo e de prepara\u00e7\u00e3o para enfrentar queimadas.<\/p>\n\n\n\n<p>A pr\u00f3xima etapa \u00e9 a vermelha, na qual a\u00e7\u00f5es de combate ao fogo e de fiscaliza\u00e7\u00e3o repressiva s\u00e3o priorizadas e as estrat\u00e9gias de comunica\u00e7\u00e3o e campanhas ganham refor\u00e7o. Essa fase ocorre entre os meses de junho e outubro, per\u00edodo de estiagem e maior incid\u00eancia de inc\u00eandios.<\/p>\n\n\n\n<p>La Ni\u00f1a e bloqueio de frentes frias<\/p>\n\n\n\n<p>O especialista da Defesa Civil afirma que o momento \u00e9 de fim do El Ni\u00f1o &#8211; que \u00e9 o aquecimento das \u00e1guas do Oceano Pac\u00edfico &#8211; e o in\u00edcio da La Ni\u00f1a &#8211; o resfriamento das mesmas \u00e1guas. Mesmo diante da mudan\u00e7a, que tende a esfriar as temperaturas, a tend\u00eancia \u00e9 de um come\u00e7o de inverno com tempo seco e temperaturas acima da m\u00e9dia. Suganuma explica que, entre os meses de maio e julho, um sistema de alta press\u00e3o atuar\u00e1 pelo estado, bloqueando a entrada de frentes frias.<\/p>\n\n\n\n<p>\u201cEsse sistema de alta press\u00e3o caracteriza o que a gente chama de bloqueio atmosf\u00e9rico, que acaba impedindo com que haja a entrada de frentes frias. Quando a gente n\u00e3o tem frente fria entrando, s\u00f3 tem esse ar quente e seco vindo do centro do continente\u201d, diz.<\/p>\n\n\n\n<p>O fato de o ar quente que adentra o estado de S\u00e3o Paulo vir do centro do continente e n\u00e3o das regi\u00f5es litor\u00e2neas tamb\u00e9m aumenta a secura do ar e, consequentemente, as chances de inc\u00eandios. \u201cQuando a gente tem essas massas de ar continentais que n\u00e3o possuem umidade nem origem mar\u00edtima, n\u00e3o h\u00e1 como a umidade do ar ficar alta. E quando h\u00e1 esse cen\u00e1rio de maior secura, fica muito mais prop\u00edcio em ter propaga\u00e7\u00e3o de fogo\u201d, afirma o especialista.<\/p>\n\n\n\n<p>O aumento da temperatura m\u00e9dia do planeta tamb\u00e9m favorece a ocorr\u00eancia de eventos extremos como as ondas de calor e longos per\u00edodos de estiagem, segundo o especialista.<\/p>\n\n\n\n<p>\u201cMuitas coisas que acontecem em escala menor, a gente consegue justificar por conta dessa transi\u00e7\u00e3o clim\u00e1tica que estamos vivendo. Estamos observando cada vez mais eventos extremos: seja de calor, de frio, chuva ou secura. Tudo isso \u00e9 impulsionado pelo aquecimento an\u00f4malo do planeta\u201d, afirma o meteorologista.<\/p>\n\n\n\n<p>Opera\u00e7\u00e3o SP Sem Fogo<\/p>\n\n\n\n<p>A opera\u00e7\u00e3o SP Sem Fogo visa, dentre outras a\u00e7\u00f5es, diminuir os focos de inc\u00eandio no Estado, principalmente durante o per\u00edodo mais seco do ano, que vai de junho a outubro.<\/p>\n\n\n\n<p>A medida \u00e9 uma parceria entre as Secretarias de Meio Ambiente, Infraestrutura e Log\u00edstica (Semil), por meio da Coordenadoria de Fiscaliza\u00e7\u00e3o e Biodiversidade (CFB), Seguran\u00e7a P\u00fablica e Defesa Civil do Estado. Al\u00e9m disso, conta, tamb\u00e9m, com iniciativas e investimentos do Corpo de Bombeiros, Pol\u00edcia Militar Ambiental, Companhia Ambiental do Estado de S\u00e3o Paulo (CETESB), Departamento de Estradas de Rodagem (DER), Funda\u00e7\u00e3o Florestal (FF), e Secretaria de Agricultura e Abastecimento (SAA).<\/p>\n\n\n\n<p>Desde abril, as equipes da Defesa Civil t\u00eam realizado oficinas preparat\u00f3rias para a opera\u00e7\u00e3o em diferentes regi\u00f5es do estado. As atividades incluem treinamentos de capacita\u00e7\u00e3o para agentes de defesas civis municipais que v\u00e3o atuar nas a\u00e7\u00f5es de combate e redu\u00e7\u00e3o dos inc\u00eandios florestais durante a estiagem.<\/p>\n","protected":false},"excerpt":{"rendered":"<p>Meteorologista afirma que bloqueio atmosf\u00e9rico deve dificultar entrada de massas de ar frio A Defesa&#8230;<\/p>\n","protected":false},"author":1,"featured_media":18718,"comment_status":"open","ping_status":"open","sticky":false,"template":"","format":"standard","meta":{"footnotes":""},"categories":[2],"tags":[],"featured_image_urls":{"full":["https:\/\/novosaopaulo.com.br\/n1\/wp-content\/uploads\/2024\/05\/663a475dec3c2.jpeg",512,341,false],"thumbnail":["https:\/\/novosaopaulo.com.br\/n1\/wp-content\/uploads\/2024\/05\/663a475dec3c2-150x150.jpeg",150,150,true],"medium":["https:\/\/novosaopaulo.com.br\/n1\/wp-content\/uploads\/2024\/05\/663a475dec3c2-300x200.jpeg",300,200,true],"medium_large":["https:\/\/novosaopaulo.com.br\/n1\/wp-content\/uploads\/2024\/05\/663a475dec3c2.jpeg",512,341,false],"large":["https:\/\/novosaopaulo.com.br\/n1\/wp-content\/uploads\/2024\/05\/663a475dec3c2.jpeg",512,341,false],"1536x1536":["https:\/\/novosaopaulo.com.br\/n1\/wp-content\/uploads\/2024\/05\/663a475dec3c2.jpeg",512,341,false],"2048x2048":["https:\/\/novosaopaulo.com.br\/n1\/wp-content\/uploads\/2024\/05\/663a475dec3c2.jpeg",512,341,false],"newsever-slider-full":["https:\/\/novosaopaulo.com.br\/n1\/wp-content\/uploads\/2024\/05\/663a475dec3c2.jpeg",512,341,false],"newsever-featured":["https:\/\/novosaopaulo.com.br\/n1\/wp-content\/uploads\/2024\/05\/663a475dec3c2.jpeg",512,341,false],"newsever-medium":["https:\/\/novosaopaulo.com.br\/n1\/wp-content\/uploads\/2024\/05\/663a475dec3c2.jpeg",512,341,false]},"author_info":{"display_name":"Reda\u00e7\u00e3o","author_link":"https:\/\/novosaopaulo.com.br\/n1\/author\/g5poa\/"},"category_info":"<a href=\"https:\/\/novosaopaulo.com.br\/n1\/category\/cidades\/\" rel=\"category tag\">Cidades<\/a>","tag_info":"Cidades","comment_count":"0","_links":{"self":[{"href":"https:\/\/novosaopaulo.com.br\/n1\/wp-json\/wp\/v2\/posts\/18717"}],"collection":[{"href":"https:\/\/novosaopaulo.com.br\/n1\/wp-json\/wp\/v2\/posts"}],"about":[{"href":"https:\/\/novosaopaulo.com.br\/n1\/wp-json\/wp\/v2\/types\/post"}],"author":[{"embeddable":true,"href":"https:\/\/novosaopaulo.com.br\/n1\/wp-json\/wp\/v2\/users\/1"}],"replies":[{"embeddable":true,"href":"https:\/\/novosaopaulo.com.br\/n1\/wp-json\/wp\/v2\/comments?post=18717"}],"version-history":[{"count":1,"href":"https:\/\/novosaopaulo.com.br\/n1\/wp-json\/wp\/v2\/posts\/18717\/revisions"}],"predecessor-version":[{"id":18719,"href":"https:\/\/novosaopaulo.com.br\/n1\/wp-json\/wp\/v2\/posts\/18717\/revisions\/18719"}],"wp:featuredmedia":[{"embeddable":true,"href":"https:\/\/novosaopaulo.com.br\/n1\/wp-json\/wp\/v2\/media\/18718"}],"wp:attachment":[{"href":"https:\/\/novosaopaulo.com.br\/n1\/wp-json\/wp\/v2\/media?parent=18717"}],"wp:term":[{"taxonomy":"category","embeddable":true,"href":"https:\/\/novosaopaulo.com.br\/n1\/wp-json\/wp\/v2\/categories?post=18717"},{"taxonomy":"post_tag","embeddable":true,"href":"https:\/\/novosaopaulo.com.br\/n1\/wp-json\/wp\/v2\/tags?post=18717"}],"curies":[{"name":"wp","href":"https:\/\/api.w.org\/{rel}","templated":true}]}}