{"id":18638,"date":"2024-04-30T18:07:37","date_gmt":"2024-04-30T21:07:37","guid":{"rendered":"https:\/\/novosaopaulo.com.br\/n1\/?p=18638"},"modified":"2024-04-30T18:07:38","modified_gmt":"2024-04-30T21:07:38","slug":"cantares-do-divino-e-nesta-sexta-feira-3-com-transmissao-online","status":"publish","type":"post","link":"https:\/\/novosaopaulo.com.br\/n1\/cantares-do-divino-e-nesta-sexta-feira-3-com-transmissao-online\/","title":{"rendered":"Cantares do Divino \u00e9 nesta sexta-feira (3) com transmiss\u00e3o online"},"content":{"rendered":"\n<p>O espet\u00e1culo musical ser\u00e1 realizado no Theatro Vasques com a organiza\u00e7\u00e3o da AMHAL; convites est\u00e3o esgotados<\/p>\n\n\n\n<p>A Academia Mogicruzense de Hist\u00f3ria, Artes e Letras (AMHAL) promove o espet\u00e1culo Cantares do Divino nesta sexta-feira (3), no Theatro Vasques, a partir das 19 horas. Em raz\u00e3o da grande procura por convites, que se esgotaram rapidamente, o musical ter\u00e1 a transmiss\u00e3o ao vivo pela p\u00e1gina do Facebook da Festa do Divino Esp\u00edrito Santo de Mogi das Cruzes ( https:\/\/www.facebook.com\/festadodivinodemogidascruzes) e que depois ficar\u00e1 gravado. O ingresso valia a doa\u00e7\u00e3o de um quilo de alimento n\u00e3o perec\u00edvel.<\/p>\n\n\n\n<p>A programa\u00e7\u00e3o do espet\u00e1culo, cujo tema \u00e9 o Divino Esp\u00edrito Santo, prev\u00ea 19 apresenta\u00e7\u00f5es, com interpreta\u00e7\u00e3o de cantores, compositores renomados, grupos de Folia do Divino e de Congada do cen\u00e1rio musical de Mogi das Cruzes e da Regi\u00e3o do Alto Tiet\u00ea, como Aline Chiaradia, Michael Meyson, Henriette Fraissat e Paulo Henrique, dentre outros. Al\u00e9m disso, haver\u00e1 rezas, como a Ora\u00e7\u00e3o do caipira ao Divino Esp\u00edrito Santo, de Josemir Ferraz Campos, declamada por Jos\u00e9 Benedito Dias Lemos, que \u00e9 m\u00e9dico, mas \u00e9 volunt\u00e1rio na Festa do Divino, em especial na Entrada dos Palmitos.<\/p>\n\n\n\n<p>O idealizador do evento, Josemir Ferraz Campos, titular da cadeira n\u00ba 7 da AMHAL, adianta um pouco sobre como ser\u00e1 o evento: \u201c\u00c9 uma colet\u00e2nea de m\u00fasicas de diferentes vertentes, como MPB, m\u00fasica sertaneja, Folia do Divino e cultura afro. Ele consistir\u00e1 em documentar as diferentes manifesta\u00e7\u00f5es musicais que envolvem esta multissecular festa t\u00e3o cara \u00e0s tradi\u00e7\u00f5es das popula\u00e7\u00f5es de Mogi das Cruzes e da regi\u00e3o do Alto Tiet\u00ea. S\u00e3o artistas que, por meio de suas artes, abrilhantam as diferentes edi\u00e7\u00f5es da tradicional festividade ao longo dos anos\u201d.<\/p>\n\n\n\n<p>Outro aspecto que levou a AMHAL \u00e0 realiza\u00e7\u00e3o deste evento, segundo o seu Josemir, \u00e9 para preservar a hist\u00f3ria musical na Festa do Divino. \u201cAs manifesta\u00e7\u00f5es musicais que permeiam a tradicional Festa do Divino Esp\u00edrito Santo de Mogi das Cruzes t\u00eam poucos registros sistem\u00e1ticos, ficando muitas das vezes, restritas \u00e0s tradi\u00e7\u00f5es orais, correndo o risco de se perderem ao longo do tempo. Registr\u00e1-las de maneira que fiquem asseguradas, para que n\u00e3o se percam e para que sirvam para manuten\u00e7\u00e3o desses aspectos da cultura popular s\u00e3o de suma import\u00e2ncia, raz\u00e3o por que, justificam este espet\u00e1culo\u201d, esclarece o idealizador deste evento.<\/p>\n\n\n\n<p>Neste ano, a Festa do Divino Esp\u00edrito Santo de Mogi das Cruzes ser\u00e1 realizada de 9 de maio a 19 de maio, sob o tema \u201cDivino Esp\u00edrito Santo, derramai em nossos cora\u00e7\u00f5es o dom da Miseric\u00f3rdia\u201d. Os Festeiros e os Capit\u00e3es de Mastro s\u00e3o, respectivamente, Eduardo Ferreira Rego e Milena da Costa Freire Rego e Wagner Baptista Santos e Ludmyla de Oliveira Baptista Santos.<\/p>\n","protected":false},"excerpt":{"rendered":"<p>O espet\u00e1culo musical ser\u00e1 realizado no Theatro Vasques com a organiza\u00e7\u00e3o da AMHAL; convites est\u00e3o&#8230;<\/p>\n","protected":false},"author":1,"featured_media":18639,"comment_status":"open","ping_status":"open","sticky":false,"template":"","format":"standard","meta":{"footnotes":""},"categories":[34],"tags":[],"featured_image_urls":{"full":["https:\/\/novosaopaulo.com.br\/n1\/wp-content\/uploads\/2024\/04\/363845391_828410159012805_6365446084886509542_n.webp",960,953,false],"thumbnail":["https:\/\/novosaopaulo.com.br\/n1\/wp-content\/uploads\/2024\/04\/363845391_828410159012805_6365446084886509542_n-150x150.webp",150,150,true],"medium":["https:\/\/novosaopaulo.com.br\/n1\/wp-content\/uploads\/2024\/04\/363845391_828410159012805_6365446084886509542_n-300x298.webp",300,298,true],"medium_large":["https:\/\/novosaopaulo.com.br\/n1\/wp-content\/uploads\/2024\/04\/363845391_828410159012805_6365446084886509542_n-768x762.webp",640,635,true],"large":["https:\/\/novosaopaulo.com.br\/n1\/wp-content\/uploads\/2024\/04\/363845391_828410159012805_6365446084886509542_n.webp",640,635,false],"1536x1536":["https:\/\/novosaopaulo.com.br\/n1\/wp-content\/uploads\/2024\/04\/363845391_828410159012805_6365446084886509542_n.webp",960,953,false],"2048x2048":["https:\/\/novosaopaulo.com.br\/n1\/wp-content\/uploads\/2024\/04\/363845391_828410159012805_6365446084886509542_n.webp",960,953,false],"newsever-slider-full":["https:\/\/novosaopaulo.com.br\/n1\/wp-content\/uploads\/2024\/04\/363845391_828410159012805_6365446084886509542_n-960x845.webp",960,845,true],"newsever-featured":["https:\/\/novosaopaulo.com.br\/n1\/wp-content\/uploads\/2024\/04\/363845391_828410159012805_6365446084886509542_n.webp",960,953,false],"newsever-medium":["https:\/\/novosaopaulo.com.br\/n1\/wp-content\/uploads\/2024\/04\/363845391_828410159012805_6365446084886509542_n-720x475.webp",720,475,true]},"author_info":{"display_name":"Reda\u00e7\u00e3o","author_link":"https:\/\/novosaopaulo.com.br\/n1\/author\/g5poa\/"},"category_info":"<a href=\"https:\/\/novosaopaulo.com.br\/n1\/category\/alto-tiete\/\" rel=\"category tag\">Alto Tiet\u00ea<\/a>","tag_info":"Alto Tiet\u00ea","comment_count":"0","_links":{"self":[{"href":"https:\/\/novosaopaulo.com.br\/n1\/wp-json\/wp\/v2\/posts\/18638"}],"collection":[{"href":"https:\/\/novosaopaulo.com.br\/n1\/wp-json\/wp\/v2\/posts"}],"about":[{"href":"https:\/\/novosaopaulo.com.br\/n1\/wp-json\/wp\/v2\/types\/post"}],"author":[{"embeddable":true,"href":"https:\/\/novosaopaulo.com.br\/n1\/wp-json\/wp\/v2\/users\/1"}],"replies":[{"embeddable":true,"href":"https:\/\/novosaopaulo.com.br\/n1\/wp-json\/wp\/v2\/comments?post=18638"}],"version-history":[{"count":1,"href":"https:\/\/novosaopaulo.com.br\/n1\/wp-json\/wp\/v2\/posts\/18638\/revisions"}],"predecessor-version":[{"id":18640,"href":"https:\/\/novosaopaulo.com.br\/n1\/wp-json\/wp\/v2\/posts\/18638\/revisions\/18640"}],"wp:featuredmedia":[{"embeddable":true,"href":"https:\/\/novosaopaulo.com.br\/n1\/wp-json\/wp\/v2\/media\/18639"}],"wp:attachment":[{"href":"https:\/\/novosaopaulo.com.br\/n1\/wp-json\/wp\/v2\/media?parent=18638"}],"wp:term":[{"taxonomy":"category","embeddable":true,"href":"https:\/\/novosaopaulo.com.br\/n1\/wp-json\/wp\/v2\/categories?post=18638"},{"taxonomy":"post_tag","embeddable":true,"href":"https:\/\/novosaopaulo.com.br\/n1\/wp-json\/wp\/v2\/tags?post=18638"}],"curies":[{"name":"wp","href":"https:\/\/api.w.org\/{rel}","templated":true}]}}