{"id":18571,"date":"2024-04-26T16:28:24","date_gmt":"2024-04-26T19:28:24","guid":{"rendered":"https:\/\/novosaopaulo.com.br\/n1\/?p=18571"},"modified":"2024-04-26T16:28:25","modified_gmt":"2024-04-26T19:28:25","slug":"subimperio-do-divino-sera-aberto-na-prefeitura-de-mogi-das-cruzes-nesta-segunda-feira","status":"publish","type":"post","link":"https:\/\/novosaopaulo.com.br\/n1\/subimperio-do-divino-sera-aberto-na-prefeitura-de-mogi-das-cruzes-nesta-segunda-feira\/","title":{"rendered":"Subimp\u00e9rio do Divino ser\u00e1 aberto na Prefeitura de Mogi das Cruzes nesta segunda-feira"},"content":{"rendered":"\n<p>Nesta segunda-feira (29), a Festa do Divino Esp\u00edrito Santo de Mogi das Cruzes far\u00e1 dois eventos com a Prefeitura. O primeiro deles \u00e9 a abertura do Subimp\u00e9rio, no hall da sede do poder executivo do Munic\u00edpio, \u00e0s 16h30. Em seguida, \u00e0s 18 horas, ocorre o ato de assinatura da anu\u00eancia da Festa do Divino, no Theatro Vasques. Ser\u00e3o dois momentos em que se far\u00e3o presentes o prefeito Caio Cunha, secret\u00e1rios, servidores e devotos do Esp\u00edrito Santo. Os eventos s\u00e3o abertos para o p\u00fablico em geral.<\/p>\n\n\n\n<p>A abertura do Subimp\u00e9rio ter\u00e1 a solenidade conduzida pelo bispo diocesano, Dom Pedro Luiz Stringhini. Na oportunidade, estar\u00e3o presentes o Festeiro Eduardo Ferreira Rego e o Capit\u00e3o de Mastro Wagner Baptista Santos, o presidente da Associa\u00e7\u00e3o Pr\u00f3-Festa do Divino, Marcelo Braz, e demais membros da entidade, que, ao lado da Diocese de Mogi das Cruzes, promove a Festa do Divino, que neste ano completa 411 anos de f\u00e9 e devo\u00e7\u00e3o.<\/p>\n\n\n\n<p>No Theatro Vasques, a entrada \u00e9 gratuita. Neste espa\u00e7o, ser\u00e1 feita a assinatura da anu\u00eancia da Festa do Divino.<\/p>\n\n\n\n<p>Na oportunidade, o cantor e multi-instrumentista Gui Dela Plata apresentar\u00e1 um espet\u00e1culo musical com piano de calda. Para este momento especial, o cantor levar\u00e1 ao Vasques um repert\u00f3rio tendo como tem\u00e1tica as can\u00e7\u00f5es tradicionais da Festa do Divino, dentre outras religiosas.<\/p>\n\n\n\n<p>Ainda no Theatro Vasques ser\u00e1 feita uma exibi\u00e7\u00e3o fotogr\u00e1fica da Festa, com explana\u00e7\u00e3o do historiador Glauco Ricciele, diretor de Patrim\u00f4nio e Arquivo Hist\u00f3rico da Secretaria de Cultura de Mogi das Cruzes (Secult), sobre esta festividade religiosa e folcl\u00f3rica.<\/p>\n\n\n\n<p>A Congada Divino Esp\u00edrito Santo de Mogi das Cruzes tamb\u00e9m promete uma linda apresenta\u00e7\u00e3o.<\/p>\n\n\n\n<p>O Theatro Vasques est\u00e1 localizado na Rua Dr. Corr\u00eaa, 515, no Centro de Mogi das Cruzes.<\/p>\n","protected":false},"excerpt":{"rendered":"<p>Nesta segunda-feira (29), a Festa do Divino Esp\u00edrito Santo de Mogi das Cruzes far\u00e1 dois&#8230;<\/p>\n","protected":false},"author":1,"featured_media":18572,"comment_status":"open","ping_status":"open","sticky":false,"template":"","format":"standard","meta":{"footnotes":""},"categories":[34],"tags":[],"featured_image_urls":{"full":["https:\/\/novosaopaulo.com.br\/n1\/wp-content\/uploads\/2024\/04\/WhatsApp-Image-2024-04-26-at-16.12.37.jpeg",1600,1066,false],"thumbnail":["https:\/\/novosaopaulo.com.br\/n1\/wp-content\/uploads\/2024\/04\/WhatsApp-Image-2024-04-26-at-16.12.37-150x150.jpeg",150,150,true],"medium":["https:\/\/novosaopaulo.com.br\/n1\/wp-content\/uploads\/2024\/04\/WhatsApp-Image-2024-04-26-at-16.12.37-300x200.jpeg",300,200,true],"medium_large":["https:\/\/novosaopaulo.com.br\/n1\/wp-content\/uploads\/2024\/04\/WhatsApp-Image-2024-04-26-at-16.12.37-768x512.jpeg",640,427,true],"large":["https:\/\/novosaopaulo.com.br\/n1\/wp-content\/uploads\/2024\/04\/WhatsApp-Image-2024-04-26-at-16.12.37-1024x682.jpeg",640,426,true],"1536x1536":["https:\/\/novosaopaulo.com.br\/n1\/wp-content\/uploads\/2024\/04\/WhatsApp-Image-2024-04-26-at-16.12.37-1536x1023.jpeg",1536,1023,true],"2048x2048":["https:\/\/novosaopaulo.com.br\/n1\/wp-content\/uploads\/2024\/04\/WhatsApp-Image-2024-04-26-at-16.12.37.jpeg",1600,1066,false],"newsever-slider-full":["https:\/\/novosaopaulo.com.br\/n1\/wp-content\/uploads\/2024\/04\/WhatsApp-Image-2024-04-26-at-16.12.37-1280x845.jpeg",1280,845,true],"newsever-featured":["https:\/\/novosaopaulo.com.br\/n1\/wp-content\/uploads\/2024\/04\/WhatsApp-Image-2024-04-26-at-16.12.37-1024x682.jpeg",1024,682,true],"newsever-medium":["https:\/\/novosaopaulo.com.br\/n1\/wp-content\/uploads\/2024\/04\/WhatsApp-Image-2024-04-26-at-16.12.37-720x475.jpeg",720,475,true]},"author_info":{"display_name":"Reda\u00e7\u00e3o","author_link":"https:\/\/novosaopaulo.com.br\/n1\/author\/g5poa\/"},"category_info":"<a href=\"https:\/\/novosaopaulo.com.br\/n1\/category\/alto-tiete\/\" rel=\"category tag\">Alto Tiet\u00ea<\/a>","tag_info":"Alto Tiet\u00ea","comment_count":"0","_links":{"self":[{"href":"https:\/\/novosaopaulo.com.br\/n1\/wp-json\/wp\/v2\/posts\/18571"}],"collection":[{"href":"https:\/\/novosaopaulo.com.br\/n1\/wp-json\/wp\/v2\/posts"}],"about":[{"href":"https:\/\/novosaopaulo.com.br\/n1\/wp-json\/wp\/v2\/types\/post"}],"author":[{"embeddable":true,"href":"https:\/\/novosaopaulo.com.br\/n1\/wp-json\/wp\/v2\/users\/1"}],"replies":[{"embeddable":true,"href":"https:\/\/novosaopaulo.com.br\/n1\/wp-json\/wp\/v2\/comments?post=18571"}],"version-history":[{"count":1,"href":"https:\/\/novosaopaulo.com.br\/n1\/wp-json\/wp\/v2\/posts\/18571\/revisions"}],"predecessor-version":[{"id":18573,"href":"https:\/\/novosaopaulo.com.br\/n1\/wp-json\/wp\/v2\/posts\/18571\/revisions\/18573"}],"wp:featuredmedia":[{"embeddable":true,"href":"https:\/\/novosaopaulo.com.br\/n1\/wp-json\/wp\/v2\/media\/18572"}],"wp:attachment":[{"href":"https:\/\/novosaopaulo.com.br\/n1\/wp-json\/wp\/v2\/media?parent=18571"}],"wp:term":[{"taxonomy":"category","embeddable":true,"href":"https:\/\/novosaopaulo.com.br\/n1\/wp-json\/wp\/v2\/categories?post=18571"},{"taxonomy":"post_tag","embeddable":true,"href":"https:\/\/novosaopaulo.com.br\/n1\/wp-json\/wp\/v2\/tags?post=18571"}],"curies":[{"name":"wp","href":"https:\/\/api.w.org\/{rel}","templated":true}]}}