{"id":18530,"date":"2024-04-12T14:02:57","date_gmt":"2024-04-12T17:02:57","guid":{"rendered":"https:\/\/novosaopaulo.com.br\/n1\/?p=18530"},"modified":"2024-04-12T14:02:58","modified_gmt":"2024-04-12T17:02:58","slug":"cultura-de-itaqua-retoma-avenida-cultural-neste-domingo-14-com-diversas-atracoes","status":"publish","type":"post","link":"https:\/\/novosaopaulo.com.br\/n1\/cultura-de-itaqua-retoma-avenida-cultural-neste-domingo-14-com-diversas-atracoes\/","title":{"rendered":"Cultura de Itaqu\u00e1 retoma Avenida Cultural neste domingo (14) com diversas atra\u00e7\u00f5es"},"content":{"rendered":"\n<p>Atividades v\u00e3o ocorrer das 12h \u00e0s 17h e ser\u00e3o abertas ao p\u00fablico<\/p>\n\n\n\n<p>A Secretaria de Cultura de Itaquaquecetuba vai retomar, neste domingo (14), a tradicional Avenida Cultural. Iniciado em 2022, o projeto movimenta a avenida Vereador Jo\u00e3o Fernandes da Silva, na Vila Virg\u00ednia, com feira gastron\u00f4mica, shows ao vivo, atividades culturais, esportivas e de sa\u00fade. O evento vai ocorrer das 12h \u00e0s 17h e \u00e9 aberto ao p\u00fablico.<\/p>\n\n\n\n<p>&#8220;Essa ser\u00e1 a primeira Avenida Cultural do ano, ent\u00e3o \u00e9 a chance de, quem j\u00e1 conhece, voltar e, de quem ainda n\u00e3o veio, conhecer. Ser\u00e1 um domingo especial, com diversidade cultural, espet\u00e1culos e atividades ao ar livre&#8221;, explicou o prefeito Eduardo Boigues.<\/p>\n\n\n\n<p>Entre as atividades, o espa\u00e7o contar\u00e1 com jogos de mesa, doa\u00e7\u00e3o de livros e feira de ado\u00e7\u00e3o de c\u00e3es e gatos. O principal objetivo \u00e9 aproximar as fam\u00edlias da arte e da cultura por meio do uso do espa\u00e7o p\u00fablico. Com a avenida liberada para as atra\u00e7\u00f5es, o evento \u00e9 um sinal verde para que a popula\u00e7\u00e3o aproveite a cidade.<\/p>\n\n\n\n<p>A retomada do evento tamb\u00e9m marca o uso da nova avenida, que foi revitalizada no segundo semestre de 2023. Com investimento de R$ 6 milh\u00f5es, a via recebeu nova pavimenta\u00e7\u00e3o, pista de caminhada, cal\u00e7adas acess\u00edveis, ilumina\u00e7\u00e3o de LED, paisagismo e sinaliza\u00e7\u00e3o.<\/p>\n\n\n\n<p>&#8220;Nossa avenida est\u00e1 mais moderna, com novo asfalto e melhor infraestrutura. Tenho certeza que todos que vierem v\u00e3o gostar da experi\u00eancia&#8221;, completou Boigues.<\/p>\n\n\n\n<p>Fotos: Dayane Oliveira<\/p>\n\n\n\n<figure class=\"wp-block-gallery has-nested-images columns-default is-cropped wp-block-gallery-1 is-layout-flex wp-block-gallery-is-layout-flex\">\n<figure class=\"wp-block-image size-large\"><img fetchpriority=\"high\" decoding=\"async\" width=\"400\" height=\"267\" data-id=\"18531\" src=\"https:\/\/novosaopaulo.com.br\/n1\/wp-content\/uploads\/2024\/04\/WhatsApp-Image-2024-04-12-at-10.36.19.jpeg\" alt=\"\" class=\"wp-image-18531\" srcset=\"https:\/\/novosaopaulo.com.br\/n1\/wp-content\/uploads\/2024\/04\/WhatsApp-Image-2024-04-12-at-10.36.19.jpeg 400w, https:\/\/novosaopaulo.com.br\/n1\/wp-content\/uploads\/2024\/04\/WhatsApp-Image-2024-04-12-at-10.36.19-300x200.jpeg 300w\" sizes=\"(max-width: 400px) 100vw, 400px\" \/><\/figure>\n\n\n\n<figure class=\"wp-block-image size-large\"><img decoding=\"async\" width=\"400\" height=\"268\" data-id=\"18532\" src=\"https:\/\/novosaopaulo.com.br\/n1\/wp-content\/uploads\/2024\/04\/WhatsApp-Image-2024-04-12-at-10.36.20-1.jpeg\" alt=\"\" class=\"wp-image-18532\" srcset=\"https:\/\/novosaopaulo.com.br\/n1\/wp-content\/uploads\/2024\/04\/WhatsApp-Image-2024-04-12-at-10.36.20-1.jpeg 400w, https:\/\/novosaopaulo.com.br\/n1\/wp-content\/uploads\/2024\/04\/WhatsApp-Image-2024-04-12-at-10.36.20-1-300x201.jpeg 300w\" sizes=\"(max-width: 400px) 100vw, 400px\" \/><\/figure>\n\n\n\n<figure class=\"wp-block-image size-large\"><img decoding=\"async\" width=\"400\" height=\"267\" data-id=\"18533\" src=\"https:\/\/novosaopaulo.com.br\/n1\/wp-content\/uploads\/2024\/04\/WhatsApp-Image-2024-04-12-at-10.36.20.jpeg\" alt=\"\" class=\"wp-image-18533\" srcset=\"https:\/\/novosaopaulo.com.br\/n1\/wp-content\/uploads\/2024\/04\/WhatsApp-Image-2024-04-12-at-10.36.20.jpeg 400w, https:\/\/novosaopaulo.com.br\/n1\/wp-content\/uploads\/2024\/04\/WhatsApp-Image-2024-04-12-at-10.36.20-300x200.jpeg 300w\" sizes=\"(max-width: 400px) 100vw, 400px\" \/><\/figure>\n<\/figure>\n","protected":false},"excerpt":{"rendered":"<p>Atividades v\u00e3o ocorrer das 12h \u00e0s 17h e ser\u00e3o abertas ao p\u00fablico A Secretaria de&#8230;<\/p>\n","protected":false},"author":1,"featured_media":18532,"comment_status":"open","ping_status":"open","sticky":false,"template":"","format":"standard","meta":{"footnotes":""},"categories":[34],"tags":[],"featured_image_urls":{"full":["https:\/\/novosaopaulo.com.br\/n1\/wp-content\/uploads\/2024\/04\/WhatsApp-Image-2024-04-12-at-10.36.20-1.jpeg",400,268,false],"thumbnail":["https:\/\/novosaopaulo.com.br\/n1\/wp-content\/uploads\/2024\/04\/WhatsApp-Image-2024-04-12-at-10.36.20-1-150x150.jpeg",150,150,true],"medium":["https:\/\/novosaopaulo.com.br\/n1\/wp-content\/uploads\/2024\/04\/WhatsApp-Image-2024-04-12-at-10.36.20-1-300x201.jpeg",300,201,true],"medium_large":["https:\/\/novosaopaulo.com.br\/n1\/wp-content\/uploads\/2024\/04\/WhatsApp-Image-2024-04-12-at-10.36.20-1.jpeg",400,268,false],"large":["https:\/\/novosaopaulo.com.br\/n1\/wp-content\/uploads\/2024\/04\/WhatsApp-Image-2024-04-12-at-10.36.20-1.jpeg",400,268,false],"1536x1536":["https:\/\/novosaopaulo.com.br\/n1\/wp-content\/uploads\/2024\/04\/WhatsApp-Image-2024-04-12-at-10.36.20-1.jpeg",400,268,false],"2048x2048":["https:\/\/novosaopaulo.com.br\/n1\/wp-content\/uploads\/2024\/04\/WhatsApp-Image-2024-04-12-at-10.36.20-1.jpeg",400,268,false],"newsever-slider-full":["https:\/\/novosaopaulo.com.br\/n1\/wp-content\/uploads\/2024\/04\/WhatsApp-Image-2024-04-12-at-10.36.20-1.jpeg",400,268,false],"newsever-featured":["https:\/\/novosaopaulo.com.br\/n1\/wp-content\/uploads\/2024\/04\/WhatsApp-Image-2024-04-12-at-10.36.20-1.jpeg",400,268,false],"newsever-medium":["https:\/\/novosaopaulo.com.br\/n1\/wp-content\/uploads\/2024\/04\/WhatsApp-Image-2024-04-12-at-10.36.20-1.jpeg",400,268,false]},"author_info":{"display_name":"Reda\u00e7\u00e3o","author_link":"https:\/\/novosaopaulo.com.br\/n1\/author\/g5poa\/"},"category_info":"<a href=\"https:\/\/novosaopaulo.com.br\/n1\/category\/alto-tiete\/\" rel=\"category tag\">Alto Tiet\u00ea<\/a>","tag_info":"Alto Tiet\u00ea","comment_count":"0","_links":{"self":[{"href":"https:\/\/novosaopaulo.com.br\/n1\/wp-json\/wp\/v2\/posts\/18530"}],"collection":[{"href":"https:\/\/novosaopaulo.com.br\/n1\/wp-json\/wp\/v2\/posts"}],"about":[{"href":"https:\/\/novosaopaulo.com.br\/n1\/wp-json\/wp\/v2\/types\/post"}],"author":[{"embeddable":true,"href":"https:\/\/novosaopaulo.com.br\/n1\/wp-json\/wp\/v2\/users\/1"}],"replies":[{"embeddable":true,"href":"https:\/\/novosaopaulo.com.br\/n1\/wp-json\/wp\/v2\/comments?post=18530"}],"version-history":[{"count":1,"href":"https:\/\/novosaopaulo.com.br\/n1\/wp-json\/wp\/v2\/posts\/18530\/revisions"}],"predecessor-version":[{"id":18534,"href":"https:\/\/novosaopaulo.com.br\/n1\/wp-json\/wp\/v2\/posts\/18530\/revisions\/18534"}],"wp:featuredmedia":[{"embeddable":true,"href":"https:\/\/novosaopaulo.com.br\/n1\/wp-json\/wp\/v2\/media\/18532"}],"wp:attachment":[{"href":"https:\/\/novosaopaulo.com.br\/n1\/wp-json\/wp\/v2\/media?parent=18530"}],"wp:term":[{"taxonomy":"category","embeddable":true,"href":"https:\/\/novosaopaulo.com.br\/n1\/wp-json\/wp\/v2\/categories?post=18530"},{"taxonomy":"post_tag","embeddable":true,"href":"https:\/\/novosaopaulo.com.br\/n1\/wp-json\/wp\/v2\/tags?post=18530"}],"curies":[{"name":"wp","href":"https:\/\/api.w.org\/{rel}","templated":true}]}}