{"id":18486,"date":"2024-04-10T20:24:11","date_gmt":"2024-04-10T23:24:11","guid":{"rendered":"https:\/\/novosaopaulo.com.br\/n1\/?p=18486"},"modified":"2024-04-10T20:24:12","modified_gmt":"2024-04-10T23:24:12","slug":"rafa-zimbaldi-discute-mudanca-de-gcm-para-policia-municipal-com-entidades-ligadas-a-seguranca-publica-na-alesp","status":"publish","type":"post","link":"https:\/\/novosaopaulo.com.br\/n1\/rafa-zimbaldi-discute-mudanca-de-gcm-para-policia-municipal-com-entidades-ligadas-a-seguranca-publica-na-alesp\/","title":{"rendered":"Rafa Zimbaldi discute mudan\u00e7a de GCM para Pol\u00edcia Municipal com entidades ligadas \u00e0 Seguran\u00e7a P\u00fablica na Alesp"},"content":{"rendered":"\n<p>Encontro ser\u00e1 realizado nesta quarta-feira (10\/4), no Audit\u00f3rio \u201cTeot\u00f4nio Vilela\u201d, \u00e0s 10 horas; Instituto Sou da Paz, Associa\u00e7\u00e3o e Conselho Nacional das Guardas Municipais j\u00e1 confirmaram presen\u00e7a<\/p>\n\n\n\n<p>O deputado estadual Rafa Zimbaldi (Cidadania-SP) promove nesta quarta-feira (10\/4), \u00e0s 10 horas, na Assembleia Legislativa do Estado de S\u00e3o Paulo (Alesp), uma audi\u00eancia p\u00fablica para discutir a mudan\u00e7a das Guardas Civis Municipais (GCMs) paulistas para Pol\u00edcia Municipal. O encontro vai reunir dirigentes de entidades especializadas no tema e \u00e9 mais um passo para que o estado integre legitimamente os guardas municipais \u00e0s for\u00e7as de seguran\u00e7a p\u00fablica.<\/p>\n\n\n\n<p>De autoria de Rafa, o projeto de lei 1.702\/2023 prev\u00ea que a GCM em todo o solo paulista seja elevada \u00e0 categoria de Pol\u00edcia Municipal. J\u00e1 em tr\u00e2mite na Alesp, o texto tamb\u00e9m reconhece as guardas municipais como pertencentes ao Sistema Nacional de Seguran\u00e7a P\u00fablica, concedendo, assim, mais autonomia aos agentes em situa\u00e7\u00f5es de patrulhamento, al\u00e9m de seguran\u00e7a jur\u00eddica no cumprimento das fun\u00e7\u00f5es:<\/p>\n\n\n\n<p>\u201c\u00c9 pela fundamental necessidade de instituir esse direito \u00e0 GCM que protocolei na Alesp esta proposta. A corpora\u00e7\u00e3o precisa ter garantido o poder de pol\u00edcia e, consequentemente, ter a nomenclatura de Pol\u00edcia Municipal &#8211; o que j\u00e1 \u00e9, na pr\u00e1tica. A audi\u00eancia p\u00fablica desta quarta-feira jogar\u00e1 luz ao tema e enriquecer\u00e1 o debate, com direito \u00e0 participa\u00e7\u00e3o de entidades especializadas em Seguran\u00e7a P\u00fablica\u201d, observa Rafa, que comp\u00f5e a Comiss\u00e3o de Seguran\u00e7a P\u00fablica e Assuntos Penitenci\u00e1rios da Alesp.<\/p>\n\n\n\n<p>Durante a audi\u00eancia, que ser\u00e1 abrigada no Audit\u00f3rio \u201cTeot\u00f4nio Vilela\u201d, a diretora-executiva do Instituto Sou da Paz, Carolina Ricardo, compartilhar\u00e1 o ponto de vista da entidade quanto \u00e0 mudan\u00e7a da GCM para Pol\u00edcia Municipal.<\/p>\n\n\n\n<p>J\u00e1 o presidente da Associa\u00e7\u00e3o Nacional de Guardas Municipais (AGM Brasil), Reinaldo Monteiro da Silva, falar\u00e1 sobre o papel constitucional das GCMs e do Fundo Nacional de Seguran\u00e7a P\u00fablica.<\/p>\n\n\n\n<p>O Conselho Nacional das Guardas Municipais (CNGM) tamb\u00e9m marcar\u00e1 presen\u00e7a na audi\u00eancia p\u00fablica de amanh\u00e3. Na oportunidade, o presidente do \u00f3rg\u00e3o, Carlos Alexandre Braga, elucidar\u00e1 o contexto hist\u00f3rico das corpora\u00e7\u00f5es.<\/p>\n\n\n\n<p>Tamb\u00e9m est\u00e1 prevista a presen\u00e7a do deputado federal Delegado Paulo Bilynskyj (PL-SP), relator do projeto de lei 1.109\/23, que regulamenta o porte de arma de fogo para os guardas municipais, bem como exige fornecimento de equipamentos, capacita\u00e7\u00e3o, acompanhamento psicol\u00f3gico e assessoria jur\u00eddica gratuita a esses agentes de seguran\u00e7a p\u00fablica.<\/p>\n\n\n\n<p>STF<br>No ano passado, o Supremo Tribunal Federal (STF) chancelou a atua\u00e7\u00e3o policial das GCMs. Al\u00e9m disso, a terceira turma do Superior Tribunal de Justi\u00e7a (STJ) reconheceu que a corpora\u00e7\u00e3o integra o sistema de Seguran\u00e7a P\u00fablica, embora sem deter as fun\u00e7\u00f5es ostensivas da Pol\u00edcia Militar (PM), nem as atividades investigativas da Pol\u00edcia Civil.<\/p>\n\n\n\n<p>\u201cAs Guardas Municipais executam atividade essencial no atendimento \u00e0 comunidade. A corpora\u00e7\u00e3o inibe, previne e co\u00edbe infra\u00e7\u00f5es de natureza penal ou administrativa, bem como atos infracionais que atentem contra o patrim\u00f4nio p\u00fablico. Por isso, nada mais justo do que reconhecer a GCM como integrante do Sistema de Seguran\u00e7a P\u00fablica do Estado de S\u00e3o Paulo e elevar sua condi\u00e7\u00e3o para Pol\u00edcia Municipal. Na audi\u00eancia p\u00fablica, vamos discutir como avan\u00e7ar nessas quest\u00f5es\u201d, adianta Rafa.<\/p>\n","protected":false},"excerpt":{"rendered":"<p>Encontro ser\u00e1 realizado nesta quarta-feira (10\/4), no Audit\u00f3rio \u201cTeot\u00f4nio Vilela\u201d, \u00e0s 10 horas; Instituto Sou&#8230;<\/p>\n","protected":false},"author":1,"featured_media":18487,"comment_status":"open","ping_status":"open","sticky":false,"template":"","format":"standard","meta":{"footnotes":""},"categories":[2],"tags":[],"featured_image_urls":{"full":["https:\/\/novosaopaulo.com.br\/n1\/wp-content\/uploads\/2024\/04\/WhatsApp-Image-2024-04-10-at-09.06.39.jpeg",929,1280,false],"thumbnail":["https:\/\/novosaopaulo.com.br\/n1\/wp-content\/uploads\/2024\/04\/WhatsApp-Image-2024-04-10-at-09.06.39-150x150.jpeg",150,150,true],"medium":["https:\/\/novosaopaulo.com.br\/n1\/wp-content\/uploads\/2024\/04\/WhatsApp-Image-2024-04-10-at-09.06.39-218x300.jpeg",218,300,true],"medium_large":["https:\/\/novosaopaulo.com.br\/n1\/wp-content\/uploads\/2024\/04\/WhatsApp-Image-2024-04-10-at-09.06.39-768x1058.jpeg",640,882,true],"large":["https:\/\/novosaopaulo.com.br\/n1\/wp-content\/uploads\/2024\/04\/WhatsApp-Image-2024-04-10-at-09.06.39-743x1024.jpeg",640,882,true],"1536x1536":["https:\/\/novosaopaulo.com.br\/n1\/wp-content\/uploads\/2024\/04\/WhatsApp-Image-2024-04-10-at-09.06.39.jpeg",929,1280,false],"2048x2048":["https:\/\/novosaopaulo.com.br\/n1\/wp-content\/uploads\/2024\/04\/WhatsApp-Image-2024-04-10-at-09.06.39.jpeg",929,1280,false],"newsever-slider-full":["https:\/\/novosaopaulo.com.br\/n1\/wp-content\/uploads\/2024\/04\/WhatsApp-Image-2024-04-10-at-09.06.39-929x845.jpeg",929,845,true],"newsever-featured":["https:\/\/novosaopaulo.com.br\/n1\/wp-content\/uploads\/2024\/04\/WhatsApp-Image-2024-04-10-at-09.06.39.jpeg",929,1280,false],"newsever-medium":["https:\/\/novosaopaulo.com.br\/n1\/wp-content\/uploads\/2024\/04\/WhatsApp-Image-2024-04-10-at-09.06.39-720x475.jpeg",720,475,true]},"author_info":{"display_name":"Reda\u00e7\u00e3o","author_link":"https:\/\/novosaopaulo.com.br\/n1\/author\/g5poa\/"},"category_info":"<a href=\"https:\/\/novosaopaulo.com.br\/n1\/category\/cidades\/\" rel=\"category tag\">Cidades<\/a>","tag_info":"Cidades","comment_count":"0","_links":{"self":[{"href":"https:\/\/novosaopaulo.com.br\/n1\/wp-json\/wp\/v2\/posts\/18486"}],"collection":[{"href":"https:\/\/novosaopaulo.com.br\/n1\/wp-json\/wp\/v2\/posts"}],"about":[{"href":"https:\/\/novosaopaulo.com.br\/n1\/wp-json\/wp\/v2\/types\/post"}],"author":[{"embeddable":true,"href":"https:\/\/novosaopaulo.com.br\/n1\/wp-json\/wp\/v2\/users\/1"}],"replies":[{"embeddable":true,"href":"https:\/\/novosaopaulo.com.br\/n1\/wp-json\/wp\/v2\/comments?post=18486"}],"version-history":[{"count":1,"href":"https:\/\/novosaopaulo.com.br\/n1\/wp-json\/wp\/v2\/posts\/18486\/revisions"}],"predecessor-version":[{"id":18488,"href":"https:\/\/novosaopaulo.com.br\/n1\/wp-json\/wp\/v2\/posts\/18486\/revisions\/18488"}],"wp:featuredmedia":[{"embeddable":true,"href":"https:\/\/novosaopaulo.com.br\/n1\/wp-json\/wp\/v2\/media\/18487"}],"wp:attachment":[{"href":"https:\/\/novosaopaulo.com.br\/n1\/wp-json\/wp\/v2\/media?parent=18486"}],"wp:term":[{"taxonomy":"category","embeddable":true,"href":"https:\/\/novosaopaulo.com.br\/n1\/wp-json\/wp\/v2\/categories?post=18486"},{"taxonomy":"post_tag","embeddable":true,"href":"https:\/\/novosaopaulo.com.br\/n1\/wp-json\/wp\/v2\/tags?post=18486"}],"curies":[{"name":"wp","href":"https:\/\/api.w.org\/{rel}","templated":true}]}}