{"id":18262,"date":"2024-03-28T18:05:11","date_gmt":"2024-03-28T21:05:11","guid":{"rendered":"https:\/\/novosaopaulo.com.br\/n1\/?p=18262"},"modified":"2024-03-28T18:05:12","modified_gmt":"2024-03-28T21:05:12","slug":"movimento-sp-por-todas-e-lancado-para-ampliar-visibilidade-de-politicas-publicas-estaduais-para-a-mulher-2","status":"publish","type":"post","link":"https:\/\/novosaopaulo.com.br\/n1\/movimento-sp-por-todas-e-lancado-para-ampliar-visibilidade-de-politicas-publicas-estaduais-para-a-mulher-2\/","title":{"rendered":"Movimento SP Por Todas \u00e9 lan\u00e7ado para ampliar visibilidade de pol\u00edticas p\u00fablicas estaduais para a mulher"},"content":{"rendered":"\n<p>Objetivo do Governo do Estado \u00e9 garantir ampla divulga\u00e7\u00e3o \u00e0 rede de prote\u00e7\u00e3o, acolhimento e apoio \u00e0s mulheres paulistas<\/p>\n\n\n\n<p>Para ampliar a visibilidade das pol\u00edticas p\u00fablicas viabilizadas pela administra\u00e7\u00e3o paulista e da rede de prote\u00e7\u00e3o, acolhimento e emancipa\u00e7\u00e3o profissional e financeira das mulheres, o Governo do Estado lan\u00e7ou nesta quinta-feira (28) o Movimento SP Por Todas.<\/p>\n\n\n\n<p>O hasteamento da bandeira do movimento no Pal\u00e1cio dos Bandeirantes marcou o in\u00edcio da a\u00e7\u00e3o, com a presen\u00e7a do governador Tarc\u00edsio de Freitas e da primeira-dama Cristiane de Freitas, al\u00e9m da secret\u00e1ria Sonaira Fernandes (Pol\u00edticas para a Mulher), demais mulheres titulares de pastas estaduais e servidoras que atuam na sede do Governo de S\u00e3o Pauo.<\/p>\n\n\n\n<p>O SP Por Todas vai dar destaque tanto a iniciativas que j\u00e1 est\u00e3o em andamento, como o protocolo N\u00e3o Se Cale de combate \u00e0 importuna\u00e7\u00e3o sexual e o Abrigo Amigo para a prote\u00e7\u00e3o a mulheres em pontos de \u00f4nibus, como \u00e0s novas medidas anunciadas recentemente, no Dia Internacional da Mulher, com foco na prote\u00e7\u00e3o de mulheres v\u00edtimas de viol\u00eancia.<\/p>\n\n\n\n<p>\u201cN\u00f3s iniciamos o m\u00eas da mulher fazendo um grande evento para anunciar uma s\u00e9rie de medidas que estavam sendo tomadas para mostrar que temos uma pol\u00edtica p\u00fablica viva. A Secretaria de Pol\u00edticas para a Mulher \u00e9 pra valer, est\u00e1 construindo pol\u00edtica p\u00fablica, entregando resultado com o trabalho de um time que se dedicou e que levou a s\u00e9rio. Mais do que isso, agora a gente est\u00e1 encerrando o m\u00eas iniciando o movimento pra dizer que esse movimento n\u00e3o para, isso tem que continuar e prosseguir todos os meses\u201d, declarou o governador, ao lado da primeira-dama.<\/p>\n\n\n\n<p>\u201cTodo m\u00eas \u00e9 o m\u00eas da mulher e a gente vai levar isso muito a s\u00e9rio. A gente quer a pol\u00edtica p\u00fablica de verdade no estado de S\u00e3o Paulo e quer que o estado de S\u00e3o Paulo seja uma refer\u00eancia na pol\u00edtica para a mulher. O nosso estado tem essa responsabilidade. Se S\u00e3o Paulo \u00e9 um estado pujante e pr\u00f3spero, n\u00f3s devemos isso \u00e0s mulheres, que representam a maioria da nossa popula\u00e7\u00e3o\u201d, acrescentou Tarcisio.<\/p>\n\n\n\n<p>&#8220;O movimento SP Por Todas ser\u00e1 a voz de muitas mulheres que vivem encurraladas e silenciadas pela viol\u00eancia. O movimento SP Por Todas est\u00e1 muito al\u00e9m deste encontro de hoje, mas ele vai come\u00e7ar a acontecer quando eu, voc\u00ea, n\u00f3s sairmos daqui para replicar o que est\u00e1 sendo lan\u00e7ado hoje. Fico muito feliz e tranquila na certeza de que o que n\u00f3s estamos fazendo aqui vai alcan\u00e7ar mulheres em situa\u00e7\u00f5es de vulnerabilidade e mulheres que precisam deste movimento para ter voz\u201d, declarou a secret\u00e1ria Sonaira Fernandes.<\/p>\n\n\n\n<p>Al\u00e9m do Pal\u00e1cio dos Bandeirantes, as sedes das secretarias estaduais, a Sala S\u00e3o Paulo e a Associa\u00e7\u00e3o Comercial de S\u00e3o Paulo tamb\u00e9m hastearam a bandeira do movimento. O \u00faltimo dia \u00fatil de mar\u00e7o foi escolhido para o lan\u00e7amento do SP Por Todas justamente para refor\u00e7ar que as a\u00e7\u00f5es do Estado n\u00e3o est\u00e3o circunscritas ao m\u00eas da mulher, mas s\u00e3o priorizadas e executadas de forma perene.<\/p>\n\n\n\n<p>Pol\u00edticas p\u00fablicas do Estado<\/p>\n\n\n\n<p>Entre as inova\u00e7\u00f5es do Governo de S\u00e3o Paulo apresentadas neste m\u00eas, est\u00e3o:<\/p>\n\n\n\n<ul>\n<li>Aplicativo SP Mulher Segura, que amplia o apoio da pol\u00edcia \u00e0s mulheres por meio de registro online de boletim de ocorr\u00eancia, bot\u00e3o de socorro com envio da localiza\u00e7\u00e3o em tempo real e monitoramento permanente de agressores com tornozeleira eletr\u00f4nica. A plataforma unifica servi\u00e7os digitais de prote\u00e7\u00e3o \u00e0s v\u00edtimas de viol\u00eancia dom\u00e9stica e familiar e est\u00e1 dispon\u00edvel nos sistemas iOS e Android.<\/li>\n\n\n\n<li>Compra de mais 1 mil tornozeleiras eletr\u00f4nicas para monitoramento 24 horas por dia dos agressores de mulheres. A licita\u00e7\u00e3o j\u00e1 est\u00e1 em andamento e prev\u00ea investimentos de R$ 10 milh\u00f5es do Governo de S\u00e3o Paulo para a aquisi\u00e7\u00e3o dos equipamentos para a prote\u00e7\u00e3o das mulheres.<\/li>\n\n\n\n<li>Cria\u00e7\u00e3o de 62 novas salas da Delegacia da Defesa da Mulher (DDM) com atendimento online 24 horas. Com os novos espa\u00e7os em delegacias com plant\u00e3o policial, S\u00e3o Paulo passa a ter 141 unidades de suporte especializado \u00e0s mulheres em todas as regi\u00f5es do estado. Por videoconfer\u00eancia, a mulher \u00e9 atendida por uma equipe especializada da DDM a qualquer hora do dia.<\/li>\n\n\n\n<li>Aux\u00edlio aluguel de R$ 500 para mulheres v\u00edtimas de viol\u00eancia dom\u00e9stica em situa\u00e7\u00e3o de vulnerabilidade social e atendidas por medidas protetivas. O benef\u00edcio pode ser concedido por at\u00e9 seis meses e renovado por igual per\u00edodo a mulheres que n\u00e3o tenham condi\u00e7\u00f5es de retornar ao lar em que residiam devido a riscos provocados pelo conv\u00edvio seus com agressores.<\/li>\n\n\n\n<li>Portal da Mulher Paulista (www.portaldamulherpaulista.sp.gov.br) que re\u00fane toda a rede de apoio e prote\u00e7\u00e3o dispon\u00edvel \u00e0 mulher no territ\u00f3rio paulista. Na plataforma, o Governo de S\u00e3o Paulo centraliza orienta\u00e7\u00f5es e contatos de servi\u00e7os relacionados \u00e0 sa\u00fade, bem-estar, prote\u00e7\u00e3o e educa\u00e7\u00e3o. O objetivo \u00e9 facilitar e democratizar o acesso \u00e0s pol\u00edticas p\u00fablicas estaduais oferecidas \u00e0s mulheres.<\/li>\n\n\n\n<li>Programas de cr\u00e9dito Desenvolve Mulher e do Fundo de Expans\u00e3o do Agroneg\u00f3cio Paulista (Feap) para empreendedoras da cidade e do campo. Para mulheres que t\u00eam seus neg\u00f3cios na \u00e1rea urbana, a linha de financiamento da Desenvolve oferece condi\u00e7\u00f5es especiais e taxas mais vantajosas, enquanto o Feap Mulher Agro disponibiliza R$ 10 milh\u00f5es em linhas de cr\u00e9dito para as agricultoras paulistas.<\/li>\n\n\n\n<li>Expans\u00e3o do programa Casas da Mulher Paulista com a inaugura\u00e7\u00e3o de 12 unidades desde 2023 em diferentes regi\u00f5es do estado com servi\u00e7os de prote\u00e7\u00e3o, acolhimento e capacita\u00e7\u00e3o profissional das mulheres, oferecidos em parceria com as gest\u00f5es municipais.<\/li>\n<\/ul>\n\n\n\n<p>Com a cria\u00e7\u00e3o da Secretaria de Pol\u00edticas para a Mulher e a expans\u00e3o de a\u00e7\u00f5es mais abrangentes para as mulheres paulistas \u2013 integrando iniciativas p\u00fablicas de seguran\u00e7a, sa\u00fade e potencial econ\u00f4mico \u2013, os indicadores de atendimento e prote\u00e7\u00e3o \u00e0 mulher sinalizam mudan\u00e7as cada vez mais positivas.<\/p>\n\n\n\n<p>Na \u00e1rea da seguran\u00e7a, por exemplo, a pol\u00edcia paulista conseguiu identificar 214 autores de feminic\u00eddios, ou seja, 96% do total de casos registrados no ano passado. Dos 221 crimes deste tipo em 2023, 101 suspeitos foram presos em flagrante, e os demais foram indiciados durante as investiga\u00e7\u00f5es \u2013 apenas sete casos ainda permanecem sem esclarecimento.<\/p>\n\n\n\n<p>J\u00e1 o programa Abrigo Amigo registrou mais de 800 pedidos de mulheres para companhia por videochamada em pontos de \u00f4nibus da capital em sete meses de opera\u00e7\u00e3o. Para iniciar a chamada, a mulher deve pressionar um bot\u00e3o na tela do painel digital com conex\u00e3o direta a uma central de atendimento, das 20h \u00e0s 5h. Os pontos de \u00f4nibus contemplados contam com c\u00e2mera noturna, microfone, sensor de presen\u00e7a e conex\u00e3o \u00e0 internet, para que passageiras e atendentes conversem olhando uma para a outra.<\/p>\n\n\n\n<p>As mulheres paulistas tamb\u00e9m est\u00e3o empreendendo mais. De acordo com a Funda\u00e7\u00e3o Seade, o n\u00famero de mulheres trabalhando por conta pr\u00f3pria aumentou cerca de 25% em tr\u00eas anos. A renda das trabalhadoras de S\u00e3o Paulo tamb\u00e9m subiu: entre o 3\u00ba trimestre e o 4\u00ba trimestre de 2023, o rendimento m\u00e9dio por hora o aumentou 8,7% para mulheres n\u00e3o negras e 4,7% para mulheres negras, conforme dados do IBGE.<\/p>\n\n\n\n<p>SP Por Todas nas ruas<\/p>\n\n\n\n<p>A partir desta quinta, cerca de 30 bandeiras do SP Por Todas ficar\u00e3o hasteadas em diversos pontos da capital e cidades do interior para que toda a sociedade conhe\u00e7a e se engaje em iniciativas que objetivam dar mais seguran\u00e7a, protagonismo e oportunidades para a mulher.<\/p>\n\n\n\n<p>Tamb\u00e9m haver\u00e1 proje\u00e7\u00f5es com a identidade visual e mensagens-chave do movimento SP Por Todas em endere\u00e7os tradicionais da cidade de S\u00e3o Paulo. A iniciativa vai ganhar as fachadas da sede da Secretaria da Justi\u00e7a e Cidadania, no Pateo do Collegio \u2013 local de funda\u00e7\u00e3o da cidade de S\u00e3o Paulo \u2013, do Centro de Opera\u00e7\u00f5es do Metr\u00f4, na Rua Vergueiro, e do Edif\u00edcio Anchieta, na regi\u00e3o da Avenida Paulista.<\/p>\n\n\n\n<p>Mensagens da campanha ser\u00e3o exibidas em pain\u00e9is de alta defini\u00e7\u00e3o no v\u00e3o livre da plataforma da esta\u00e7\u00e3o da S\u00e9 do Metr\u00f4, ampliando a visibilidade do movimento. Al\u00e9m disso, composi\u00e7\u00f5es das Linha 1-Azul, Linha 3-Vermelha e Linha 15-Prata do Metr\u00f4 e da linha 9-Esmeralda de trens metropolitanos ser\u00e3o envelopadas com destaques do projeto. O p\u00fablico atendido pelo Metr\u00f4 tamb\u00e9m ser\u00e1 impactado por mensagens sonoras nas esta\u00e7\u00f5es.<\/p>\n\n\n\n<p>Outras a\u00e7\u00f5es para mobilizar ainda mais a sociedade s\u00e3o o uso de mensagens do SP Por Todas na espera telef\u00f4nica dos \u00f3rg\u00e3os estaduais; instala\u00e7\u00e3o de um rel\u00f3gio de rua em formato especial na Avenida Paulista; e outras pe\u00e7as de divulga\u00e7\u00e3o como filme para inser\u00e7\u00f5es em televis\u00e3o, spot para r\u00e1dios, an\u00fancios em canais digitais e pain\u00e9is Out of Home (OOH).<\/p>\n","protected":false},"excerpt":{"rendered":"<p>Objetivo do Governo do Estado \u00e9 garantir ampla divulga\u00e7\u00e3o \u00e0 rede de prote\u00e7\u00e3o, acolhimento e&#8230;<\/p>\n","protected":false},"author":1,"featured_media":18263,"comment_status":"open","ping_status":"open","sticky":false,"template":"","format":"standard","meta":{"footnotes":""},"categories":[2],"tags":[],"featured_image_urls":{"full":["https:\/\/novosaopaulo.com.br\/n1\/wp-content\/uploads\/2024\/03\/SJC_SP-Por-Todas.jpeg",560,374,false],"thumbnail":["https:\/\/novosaopaulo.com.br\/n1\/wp-content\/uploads\/2024\/03\/SJC_SP-Por-Todas-150x150.jpeg",150,150,true],"medium":["https:\/\/novosaopaulo.com.br\/n1\/wp-content\/uploads\/2024\/03\/SJC_SP-Por-Todas-300x200.jpeg",300,200,true],"medium_large":["https:\/\/novosaopaulo.com.br\/n1\/wp-content\/uploads\/2024\/03\/SJC_SP-Por-Todas.jpeg",560,374,false],"large":["https:\/\/novosaopaulo.com.br\/n1\/wp-content\/uploads\/2024\/03\/SJC_SP-Por-Todas.jpeg",560,374,false],"1536x1536":["https:\/\/novosaopaulo.com.br\/n1\/wp-content\/uploads\/2024\/03\/SJC_SP-Por-Todas.jpeg",560,374,false],"2048x2048":["https:\/\/novosaopaulo.com.br\/n1\/wp-content\/uploads\/2024\/03\/SJC_SP-Por-Todas.jpeg",560,374,false],"newsever-slider-full":["https:\/\/novosaopaulo.com.br\/n1\/wp-content\/uploads\/2024\/03\/SJC_SP-Por-Todas.jpeg",560,374,false],"newsever-featured":["https:\/\/novosaopaulo.com.br\/n1\/wp-content\/uploads\/2024\/03\/SJC_SP-Por-Todas.jpeg",560,374,false],"newsever-medium":["https:\/\/novosaopaulo.com.br\/n1\/wp-content\/uploads\/2024\/03\/SJC_SP-Por-Todas.jpeg",560,374,false]},"author_info":{"display_name":"Reda\u00e7\u00e3o","author_link":"https:\/\/novosaopaulo.com.br\/n1\/author\/g5poa\/"},"category_info":"<a href=\"https:\/\/novosaopaulo.com.br\/n1\/category\/cidades\/\" rel=\"category tag\">Cidades<\/a>","tag_info":"Cidades","comment_count":"0","_links":{"self":[{"href":"https:\/\/novosaopaulo.com.br\/n1\/wp-json\/wp\/v2\/posts\/18262"}],"collection":[{"href":"https:\/\/novosaopaulo.com.br\/n1\/wp-json\/wp\/v2\/posts"}],"about":[{"href":"https:\/\/novosaopaulo.com.br\/n1\/wp-json\/wp\/v2\/types\/post"}],"author":[{"embeddable":true,"href":"https:\/\/novosaopaulo.com.br\/n1\/wp-json\/wp\/v2\/users\/1"}],"replies":[{"embeddable":true,"href":"https:\/\/novosaopaulo.com.br\/n1\/wp-json\/wp\/v2\/comments?post=18262"}],"version-history":[{"count":1,"href":"https:\/\/novosaopaulo.com.br\/n1\/wp-json\/wp\/v2\/posts\/18262\/revisions"}],"predecessor-version":[{"id":18264,"href":"https:\/\/novosaopaulo.com.br\/n1\/wp-json\/wp\/v2\/posts\/18262\/revisions\/18264"}],"wp:featuredmedia":[{"embeddable":true,"href":"https:\/\/novosaopaulo.com.br\/n1\/wp-json\/wp\/v2\/media\/18263"}],"wp:attachment":[{"href":"https:\/\/novosaopaulo.com.br\/n1\/wp-json\/wp\/v2\/media?parent=18262"}],"wp:term":[{"taxonomy":"category","embeddable":true,"href":"https:\/\/novosaopaulo.com.br\/n1\/wp-json\/wp\/v2\/categories?post=18262"},{"taxonomy":"post_tag","embeddable":true,"href":"https:\/\/novosaopaulo.com.br\/n1\/wp-json\/wp\/v2\/tags?post=18262"}],"curies":[{"name":"wp","href":"https:\/\/api.w.org\/{rel}","templated":true}]}}