{"id":18239,"date":"2024-03-28T11:17:37","date_gmt":"2024-03-28T14:17:37","guid":{"rendered":"https:\/\/novosaopaulo.com.br\/n1\/?p=18239"},"modified":"2024-03-28T11:17:38","modified_gmt":"2024-03-28T14:17:38","slug":"pro-vitima-e-selecionado-para-participar-do-g20-e-propor-solucoes-para-o-combate-a-pobreza-e-a-violencia-contra-a-mulher","status":"publish","type":"post","link":"https:\/\/novosaopaulo.com.br\/n1\/pro-vitima-e-selecionado-para-participar-do-g20-e-propor-solucoes-para-o-combate-a-pobreza-e-a-violencia-contra-a-mulher\/","title":{"rendered":"Pr\u00f3-V\u00edtima \u00e9 selecionado para participar do G20 e propor solu\u00e7\u00f5es para o combate \u00e0 pobreza e \u00e0 viol\u00eancia contra a mulher"},"content":{"rendered":"\n<p>Entidade estar\u00e1 presente em oito de dez grupos de trabalho do evento e ao lado de outras 460 institui\u00e7\u00f5es do mundo; encontro acontece em 18 e 19 de novembro, no Rio de Janeiro<\/p>\n\n\n\n<p>O Instituto Brasileiro de Aten\u00e7\u00e3o e Prote\u00e7\u00e3o Integral a V\u00edtimas (Pr\u00f3-V\u00edtima) foi selecionado entre 2,1 mil organiza\u00e7\u00f5es globais para integrar as c\u00e2maras tem\u00e1ticas do Grupo dos Vinte (G20) &#8211; principal f\u00f3rum de coopera\u00e7\u00e3o econ\u00f4mica do mundo. A entidade estar\u00e1 presente em oito dos dez grupos de trabalho da c\u00fapula, onde vai propor solu\u00e7\u00f5es de combate \u00e0 pobreza e \u00e0 viol\u00eancia contra mulheres.<\/p>\n\n\n\n<p>Reuni\u00f5es pr\u00e9vias dos grupos de trabalho est\u00e3o ocorrendo de forma h\u00edbrida, at\u00e9 esta sexta-feira (28\/3), em Recife-PE. O Pr\u00f3-V\u00edtima participa de maneira presencial dos trabalhos, que tiveram in\u00edcio nessa ter\u00e7a-feira (26\/3). O Rio de Janeiro ser\u00e1 a sede do G20 em 2024. O encontro est\u00e1 agendado para acontecer nos dias 18 e 19 de novembro.<\/p>\n\n\n\n<p>De acordo com a presidente do Pr\u00f3-V\u00edtima, a promotora de Justi\u00e7a Celeste Leite dos Santos, a ideia da institui\u00e7\u00e3o \u00e9 sugerir a incorpora\u00e7\u00e3o de pol\u00edticas p\u00fablicas dentro das propostas-base que ser\u00e3o defendidas por chefes de Estado dos 19 pa\u00edses que comp\u00f5em o G20:<\/p>\n\n\n\n<p>\u201cSer\u00e1 uma grande oportunidade para que o Pr\u00f3-V\u00edtima compartilhe propostas de acolhimento aos mais vulner\u00e1veis &#8211; v\u00edtimas de viol\u00eancia direta e indireta, como \u00e9 o caso dos desastres naturais, bastante debatidos em tempos atuais. Vamos sugerir uma pol\u00edtica integrativa de combate \u00e0 pobreza e \u00e0 viol\u00eancia \u00e0s mulheres, por meio de dispositivos globais de atendimento. Entendemos que tais recomenda\u00e7\u00f5es impactam diretamente na Economia global, e n\u00e3o apenas nos aspectos jur\u00eddico e social\u201d, argumenta a jurista.<\/p>\n\n\n\n<p>O Pr\u00f3-V\u00edtima foi selecionado entre 2,1 mil institui\u00e7\u00f5es de todo o mundo para o G20, sendo a \u00fanica entidade de prote\u00e7\u00e3o a v\u00edtimas do Brasil escolhida para participar das discuss\u00f5es.<\/p>\n\n\n\n<p>O Instituto estar\u00e1 presente nos seguintes grupos tem\u00e1ticos: Sistemas Alimentares, Fome e Pobreza (GT2); Comunidades Sustent\u00e1veis e Resilientes e Redu\u00e7\u00e3o de Risco de Desastres (GT4); Sa\u00fade Integrada para Todas as Pessoas (GT5); Educa\u00e7\u00e3o e Cultura (GT6); Digitaliza\u00e7\u00e3o e Tecnologia (GT7); Direitos das Mulheres e Igualdade de G\u00eanero (GT8); Filantropia e Desenvolvimento Sustent\u00e1vel (GT9); e Governan\u00e7a Democr\u00e1tica, Espa\u00e7o C\u00edvico, Anticorrup\u00e7\u00e3o e Acesso \u00e0 Justi\u00e7a (GT10).<\/p>\n\n\n\n<p>No entendimento da presidente do Pr\u00f3-V\u00edtima, \u00e9 necess\u00e1rio cobrar que as na\u00e7\u00f5es que comp\u00f5em o G20 tenham em comum o Direito Regulat\u00f3rio da V\u00edtima:<\/p>\n\n\n\n<p>\u201cToda v\u00edtima tem o direito de buscar a repara\u00e7\u00e3o dos danos sofridos, sejam eles morais, materiais ou psicol\u00f3gicos. Isso pode ocorrer por diversas vias &#8211; em ju\u00edzo c\u00edvel, criminal e, tamb\u00e9m, por meio de pol\u00edticas p\u00fablicas que j\u00e1 come\u00e7amos a discutir em Recife, neste primeiro encontro dos grupos de trabalho da c\u00fapula\u201d, refor\u00e7a a promotora de Justi\u00e7a.<\/p>\n\n\n\n<p>Ao final dos encontros tem\u00e1ticos, em novembro, o G20 apreciar\u00e1 um documento com as propostas de cada eixo apresentadas pelas entidades selecionadas. A expectativa \u00e9 que os chefes de Estado aprovem a carta internacional e assumam o compromisso de executar e de aprovar leis com os mesmos preceitos em seus respectivos pa\u00edses.<\/p>\n\n\n\n<p>O G20<br>O G20 \u00e9 o principal f\u00f3rum de coopera\u00e7\u00e3o econ\u00f4mica do mundo. O Brasil exerce a presid\u00eancia da c\u00fapula at\u00e9 30 de novembro de 2024.<\/p>\n\n\n\n<p>O grupo abarca 19 pa\u00edses (\u00c1frica do Sul, Alemanha, Ar\u00e1bia Saudita, Argentina, Austr\u00e1lia, Brasil, Canad\u00e1, China, Coreia do Sul, Estados Unidos, Fran\u00e7a, \u00cdndia, Indon\u00e9sia, It\u00e1lia, Jap\u00e3o, M\u00e9xico, Reino Unido, R\u00fassia e Turquia), al\u00e9m de dois \u00f3rg\u00e3os regionais: a Uni\u00e3o Africana e a Uni\u00e3o Europeia.<\/p>\n\n\n\n<p>Os membros do G20 representam cerca de 85% do Produto Interno Bruto (PIB) mundial, mais de 75% do com\u00e9rcio mundial e cerca de dois ter\u00e7os da popula\u00e7\u00e3o mundial.<\/p>\n","protected":false},"excerpt":{"rendered":"<p>Entidade estar\u00e1 presente em oito de dez grupos de trabalho do evento e ao lado&#8230;<\/p>\n","protected":false},"author":1,"featured_media":18241,"comment_status":"open","ping_status":"open","sticky":false,"template":"","format":"standard","meta":{"footnotes":""},"categories":[2],"tags":[],"featured_image_urls":{"full":["https:\/\/novosaopaulo.com.br\/n1\/wp-content\/uploads\/2024\/03\/WhatsApp-Image-2024-03-28-at-11.13.43.jpeg",356,396,false],"thumbnail":["https:\/\/novosaopaulo.com.br\/n1\/wp-content\/uploads\/2024\/03\/WhatsApp-Image-2024-03-28-at-11.13.43-150x150.jpeg",150,150,true],"medium":["https:\/\/novosaopaulo.com.br\/n1\/wp-content\/uploads\/2024\/03\/WhatsApp-Image-2024-03-28-at-11.13.43-270x300.jpeg",270,300,true],"medium_large":["https:\/\/novosaopaulo.com.br\/n1\/wp-content\/uploads\/2024\/03\/WhatsApp-Image-2024-03-28-at-11.13.43.jpeg",356,396,false],"large":["https:\/\/novosaopaulo.com.br\/n1\/wp-content\/uploads\/2024\/03\/WhatsApp-Image-2024-03-28-at-11.13.43.jpeg",356,396,false],"1536x1536":["https:\/\/novosaopaulo.com.br\/n1\/wp-content\/uploads\/2024\/03\/WhatsApp-Image-2024-03-28-at-11.13.43.jpeg",356,396,false],"2048x2048":["https:\/\/novosaopaulo.com.br\/n1\/wp-content\/uploads\/2024\/03\/WhatsApp-Image-2024-03-28-at-11.13.43.jpeg",356,396,false],"newsever-slider-full":["https:\/\/novosaopaulo.com.br\/n1\/wp-content\/uploads\/2024\/03\/WhatsApp-Image-2024-03-28-at-11.13.43.jpeg",356,396,false],"newsever-featured":["https:\/\/novosaopaulo.com.br\/n1\/wp-content\/uploads\/2024\/03\/WhatsApp-Image-2024-03-28-at-11.13.43.jpeg",356,396,false],"newsever-medium":["https:\/\/novosaopaulo.com.br\/n1\/wp-content\/uploads\/2024\/03\/WhatsApp-Image-2024-03-28-at-11.13.43.jpeg",356,396,false]},"author_info":{"display_name":"Reda\u00e7\u00e3o","author_link":"https:\/\/novosaopaulo.com.br\/n1\/author\/g5poa\/"},"category_info":"<a href=\"https:\/\/novosaopaulo.com.br\/n1\/category\/cidades\/\" rel=\"category tag\">Cidades<\/a>","tag_info":"Cidades","comment_count":"0","_links":{"self":[{"href":"https:\/\/novosaopaulo.com.br\/n1\/wp-json\/wp\/v2\/posts\/18239"}],"collection":[{"href":"https:\/\/novosaopaulo.com.br\/n1\/wp-json\/wp\/v2\/posts"}],"about":[{"href":"https:\/\/novosaopaulo.com.br\/n1\/wp-json\/wp\/v2\/types\/post"}],"author":[{"embeddable":true,"href":"https:\/\/novosaopaulo.com.br\/n1\/wp-json\/wp\/v2\/users\/1"}],"replies":[{"embeddable":true,"href":"https:\/\/novosaopaulo.com.br\/n1\/wp-json\/wp\/v2\/comments?post=18239"}],"version-history":[{"count":1,"href":"https:\/\/novosaopaulo.com.br\/n1\/wp-json\/wp\/v2\/posts\/18239\/revisions"}],"predecessor-version":[{"id":18242,"href":"https:\/\/novosaopaulo.com.br\/n1\/wp-json\/wp\/v2\/posts\/18239\/revisions\/18242"}],"wp:featuredmedia":[{"embeddable":true,"href":"https:\/\/novosaopaulo.com.br\/n1\/wp-json\/wp\/v2\/media\/18241"}],"wp:attachment":[{"href":"https:\/\/novosaopaulo.com.br\/n1\/wp-json\/wp\/v2\/media?parent=18239"}],"wp:term":[{"taxonomy":"category","embeddable":true,"href":"https:\/\/novosaopaulo.com.br\/n1\/wp-json\/wp\/v2\/categories?post=18239"},{"taxonomy":"post_tag","embeddable":true,"href":"https:\/\/novosaopaulo.com.br\/n1\/wp-json\/wp\/v2\/tags?post=18239"}],"curies":[{"name":"wp","href":"https:\/\/api.w.org\/{rel}","templated":true}]}}