{"id":18212,"date":"2024-03-25T09:46:58","date_gmt":"2024-03-25T12:46:58","guid":{"rendered":"https:\/\/novosaopaulo.com.br\/n1\/?p=18212"},"modified":"2024-03-25T09:46:58","modified_gmt":"2024-03-25T12:46:58","slug":"reconhecimento-pelo-dia-internacional-da-mulher","status":"publish","type":"post","link":"https:\/\/novosaopaulo.com.br\/n1\/reconhecimento-pelo-dia-internacional-da-mulher\/","title":{"rendered":"Reconhecimento pelo Dia Internacional da Mulher"},"content":{"rendered":"\n<p>Em 22 de mar\u00e7o, m\u00eas de homenagens e reconhecimento pelo Dia Internacional da Mulher,&nbsp; a influencer Val\u00e9ria Pacheco Coelho e o Hospital Previna convidaram o p\u00fablico a celebrar e refletir junto \u00e0 renomada psic\u00f3loga Dra. Luciana Inoc\u00eancio* sobre a &#8220;Import\u00e2ncia da Sa\u00fade Mental nos dias Atuais e dentro do Ambiente Hospitalar&#8221;.&nbsp;&nbsp;<\/p>\n\n\n\n<p>Al\u00e9m da palestra, foram apresentados os prop\u00f3sitos da Rede Plena, bem como sobre as benfeitorias e amplia\u00e7\u00f5es na unidade de Mogi e demais do Alto Tiet\u00ea, sob a gest\u00e3o do vice-presidente do grupo Roberto Ranieri.<\/p>\n\n\n\n<p>Tamb\u00e9m houve pr\u00e9via da estr\u00e9ia do novo quadro da a\u00e7\u00e3o social &#8220;VAleu a Plena&#8221; que ser\u00e1 veiculado nas redes sociais e tem o apoio do Hospital Previna. A prepara\u00e7\u00e3o da comunica\u00e7\u00e3o foi da fonoaudi\u00f3loga Leilane Sena e as edi\u00e7\u00f5es de Lucas Santos.<\/p>\n\n\n\n<p>Foi servido um delicioso coffee break com exposi\u00e7\u00e3o das pe\u00e7as de vidro sustent\u00e1vel da empresa mogiana Vitazza e, para finalizar, houve um breve tour pelas instala\u00e7\u00f5es do hospital coordenado pela Gerente Regional da Rede Plena Alto Tiet\u00ea, Jeniffer Spring.&nbsp;&nbsp;<\/p>\n\n\n\n<p>Este evento do dia 22 de mar\u00e7o<br>foi para apenas para um grupo seleto de 30 convidados. Ocorreu, das 15 \u00e0s 16:30hs, na unidade do Hospital Previna de Mogi Cruzes, Rua Bar\u00e3o de Jaceguai, 1337.<\/p>\n\n\n\n<p>A assessoria ficou a cargo de Larissa Ara\u00fajo da Ag\u00eancia &#8220;Pense Agora VAi&#8221;<br>e a cobertura fotogr\u00e1fica (segue link do drive) pelo publicit\u00e1rio Nequias Oliveira.&nbsp;<\/p>\n\n\n\n<p>O evento, conduzido pela influencer Val\u00e9ria Pacheco, foi um sucesso! Com um roteiro memor\u00e1vel, tamb\u00e9m da coach Leilane Sena, despertou diferentes emo\u00e7\u00f5es no p\u00fablico. Os convidados elogiaram a palestra t\u00e3o relevante, foram agraciados com sorteios de brindes, ficaram nitidamente emocionados com o quadro &#8220;VAleu a Plena&#8221; e se impressionaram com as novas instala\u00e7\u00f5es e equipamentos de ponta do Hospital.&nbsp;<\/p>\n\n\n\n<p>Agradecemos a todos pela presen\u00e7a, prest\u00edgio e divulga\u00e7\u00e3o!&nbsp;<\/p>\n\n\n\n<p>Fazer a diferen\u00e7a \u00e0s vezes basta a atitude. Fa\u00e7a &#8220;VAler a Plena&#8221; voc\u00ea tamb\u00e9m !!!<\/p>\n\n\n\n<hr class=\"wp-block-separator has-alpha-channel-opacity\"\/>\n\n\n\n<p>PALESTRANTE *Dra. Luciana Inoc\u00eancio &#8211; Assessoria de Imprensa Carla Fiamini<br>Fot\u00f3grafa Ver\u00f4nica Ribeiro<\/p>\n\n\n\n<p>Psic\u00f3loga e psicanalista; especialista em Transtornos Graves das Psicoses; em Psicologia Hospitalar e Especialidades M\u00e9dicas; em Psicologia Cl\u00ednica; e em Teoria Psicanal\u00edtica<\/p>\n","protected":false},"excerpt":{"rendered":"<p>Em 22 de mar\u00e7o, m\u00eas de homenagens e reconhecimento pelo Dia Internacional da Mulher,&nbsp; a&#8230;<\/p>\n","protected":false},"author":1,"featured_media":18213,"comment_status":"open","ping_status":"open","sticky":false,"template":"","format":"standard","meta":{"footnotes":""},"categories":[2],"tags":[],"featured_image_urls":{"full":["https:\/\/novosaopaulo.com.br\/n1\/wp-content\/uploads\/2024\/03\/IMG_8289.jpg",346,519,false],"thumbnail":["https:\/\/novosaopaulo.com.br\/n1\/wp-content\/uploads\/2024\/03\/IMG_8289-150x150.jpg",150,150,true],"medium":["https:\/\/novosaopaulo.com.br\/n1\/wp-content\/uploads\/2024\/03\/IMG_8289-200x300.jpg",200,300,true],"medium_large":["https:\/\/novosaopaulo.com.br\/n1\/wp-content\/uploads\/2024\/03\/IMG_8289.jpg",346,519,false],"large":["https:\/\/novosaopaulo.com.br\/n1\/wp-content\/uploads\/2024\/03\/IMG_8289.jpg",346,519,false],"1536x1536":["https:\/\/novosaopaulo.com.br\/n1\/wp-content\/uploads\/2024\/03\/IMG_8289.jpg",346,519,false],"2048x2048":["https:\/\/novosaopaulo.com.br\/n1\/wp-content\/uploads\/2024\/03\/IMG_8289.jpg",346,519,false],"newsever-slider-full":["https:\/\/novosaopaulo.com.br\/n1\/wp-content\/uploads\/2024\/03\/IMG_8289.jpg",346,519,false],"newsever-featured":["https:\/\/novosaopaulo.com.br\/n1\/wp-content\/uploads\/2024\/03\/IMG_8289.jpg",346,519,false],"newsever-medium":["https:\/\/novosaopaulo.com.br\/n1\/wp-content\/uploads\/2024\/03\/IMG_8289-346x475.jpg",346,475,true]},"author_info":{"display_name":"Reda\u00e7\u00e3o","author_link":"https:\/\/novosaopaulo.com.br\/n1\/author\/g5poa\/"},"category_info":"<a href=\"https:\/\/novosaopaulo.com.br\/n1\/category\/cidades\/\" rel=\"category tag\">Cidades<\/a>","tag_info":"Cidades","comment_count":"0","_links":{"self":[{"href":"https:\/\/novosaopaulo.com.br\/n1\/wp-json\/wp\/v2\/posts\/18212"}],"collection":[{"href":"https:\/\/novosaopaulo.com.br\/n1\/wp-json\/wp\/v2\/posts"}],"about":[{"href":"https:\/\/novosaopaulo.com.br\/n1\/wp-json\/wp\/v2\/types\/post"}],"author":[{"embeddable":true,"href":"https:\/\/novosaopaulo.com.br\/n1\/wp-json\/wp\/v2\/users\/1"}],"replies":[{"embeddable":true,"href":"https:\/\/novosaopaulo.com.br\/n1\/wp-json\/wp\/v2\/comments?post=18212"}],"version-history":[{"count":1,"href":"https:\/\/novosaopaulo.com.br\/n1\/wp-json\/wp\/v2\/posts\/18212\/revisions"}],"predecessor-version":[{"id":18214,"href":"https:\/\/novosaopaulo.com.br\/n1\/wp-json\/wp\/v2\/posts\/18212\/revisions\/18214"}],"wp:featuredmedia":[{"embeddable":true,"href":"https:\/\/novosaopaulo.com.br\/n1\/wp-json\/wp\/v2\/media\/18213"}],"wp:attachment":[{"href":"https:\/\/novosaopaulo.com.br\/n1\/wp-json\/wp\/v2\/media?parent=18212"}],"wp:term":[{"taxonomy":"category","embeddable":true,"href":"https:\/\/novosaopaulo.com.br\/n1\/wp-json\/wp\/v2\/categories?post=18212"},{"taxonomy":"post_tag","embeddable":true,"href":"https:\/\/novosaopaulo.com.br\/n1\/wp-json\/wp\/v2\/tags?post=18212"}],"curies":[{"name":"wp","href":"https:\/\/api.w.org\/{rel}","templated":true}]}}