{"id":18165,"date":"2024-03-22T19:12:29","date_gmt":"2024-03-22T22:12:29","guid":{"rendered":"https:\/\/novosaopaulo.com.br\/n1\/?p=18165"},"modified":"2024-03-22T19:12:30","modified_gmt":"2024-03-22T22:12:30","slug":"campanha-de-vacinacao-contra-gripe-em-sp-comeca-nesta-segunda-25","status":"publish","type":"post","link":"https:\/\/novosaopaulo.com.br\/n1\/campanha-de-vacinacao-contra-gripe-em-sp-comeca-nesta-segunda-25\/","title":{"rendered":"Campanha de vacina\u00e7\u00e3o contra gripe em SP come\u00e7a nesta segunda (25)"},"content":{"rendered":"\n<p>A\u00e7\u00e3o prossegue at\u00e9 o dia 5 de maio, com estimativa de imuniza\u00e7\u00e3o de 18,1 milh\u00f5es de pessoas de grupos priorit\u00e1rios, como crian\u00e7as, gestantes e idosos<\/p>\n\n\n\n<p>O Governo de S\u00e3o Paulo inicia nesta segunda-feira (25) a campanha de vacina\u00e7\u00e3o contra a gripe \u2013 doen\u00e7a provocada pelo v\u00edrus influenza. A a\u00e7\u00e3o acontece nos 645 munic\u00edpios paulistas at\u00e9 o dia 5 de maio e visa ampliar a cobertura vacinal contra a gripe para 18,1 milh\u00f5es de pessoas de grupos priorit\u00e1rios como crian\u00e7as de at\u00e9 seis anos, gestantes, professores do ensino b\u00e1sico e idosos.<\/p>\n\n\n\n<p>Com a chegada do outono, h\u00e1 maior preval\u00eancia das doen\u00e7as respirat\u00f3rias como rinite, sinusite, gripes e resfriados. A diretora do Centro de Vigil\u00e2ncia Epidemiol\u00f3gica (CVE) da Secretaria de Estado da Sa\u00fade, Tatiana Lang D\u2019Agostini, explica que a mudan\u00e7a de esta\u00e7\u00e3o propicia o aumento de casos e a vacina\u00e7\u00e3o pode prevenir esse cen\u00e1rio.<\/p>\n\n\n\n<p>\u201cEsse per\u00edodo acentua as doen\u00e7as respirat\u00f3rias agudas, por isso, para evitar a prolifera\u00e7\u00e3o do v\u00edrus, \u00e9 fundamental adotar as medidas de preven\u00e7\u00e3o e se imunizar\u201d, afirmou a especialista, que tamb\u00e9m destaca a necessidade de amplia\u00e7\u00e3o da imuniza\u00e7\u00e3o.<\/p>\n\n\n\n<p>\u201cEm 2023, tivemos uma cobertura de 53% em todo estado. A meta para essa campanha, \u00e9 que ela supere os n\u00fameros do ano anterior, fazendo com que o m\u00e1ximo de pessoas estejam imunizadas\u201d, acrescentou.<\/p>\n\n\n\n<p>O CVE recebeu do Minist\u00e9rio da Sa\u00fade mais de 1,7 milh\u00f5es de doses da vacina contra o v\u00edrus influenza. A distribui\u00e7\u00e3o para os Grupos de Vigil\u00e2ncia Epidemiol\u00f3gica (GVE) foi feita nos dias 19 e 20 de mar\u00e7o.<\/p>\n\n\n\n<p>Vacina 100 D\u00favidas<\/p>\n\n\n\n<p>O Governo de S\u00e3o Paulo criou o portal \u201cVacina 100 D\u00favidas\u201d com as perguntas mais frequentes sobre vacina\u00e7\u00e3o nos buscadores da internet. A plataforma esclarece quest\u00f5es como efeitos colaterais, efic\u00e1cia das vacinas, doen\u00e7as imunopreven\u00edveis e quais os perigos ao n\u00e3o se imunizar. O acesso est\u00e1 dispon\u00edvel no link: https:\/\/www.vacina100duvidas.sp.gov.br\/<\/p>\n\n\n\n<p>Confira a lista completa dos grupos priorit\u00e1rios de vacina\u00e7\u00e3o:<\/p>\n\n\n\n<ul>\n<li>Crian\u00e7as de 6 meses a menores de 6 anos de idade<\/li>\n\n\n\n<li>Profissionais de sa\u00fade<\/li>\n\n\n\n<li>Gestantes<\/li>\n\n\n\n<li>Pu\u00e9rperas<\/li>\n\n\n\n<li>Professores do ensino b\u00e1sico e superior<\/li>\n\n\n\n<li>Povos ind\u00edgenas<\/li>\n\n\n\n<li>Quilombolas<\/li>\n\n\n\n<li>Idosos com 60 anos ou mais de idade<\/li>\n\n\n\n<li>Pessoas em situa\u00e7\u00e3o de rua<\/li>\n\n\n\n<li>Profissionais das for\u00e7as de seguran\u00e7a e salvamento<\/li>\n\n\n\n<li>Profissionais das For\u00e7as Armadas;<\/li>\n\n\n\n<li>Pessoas com doen\u00e7as cr\u00f4nicas n\u00e3o transmiss\u00edveis e outras condi\u00e7\u00f5es cl\u00ednicas especiais<\/li>\n\n\n\n<li>Pessoas com defici\u00eancia permanente<\/li>\n\n\n\n<li>Caminhoneiros<\/li>\n\n\n\n<li>Trabalhadores de transporte coletivo rodovi\u00e1rio para passageiros urbanos e de longo curso<\/li>\n\n\n\n<li>Trabalhadores portu\u00e1rios<\/li>\n\n\n\n<li>Popula\u00e7\u00e3o privada de liberdade, funcion\u00e1rios do sistema prisional e jovens que cumprem medidas socioeducativas<\/li>\n<\/ul>\n","protected":false},"excerpt":{"rendered":"<p>A\u00e7\u00e3o prossegue at\u00e9 o dia 5 de maio, com estimativa de imuniza\u00e7\u00e3o de 18,1 milh\u00f5es&#8230;<\/p>\n","protected":false},"author":1,"featured_media":18166,"comment_status":"open","ping_status":"open","sticky":false,"template":"","format":"standard","meta":{"footnotes":""},"categories":[2],"tags":[],"featured_image_urls":{"full":["https:\/\/novosaopaulo.com.br\/n1\/wp-content\/uploads\/2024\/03\/campanha-de-vacinacao-contra-gripe-em-sp-comeca-nesta-segunda-25-3.webp",640,480,false],"thumbnail":["https:\/\/novosaopaulo.com.br\/n1\/wp-content\/uploads\/2024\/03\/campanha-de-vacinacao-contra-gripe-em-sp-comeca-nesta-segunda-25-3-150x150.webp",150,150,true],"medium":["https:\/\/novosaopaulo.com.br\/n1\/wp-content\/uploads\/2024\/03\/campanha-de-vacinacao-contra-gripe-em-sp-comeca-nesta-segunda-25-3-300x225.webp",300,225,true],"medium_large":["https:\/\/novosaopaulo.com.br\/n1\/wp-content\/uploads\/2024\/03\/campanha-de-vacinacao-contra-gripe-em-sp-comeca-nesta-segunda-25-3.webp",640,480,false],"large":["https:\/\/novosaopaulo.com.br\/n1\/wp-content\/uploads\/2024\/03\/campanha-de-vacinacao-contra-gripe-em-sp-comeca-nesta-segunda-25-3.webp",640,480,false],"1536x1536":["https:\/\/novosaopaulo.com.br\/n1\/wp-content\/uploads\/2024\/03\/campanha-de-vacinacao-contra-gripe-em-sp-comeca-nesta-segunda-25-3.webp",640,480,false],"2048x2048":["https:\/\/novosaopaulo.com.br\/n1\/wp-content\/uploads\/2024\/03\/campanha-de-vacinacao-contra-gripe-em-sp-comeca-nesta-segunda-25-3.webp",640,480,false],"newsever-slider-full":["https:\/\/novosaopaulo.com.br\/n1\/wp-content\/uploads\/2024\/03\/campanha-de-vacinacao-contra-gripe-em-sp-comeca-nesta-segunda-25-3.webp",640,480,false],"newsever-featured":["https:\/\/novosaopaulo.com.br\/n1\/wp-content\/uploads\/2024\/03\/campanha-de-vacinacao-contra-gripe-em-sp-comeca-nesta-segunda-25-3.webp",640,480,false],"newsever-medium":["https:\/\/novosaopaulo.com.br\/n1\/wp-content\/uploads\/2024\/03\/campanha-de-vacinacao-contra-gripe-em-sp-comeca-nesta-segunda-25-3-640x475.webp",640,475,true]},"author_info":{"display_name":"Reda\u00e7\u00e3o","author_link":"https:\/\/novosaopaulo.com.br\/n1\/author\/g5poa\/"},"category_info":"<a href=\"https:\/\/novosaopaulo.com.br\/n1\/category\/cidades\/\" rel=\"category tag\">Cidades<\/a>","tag_info":"Cidades","comment_count":"0","_links":{"self":[{"href":"https:\/\/novosaopaulo.com.br\/n1\/wp-json\/wp\/v2\/posts\/18165"}],"collection":[{"href":"https:\/\/novosaopaulo.com.br\/n1\/wp-json\/wp\/v2\/posts"}],"about":[{"href":"https:\/\/novosaopaulo.com.br\/n1\/wp-json\/wp\/v2\/types\/post"}],"author":[{"embeddable":true,"href":"https:\/\/novosaopaulo.com.br\/n1\/wp-json\/wp\/v2\/users\/1"}],"replies":[{"embeddable":true,"href":"https:\/\/novosaopaulo.com.br\/n1\/wp-json\/wp\/v2\/comments?post=18165"}],"version-history":[{"count":1,"href":"https:\/\/novosaopaulo.com.br\/n1\/wp-json\/wp\/v2\/posts\/18165\/revisions"}],"predecessor-version":[{"id":18167,"href":"https:\/\/novosaopaulo.com.br\/n1\/wp-json\/wp\/v2\/posts\/18165\/revisions\/18167"}],"wp:featuredmedia":[{"embeddable":true,"href":"https:\/\/novosaopaulo.com.br\/n1\/wp-json\/wp\/v2\/media\/18166"}],"wp:attachment":[{"href":"https:\/\/novosaopaulo.com.br\/n1\/wp-json\/wp\/v2\/media?parent=18165"}],"wp:term":[{"taxonomy":"category","embeddable":true,"href":"https:\/\/novosaopaulo.com.br\/n1\/wp-json\/wp\/v2\/categories?post=18165"},{"taxonomy":"post_tag","embeddable":true,"href":"https:\/\/novosaopaulo.com.br\/n1\/wp-json\/wp\/v2\/tags?post=18165"}],"curies":[{"name":"wp","href":"https:\/\/api.w.org\/{rel}","templated":true}]}}