{"id":18145,"date":"2024-03-21T17:11:37","date_gmt":"2024-03-21T20:11:37","guid":{"rendered":"https:\/\/novosaopaulo.com.br\/n1\/?p=18145"},"modified":"2024-03-21T17:11:38","modified_gmt":"2024-03-21T20:11:38","slug":"camara-aprova-restricoes-a-saidinha","status":"publish","type":"post","link":"https:\/\/novosaopaulo.com.br\/n1\/camara-aprova-restricoes-a-saidinha\/","title":{"rendered":"C\u00e2mara aprova restri\u00e7\u00f5es \u00e0 \u2018saidinha\u2019"},"content":{"rendered":"\n<p>Os deputados federais deram provas de equil\u00edbrio e maturidade ao aprovar o endurecimento na concess\u00e3o da \u2018saidinha\u2019 aos detentos, mas n\u00e3o eliminar o benef\u00edcio conforme era a proposta original do projeto aprovado na C\u00e2mara em 2022 e passado pelo Senado no m\u00eas passado. O novo texto elimina as saidinhas em datas comemorativas e mant\u00e9m as dos detentos que estudam e recebem aprova\u00e7\u00e3o nos exames criminol\u00f3gicos.<br>A exig\u00eancia da passagem do benefici\u00e1rio pelo exame que indique ser portador dos requisitos para a sa\u00edda tempor\u00e1ria sem a reca\u00edda na delinqu\u00eancia \u00e9 a prova de boa-vontade do legislador com a popula\u00e7\u00e3o carcer\u00e1ria sem, contudo, ceder \u00e0 pr\u00e1tica irrespons\u00e1vel que transformou a \u2018saidinha\u2019 na delet\u00e9ria a\u00e7\u00e3o de esvazia-cadeia que, em lugar de contemplar os efetivos merecedores, funcionou esses anos todos como uma grande excurs\u00e3o que cinco vezes ao ano era proporcionada a todos de forma praticamente incondicional e serviu de porta de sa\u00edda por muitos apenados que fugiram e cometeram os mais diversos crimes, inclusive de morte.<br>Enquanto os deputados discutiam a altera\u00e7\u00e3o da saidinha, a Pol\u00edcia Militar de S\u00e3o Paulo prendeu, na \u00faltima semana, 417 apenados que receberam o benef\u00edcio em raz\u00e3o da P\u00e1scoa, mas foram flagrados em desacordo com os regulamentos, que os impedem de frequentar bares, boates, andar armados e participar de brigas ou outros il\u00edcitos. Trinta e um deles foram surpreendidos em flagrante, cometendo crimes.<br>O governador Tarc\u00edsio de Freitas, que liberou o secret\u00e1rio Guilherme Derrite para reassumir o posto de deputado e participar da articula\u00e7\u00e3o e vota\u00e7\u00e3o do projeto, disse que a sua aprova\u00e7\u00e3o \u00e9 passo fundamental para acabar com a impunidade. Guilherme Derrite disse que o melhor seria ter sido aprovado o texto original, mas v\u00ea avan\u00e7o no texto conseguido. \u201cPela primeira vez em d\u00e9cadas o Congresso Nacional aprova uma legisla\u00e7\u00e3o que coloca a v\u00edtima no centro do debate. Ningu\u00e9m aguenta mais v\u00e1rios e v\u00e1rios casos de criminosos liberados nas sa\u00eddas tempor\u00e1rias que cometem assassinatos, estupros, homic\u00eddios\u201d, disse o secret\u00e1rio licenciado, que nos pr\u00f3ximos dias reassume o posto em S\u00e3o Paulo.<br>O texto aprovado seguir\u00e1 agora para o Presidente da Rep\u00fablica, que poder\u00e1 sancion\u00e1-lo ou vetar partes com que n\u00e3o concorde. A expectativa \u00e9 pela san\u00e7\u00e3o, j\u00e1 que o governo n\u00e3o se posicionou contra ou a favor durante a vota\u00e7\u00e3o.<br>Independente de posi\u00e7\u00f5es ideol\u00f3gicas, o importante \u00e9 buscar a seguran\u00e7a do Estado e da Sociedade. Desde o come\u00e7o das campanhas que levaram \u00e0 institui\u00e7\u00e3o da saidinha, estudiosos e autoridades da \u00e1rea diziam da necessidade dos candidatos ao benef\u00edcio passarem pelo exame criminol\u00f3gico. Por\u00e9m, na implanta\u00e7\u00e3o, desprezaram-se os controles e o resultado foi o grande n\u00famero de fugas e crimes decorrentes, que levaram o instituto a provocar clamor social e mobilizaram o Parlamento a discutir e votar o final da \u2018saidinha\u2019.<br>A aplica\u00e7\u00e3o das medidas aprovadas na C\u00e2mara dos Deputados \u00e9 o come\u00e7o da solu\u00e7\u00e3o. O ideal ser\u00e1 a observa\u00e7\u00e3o do quadro decorrente das restri\u00e7\u00f5es estabelecidas e, caso ainda sejam insuficientes, novas altera\u00e7\u00f5es sejam propostas de forma a possibilitar que a \u2018saidinha\u2019 cumpra sua finalidade ou, caso isso fique provado invi\u00e1vel, ocorra a sua extin\u00e7\u00e3o.<\/p>\n\n\n\n<p>Tenente Dirceu Cardoso Gon\u00e7alves &#8211; dirigente da ASPOMIL (Associa\u00e7\u00e3o de Assist. Social dos Policiais Militares de S\u00e3o Paulo).<\/p>\n","protected":false},"excerpt":{"rendered":"<p>Os deputados federais deram provas de equil\u00edbrio e maturidade ao aprovar o endurecimento na concess\u00e3o&#8230;<\/p>\n","protected":false},"author":1,"featured_media":16147,"comment_status":"open","ping_status":"open","sticky":false,"template":"","format":"standard","meta":{"footnotes":""},"categories":[2],"tags":[],"featured_image_urls":{"full":["https:\/\/novosaopaulo.com.br\/n1\/wp-content\/uploads\/2023\/12\/dirceu.jpg",225,225,false],"thumbnail":["https:\/\/novosaopaulo.com.br\/n1\/wp-content\/uploads\/2023\/12\/dirceu-150x150.jpg",150,150,true],"medium":["https:\/\/novosaopaulo.com.br\/n1\/wp-content\/uploads\/2023\/12\/dirceu.jpg",225,225,false],"medium_large":["https:\/\/novosaopaulo.com.br\/n1\/wp-content\/uploads\/2023\/12\/dirceu.jpg",225,225,false],"large":["https:\/\/novosaopaulo.com.br\/n1\/wp-content\/uploads\/2023\/12\/dirceu.jpg",225,225,false],"1536x1536":["https:\/\/novosaopaulo.com.br\/n1\/wp-content\/uploads\/2023\/12\/dirceu.jpg",225,225,false],"2048x2048":["https:\/\/novosaopaulo.com.br\/n1\/wp-content\/uploads\/2023\/12\/dirceu.jpg",225,225,false],"newsever-slider-full":["https:\/\/novosaopaulo.com.br\/n1\/wp-content\/uploads\/2023\/12\/dirceu.jpg",225,225,false],"newsever-featured":["https:\/\/novosaopaulo.com.br\/n1\/wp-content\/uploads\/2023\/12\/dirceu.jpg",225,225,false],"newsever-medium":["https:\/\/novosaopaulo.com.br\/n1\/wp-content\/uploads\/2023\/12\/dirceu.jpg",225,225,false]},"author_info":{"display_name":"Reda\u00e7\u00e3o","author_link":"https:\/\/novosaopaulo.com.br\/n1\/author\/g5poa\/"},"category_info":"<a href=\"https:\/\/novosaopaulo.com.br\/n1\/category\/cidades\/\" rel=\"category tag\">Cidades<\/a>","tag_info":"Cidades","comment_count":"0","_links":{"self":[{"href":"https:\/\/novosaopaulo.com.br\/n1\/wp-json\/wp\/v2\/posts\/18145"}],"collection":[{"href":"https:\/\/novosaopaulo.com.br\/n1\/wp-json\/wp\/v2\/posts"}],"about":[{"href":"https:\/\/novosaopaulo.com.br\/n1\/wp-json\/wp\/v2\/types\/post"}],"author":[{"embeddable":true,"href":"https:\/\/novosaopaulo.com.br\/n1\/wp-json\/wp\/v2\/users\/1"}],"replies":[{"embeddable":true,"href":"https:\/\/novosaopaulo.com.br\/n1\/wp-json\/wp\/v2\/comments?post=18145"}],"version-history":[{"count":1,"href":"https:\/\/novosaopaulo.com.br\/n1\/wp-json\/wp\/v2\/posts\/18145\/revisions"}],"predecessor-version":[{"id":18146,"href":"https:\/\/novosaopaulo.com.br\/n1\/wp-json\/wp\/v2\/posts\/18145\/revisions\/18146"}],"wp:featuredmedia":[{"embeddable":true,"href":"https:\/\/novosaopaulo.com.br\/n1\/wp-json\/wp\/v2\/media\/16147"}],"wp:attachment":[{"href":"https:\/\/novosaopaulo.com.br\/n1\/wp-json\/wp\/v2\/media?parent=18145"}],"wp:term":[{"taxonomy":"category","embeddable":true,"href":"https:\/\/novosaopaulo.com.br\/n1\/wp-json\/wp\/v2\/categories?post=18145"},{"taxonomy":"post_tag","embeddable":true,"href":"https:\/\/novosaopaulo.com.br\/n1\/wp-json\/wp\/v2\/tags?post=18145"}],"curies":[{"name":"wp","href":"https:\/\/api.w.org\/{rel}","templated":true}]}}