{"id":18034,"date":"2024-03-14T21:00:18","date_gmt":"2024-03-15T00:00:18","guid":{"rendered":"https:\/\/novosaopaulo.com.br\/n1\/?p=18034"},"modified":"2024-03-14T21:00:19","modified_gmt":"2024-03-15T00:00:19","slug":"centro-de-convivencia-perracine-e-entregue-para-a-populacao","status":"publish","type":"post","link":"https:\/\/novosaopaulo.com.br\/n1\/centro-de-convivencia-perracine-e-entregue-para-a-populacao\/","title":{"rendered":"Centro de Conviv\u00eancia Perracine \u00e9 entregue para a popula\u00e7\u00e3o"},"content":{"rendered":"\n<p>Evento contou com apresenta\u00e7\u00f5es culturais de teatro e dan\u00e7a de crian\u00e7as e adolescentes integrantes do Grupo &#8220;Projeto Amanhecer&#8221;<\/p>\n\n\n\n<p>O Centro de Conviv\u00eancia Perracine j\u00e1 est\u00e1 preparado para receber crian\u00e7as e adolescentes de 06 a 15 anos de idade no contraturno escolar, por meio do Servi\u00e7o de Conviv\u00eancia e Fortalecimento de V\u00ednculos. O programa \u00e9 executado pela Associa\u00e7\u00e3o Desportiva Cultural Luz do Amanh\u00e3, respons\u00e1vel por atender as fam\u00edlias referenciadas pelo Cras Kemel.<\/p>\n\n\n\n<p>O espa\u00e7o oferecer\u00e1 atividades art\u00edsticas, l\u00fadicas, culturais, esportivas e de lazer, e conta com toda a estrutura necess\u00e1ria, como salas de leitura e jogos, e \u00e1rea externa para recrea\u00e7\u00e3o.<\/p>\n\n\n\n<p>O objetivo, segundo o secret\u00e1rio municipal de Assist\u00eancia Social, Felipe Esteves, \u00e9 estimular o convivio social, a intera\u00e7\u00e3o, desenvolver habilidades e potencialidades evitando situa\u00e7\u00f5es de risco e vulnerabilidade social.<\/p>\n\n\n\n<p>\u201cEste \u00e9 mais um equipamento que entregamos para a popula\u00e7\u00e3o, refor\u00e7ando o trabalho social realizado por meio do Servi\u00e7o de Prote\u00e7\u00e3o e Atendimento Integral \u00e0s Fam\u00edlias (PAIF). Nosso objetivo \u00e9 estimular e orientar as fam\u00edlias na constru\u00e7\u00e3o e reconstru\u00e7\u00e3o de suas pr\u00f3prias hist\u00f3rias, viv\u00eancias individuais, coletiva&#8221;, explica o secret\u00e1rio.<\/p>\n\n\n\n<p>Entre os equipamentos e servi\u00e7os j\u00e1 entregues pela atual gest\u00e3o na \u00e1rea social, destaca-se a Casa de Cursos da Vila Varela, o Programa Prospera Fam\u00edlia \u2013 que capacitou mais de 1000 pessoas para o mercado de trabalho no \u00faltimo ano, mutir\u00f5es realizados mensalmente pelos CRAS instalados na cidade e a reabertura do Centro Dia do Idoso.<\/p>\n\n\n\n<p>\u201cTenho um carinho especial pelo social, pois j\u00e1 fui secret\u00e1ria municipal e vi o quanto podemos transformar e melhorar a vida de muitas fam\u00edlias. Agrade\u00e7o imensamente o empenho e dedica\u00e7\u00e3o de cada um de voc\u00eas, equipe de servidores, ONGs e lideran\u00e7as sociais. Juntos podemos fazer a diferen\u00e7a na vida das pessoas&#8221; declarou a prefeita Marcia Bin.<\/p>\n\n\n\n<p>O Centro de Conviv\u00eancia est\u00e1 localizado na rua Professor Claudio Abreu, 180, no Jardim Santa Cruz. Os interessados em conhecer o projeto e se inscrever j\u00e1 podem procurar a unidade. O atendimento \u00e9 feito de segunda a sexta-feira, das 8h \u00e0s 17h. Mais informa\u00e7\u00f5es pelo telefone 4636-5879.<\/p>\n","protected":false},"excerpt":{"rendered":"<p>Evento contou com apresenta\u00e7\u00f5es culturais de teatro e dan\u00e7a de crian\u00e7as e adolescentes integrantes do&#8230;<\/p>\n","protected":false},"author":1,"featured_media":18035,"comment_status":"open","ping_status":"open","sticky":false,"template":"","format":"standard","meta":{"footnotes":""},"categories":[8],"tags":[],"featured_image_urls":{"full":["https:\/\/novosaopaulo.com.br\/n1\/wp-content\/uploads\/2024\/03\/WhatsApp-Image-2024-03-14-at-08.07.24.jpeg",560,374,false],"thumbnail":["https:\/\/novosaopaulo.com.br\/n1\/wp-content\/uploads\/2024\/03\/WhatsApp-Image-2024-03-14-at-08.07.24-150x150.jpeg",150,150,true],"medium":["https:\/\/novosaopaulo.com.br\/n1\/wp-content\/uploads\/2024\/03\/WhatsApp-Image-2024-03-14-at-08.07.24-300x200.jpeg",300,200,true],"medium_large":["https:\/\/novosaopaulo.com.br\/n1\/wp-content\/uploads\/2024\/03\/WhatsApp-Image-2024-03-14-at-08.07.24.jpeg",560,374,false],"large":["https:\/\/novosaopaulo.com.br\/n1\/wp-content\/uploads\/2024\/03\/WhatsApp-Image-2024-03-14-at-08.07.24.jpeg",560,374,false],"1536x1536":["https:\/\/novosaopaulo.com.br\/n1\/wp-content\/uploads\/2024\/03\/WhatsApp-Image-2024-03-14-at-08.07.24.jpeg",560,374,false],"2048x2048":["https:\/\/novosaopaulo.com.br\/n1\/wp-content\/uploads\/2024\/03\/WhatsApp-Image-2024-03-14-at-08.07.24.jpeg",560,374,false],"newsever-slider-full":["https:\/\/novosaopaulo.com.br\/n1\/wp-content\/uploads\/2024\/03\/WhatsApp-Image-2024-03-14-at-08.07.24.jpeg",560,374,false],"newsever-featured":["https:\/\/novosaopaulo.com.br\/n1\/wp-content\/uploads\/2024\/03\/WhatsApp-Image-2024-03-14-at-08.07.24.jpeg",560,374,false],"newsever-medium":["https:\/\/novosaopaulo.com.br\/n1\/wp-content\/uploads\/2024\/03\/WhatsApp-Image-2024-03-14-at-08.07.24.jpeg",560,374,false]},"author_info":{"display_name":"Reda\u00e7\u00e3o","author_link":"https:\/\/novosaopaulo.com.br\/n1\/author\/g5poa\/"},"category_info":"<a href=\"https:\/\/novosaopaulo.com.br\/n1\/category\/poa\/\" rel=\"category tag\">Po\u00e1<\/a>","tag_info":"Po\u00e1","comment_count":"0","_links":{"self":[{"href":"https:\/\/novosaopaulo.com.br\/n1\/wp-json\/wp\/v2\/posts\/18034"}],"collection":[{"href":"https:\/\/novosaopaulo.com.br\/n1\/wp-json\/wp\/v2\/posts"}],"about":[{"href":"https:\/\/novosaopaulo.com.br\/n1\/wp-json\/wp\/v2\/types\/post"}],"author":[{"embeddable":true,"href":"https:\/\/novosaopaulo.com.br\/n1\/wp-json\/wp\/v2\/users\/1"}],"replies":[{"embeddable":true,"href":"https:\/\/novosaopaulo.com.br\/n1\/wp-json\/wp\/v2\/comments?post=18034"}],"version-history":[{"count":1,"href":"https:\/\/novosaopaulo.com.br\/n1\/wp-json\/wp\/v2\/posts\/18034\/revisions"}],"predecessor-version":[{"id":18036,"href":"https:\/\/novosaopaulo.com.br\/n1\/wp-json\/wp\/v2\/posts\/18034\/revisions\/18036"}],"wp:featuredmedia":[{"embeddable":true,"href":"https:\/\/novosaopaulo.com.br\/n1\/wp-json\/wp\/v2\/media\/18035"}],"wp:attachment":[{"href":"https:\/\/novosaopaulo.com.br\/n1\/wp-json\/wp\/v2\/media?parent=18034"}],"wp:term":[{"taxonomy":"category","embeddable":true,"href":"https:\/\/novosaopaulo.com.br\/n1\/wp-json\/wp\/v2\/categories?post=18034"},{"taxonomy":"post_tag","embeddable":true,"href":"https:\/\/novosaopaulo.com.br\/n1\/wp-json\/wp\/v2\/tags?post=18034"}],"curies":[{"name":"wp","href":"https:\/\/api.w.org\/{rel}","templated":true}]}}