{"id":17970,"date":"2024-03-11T16:37:16","date_gmt":"2024-03-11T19:37:16","guid":{"rendered":"https:\/\/novosaopaulo.com.br\/n1\/?p=17970"},"modified":"2024-03-11T16:37:16","modified_gmt":"2024-03-11T19:37:16","slug":"centro-de-convivencia-perracine-sera-inaugurado-nesta-quarta","status":"publish","type":"post","link":"https:\/\/novosaopaulo.com.br\/n1\/centro-de-convivencia-perracine-sera-inaugurado-nesta-quarta\/","title":{"rendered":"Centro de Conviv\u00eancia Perracine ser\u00e1 inaugurado nesta quarta"},"content":{"rendered":"\n<p>Equipamento integrar\u00e1 as a\u00e7\u00f5es socias na regi\u00e3o do Cras Kemel, com atividades culturais, esportivas e art\u00edsticas para crian\u00e7as e jovens<\/p>\n\n\n\n<p>A partir de quarta-feira (dia 13\/03) a cidade de Po\u00e1 contar\u00e1 com mais um equipamento social voltado para fam\u00edlias, crian\u00e7as e adolescentes em situa\u00e7\u00e3o de vulnerabilidade social: o Centro de Conviv\u00eancia Perracine. O servi\u00e7o ser\u00e1 inaugurado \u00e0s 10h, na rua Professor Claudio Abreu, 180, no Jardim Santa Cruz, e integrar\u00e1 as a\u00e7\u00f5es sociais realizadas no territ\u00f3rio do Cras Kemel .<\/p>\n\n\n\n<p>O Centro de Conviv\u00eancia atender\u00e1 crian\u00e7as e adolescentes entre 06 e 15 anos de idade, com atividades art\u00edsticas, culturais, esportivas e de lazer, realizadas sempre no contraturno escolar.<\/p>\n\n\n\n<p>\u201c\u00c9 mais um equipamento que oferecemos na cidade, refor\u00e7ando o trabalho social realizado por meio do Servi\u00e7o de Prote\u00e7\u00e3o e Atendimento Integral \u00e0s Fam\u00edlias (PAIF). Nosso objetivo \u00e9 estimular e orientar as pessoas assistidas, na constru\u00e7\u00e3o e reconstru\u00e7\u00e3o de suas pr\u00f3prias hist\u00f3rias, viv\u00eancias individuais, coletivas e familiares\u201d, explica o secret\u00e1rio municipal de Assist\u00eancia e Desenvolvimento Social, Felipe Esteves.<\/p>\n\n\n\n<p>INSCRI\u00c7\u00d5ES<\/p>\n\n\n\n<p>Os interessados em conhecer o projeto e se inscrever j\u00e1 podem procurar o Cras Kemel, localizado na Rua Vitor Barbosa Guisar, 179, no bairro Cidade Kemel. O atendimento \u00e9 feito de segunda a sexta-feira, das 8h \u00e0s 17h. Mais informa\u00e7\u00f5es pelo telefone 4636-5879.<\/p>\n","protected":false},"excerpt":{"rendered":"<p>Equipamento integrar\u00e1 as a\u00e7\u00f5es socias na regi\u00e3o do Cras Kemel, com atividades culturais, esportivas e&#8230;<\/p>\n","protected":false},"author":1,"featured_media":17971,"comment_status":"open","ping_status":"open","sticky":false,"template":"","format":"standard","meta":{"footnotes":""},"categories":[8],"tags":[],"featured_image_urls":{"full":["https:\/\/novosaopaulo.com.br\/n1\/wp-content\/uploads\/2024\/03\/vistoria-SCFV-2.jpeg",560,434,false],"thumbnail":["https:\/\/novosaopaulo.com.br\/n1\/wp-content\/uploads\/2024\/03\/vistoria-SCFV-2-150x150.jpeg",150,150,true],"medium":["https:\/\/novosaopaulo.com.br\/n1\/wp-content\/uploads\/2024\/03\/vistoria-SCFV-2-300x233.jpeg",300,233,true],"medium_large":["https:\/\/novosaopaulo.com.br\/n1\/wp-content\/uploads\/2024\/03\/vistoria-SCFV-2.jpeg",560,434,false],"large":["https:\/\/novosaopaulo.com.br\/n1\/wp-content\/uploads\/2024\/03\/vistoria-SCFV-2.jpeg",560,434,false],"1536x1536":["https:\/\/novosaopaulo.com.br\/n1\/wp-content\/uploads\/2024\/03\/vistoria-SCFV-2.jpeg",560,434,false],"2048x2048":["https:\/\/novosaopaulo.com.br\/n1\/wp-content\/uploads\/2024\/03\/vistoria-SCFV-2.jpeg",560,434,false],"newsever-slider-full":["https:\/\/novosaopaulo.com.br\/n1\/wp-content\/uploads\/2024\/03\/vistoria-SCFV-2.jpeg",560,434,false],"newsever-featured":["https:\/\/novosaopaulo.com.br\/n1\/wp-content\/uploads\/2024\/03\/vistoria-SCFV-2.jpeg",560,434,false],"newsever-medium":["https:\/\/novosaopaulo.com.br\/n1\/wp-content\/uploads\/2024\/03\/vistoria-SCFV-2.jpeg",560,434,false]},"author_info":{"display_name":"Reda\u00e7\u00e3o","author_link":"https:\/\/novosaopaulo.com.br\/n1\/author\/g5poa\/"},"category_info":"<a href=\"https:\/\/novosaopaulo.com.br\/n1\/category\/poa\/\" rel=\"category tag\">Po\u00e1<\/a>","tag_info":"Po\u00e1","comment_count":"0","_links":{"self":[{"href":"https:\/\/novosaopaulo.com.br\/n1\/wp-json\/wp\/v2\/posts\/17970"}],"collection":[{"href":"https:\/\/novosaopaulo.com.br\/n1\/wp-json\/wp\/v2\/posts"}],"about":[{"href":"https:\/\/novosaopaulo.com.br\/n1\/wp-json\/wp\/v2\/types\/post"}],"author":[{"embeddable":true,"href":"https:\/\/novosaopaulo.com.br\/n1\/wp-json\/wp\/v2\/users\/1"}],"replies":[{"embeddable":true,"href":"https:\/\/novosaopaulo.com.br\/n1\/wp-json\/wp\/v2\/comments?post=17970"}],"version-history":[{"count":1,"href":"https:\/\/novosaopaulo.com.br\/n1\/wp-json\/wp\/v2\/posts\/17970\/revisions"}],"predecessor-version":[{"id":17972,"href":"https:\/\/novosaopaulo.com.br\/n1\/wp-json\/wp\/v2\/posts\/17970\/revisions\/17972"}],"wp:featuredmedia":[{"embeddable":true,"href":"https:\/\/novosaopaulo.com.br\/n1\/wp-json\/wp\/v2\/media\/17971"}],"wp:attachment":[{"href":"https:\/\/novosaopaulo.com.br\/n1\/wp-json\/wp\/v2\/media?parent=17970"}],"wp:term":[{"taxonomy":"category","embeddable":true,"href":"https:\/\/novosaopaulo.com.br\/n1\/wp-json\/wp\/v2\/categories?post=17970"},{"taxonomy":"post_tag","embeddable":true,"href":"https:\/\/novosaopaulo.com.br\/n1\/wp-json\/wp\/v2\/tags?post=17970"}],"curies":[{"name":"wp","href":"https:\/\/api.w.org\/{rel}","templated":true}]}}