{"id":17296,"date":"2024-02-06T13:08:47","date_gmt":"2024-02-06T16:08:47","guid":{"rendered":"https:\/\/novosaopaulo.com.br\/n1\/?p=17296"},"modified":"2024-02-06T13:08:48","modified_gmt":"2024-02-06T16:08:48","slug":"acao-social-oferece-10-mil-testes-para-diagnostico-de-alergia-a-mosquitos-na-baixada","status":"publish","type":"post","link":"https:\/\/novosaopaulo.com.br\/n1\/acao-social-oferece-10-mil-testes-para-diagnostico-de-alergia-a-mosquitos-na-baixada\/","title":{"rendered":"A\u00e7\u00e3o social oferece 10 mil testes para diagn\u00f3stico de alergia a mosquitos na Baixada"},"content":{"rendered":"\n<p>O ver\u00e3o ainda n\u00e3o come\u00e7ou, mas os fen\u00f4menos clim\u00e1ticos da esta\u00e7\u00e3o j\u00e1 s\u00e3o percebidos em certas regi\u00f5es do pa\u00eds. Muito comuns nesta \u00e9poca do ano, altas temperaturas, chuvas passageiras e falta de saneamento formam o ambiente perfeito para a prolifera\u00e7\u00e3o de mosquitos, grande vil\u00e3o dos al\u00e9rgicos. Pensando nisso, o Brasil Sem Alergia, projeto social que j\u00e1 realizou mais de 500 mil atendimentos gratuitos para o tratamento de alergias na Baixada Fluminense, vai oferecer 10 mil testes al\u00e9rgicos para o diagn\u00f3stico de alergias a mosquitos. O exame ser\u00e1 oferecido gratuitamente em todas unidades da a\u00e7\u00e3o social: Rio de Janeiro, Caxias, Nova Igua\u00e7u, Xer\u00e9m e Itagua\u00ed. Para agendamento dos testes e consultas m\u00e9dicas, os interessados poder\u00e3o enviar uma mensagem pelo WhatsApp para (21) 99374-2042 ou ligar para (21) 4063-8720 ou ainda acessar www.brasilsemalergia.com.br. Os atendimentos ser\u00e3o realizados de segunda a s\u00e1bado, de 9h \u00e0s 18h, com hor\u00e1rio agendado.<\/p>\n\n\n\n<p>Alergia a mosquitos<\/p>\n\n\n\n<p>Aos nove anos de idade, Daniel Cabral sofre com alergias desde que nasceu. \u201cEle \u00e9 al\u00e9rgico a basicamente tudo. Mudan\u00e7a de tempo, poeira, \u00e1gua quente. Mas, sem d\u00favida alguma, as piores rea\u00e7\u00f5es s\u00e3o a picadas de mosquitos\u201d, conta o pai, Luciano Cabral de Souza. \u201cEle ficava com placas enormes, muito incha\u00e7o e bolas vermelhas por todo o corpo\u201d, comenta. Depois que deu in\u00edcio ao tratamento na unidade de Nova Igua\u00e7u do Brasil Sem Alergia, h\u00e1 cerca de um ano, os processos al\u00e9rgicos diminu\u00edram. \u201choje meu filho n\u00e3o entra mais em crises como antigamente, percebemos que ele est\u00e1 com mais resist\u00eancia, nunca mais apresentou aquela vermelhid\u00e3o por toda a pele\u201d, completa.<\/p>\n\n\n\n<p>Fundador e coordenador t\u00e9cnico do Brasil Sem Alergia, o m\u00e9dico alergista Marcello Bossois alerta: \u201cAlergia a mosquitos pode ser realmente preocupante. As feridas, que chamamos de prurigo estr\u00f3fulo, co\u00e7am demais e, dependendo da rea\u00e7\u00e3o, podem abrir uma brecha para inflama\u00e7\u00f5es e s\u00e9rias infec\u00e7\u00f5es secund\u00e1rias. Em casos mais graves, a alergia a estes insetos pode at\u00e9 evoluir para um quadro de anafilaxia\u201d, ressalta.<\/p>\n\n\n\n<p>Moradora do Complexo do Alem\u00e3o, Ana Carolina Santiago, de 25 anos, j\u00e1 precisou de inje\u00e7\u00e3o de adrenalina por causa da alergia a mosquitos. \u201cUma vez eu estava em uma cachoeira e fui picada por v\u00e1rios mosquitos. Minha garganta fechou, meu corpo come\u00e7ou a inchar e precisei correr para uma emerg\u00eancia\u201d, lembra. Segundo Dr. Bossois, ela teve um cl\u00e1ssico epis\u00f3dio de princ\u00edpio de choque anafil\u00e1tico.<\/p>\n\n\n\n<p>Al\u00e9rgica desde crian\u00e7a, Ana Carolina apresenta o n\u00edvel mais alto de alergia. Paciente da unidade de Caxias do Brasil Sem Alergia, ela afirma que sua condi\u00e7\u00e3o melhorou significativamente depois que iniciou o tratamento. As les\u00f5es diminu\u00edram, o jeito como inflama \u00e9 diferente, n\u00e3o fico com tantas marcas no corpo\u201d, conclui.<\/p>\n\n\n\n<p>A doen\u00e7a afeta milh\u00f5es de pessoas no pa\u00eds. Segundo dados do Minist\u00e9rio da Sa\u00fade, cerca de 35% dos brasileiros apresentam algum tipo de alergia.<\/p>\n\n\n\n<p>Servi\u00e7o<\/p>\n\n\n\n<ul>\n<li>Oferta gratuita de 10 mil testes al\u00e9rgicos para diagn\u00f3stico de alergias a mosquitos<\/li>\n\n\n\n<li>De segunda a sexta, de 9h \u00e0s 18h, com hor\u00e1rio marcado<\/li>\n\n\n\n<li>Agendamento pelo WhatsApp (21) 99374-2042 ou ligar para (21) 4063-8720<\/li>\n\n\n\n<li>Duque de Caxias: Rua Conde de Porto Alegre, 155, 25 de Agosto \/\/ Nova Igua\u00e7u: Rua Iracema Soares Pereira Junqueira, sem n\u00famero, Cruz Vermelha Nova Igua\u00e7u \/\/ Xer\u00e9m: Pra\u00e7a da Mantiqueira, 18, Centro M\u00e9dico Estrela de Davi \/\/ Itagua\u00ed: Rua Ant\u00f4nio Morais Menezes 134, Centro \/\/ Rio de Janeiro: Av. de Santa Cruz 1896, Realengo RJ \/\/<\/li>\n<\/ul>\n","protected":false},"excerpt":{"rendered":"<p>O ver\u00e3o ainda n\u00e3o come\u00e7ou, mas os fen\u00f4menos clim\u00e1ticos da esta\u00e7\u00e3o j\u00e1 s\u00e3o percebidos em&#8230;<\/p>\n","protected":false},"author":1,"featured_media":17297,"comment_status":"open","ping_status":"open","sticky":false,"template":"","format":"standard","meta":{"footnotes":""},"categories":[2,43],"tags":[],"featured_image_urls":{"full":["https:\/\/novosaopaulo.com.br\/n1\/wp-content\/uploads\/2024\/02\/aedes_dengue_zika_d2e998c7.webp",580,388,false],"thumbnail":["https:\/\/novosaopaulo.com.br\/n1\/wp-content\/uploads\/2024\/02\/aedes_dengue_zika_d2e998c7-150x150.webp",150,150,true],"medium":["https:\/\/novosaopaulo.com.br\/n1\/wp-content\/uploads\/2024\/02\/aedes_dengue_zika_d2e998c7-300x201.webp",300,201,true],"medium_large":["https:\/\/novosaopaulo.com.br\/n1\/wp-content\/uploads\/2024\/02\/aedes_dengue_zika_d2e998c7.webp",580,388,false],"large":["https:\/\/novosaopaulo.com.br\/n1\/wp-content\/uploads\/2024\/02\/aedes_dengue_zika_d2e998c7.webp",580,388,false],"1536x1536":["https:\/\/novosaopaulo.com.br\/n1\/wp-content\/uploads\/2024\/02\/aedes_dengue_zika_d2e998c7.webp",580,388,false],"2048x2048":["https:\/\/novosaopaulo.com.br\/n1\/wp-content\/uploads\/2024\/02\/aedes_dengue_zika_d2e998c7.webp",580,388,false],"newsever-slider-full":["https:\/\/novosaopaulo.com.br\/n1\/wp-content\/uploads\/2024\/02\/aedes_dengue_zika_d2e998c7.webp",580,388,false],"newsever-featured":["https:\/\/novosaopaulo.com.br\/n1\/wp-content\/uploads\/2024\/02\/aedes_dengue_zika_d2e998c7.webp",580,388,false],"newsever-medium":["https:\/\/novosaopaulo.com.br\/n1\/wp-content\/uploads\/2024\/02\/aedes_dengue_zika_d2e998c7.webp",580,388,false]},"author_info":{"display_name":"Reda\u00e7\u00e3o","author_link":"https:\/\/novosaopaulo.com.br\/n1\/author\/g5poa\/"},"category_info":"<a href=\"https:\/\/novosaopaulo.com.br\/n1\/category\/cidades\/\" rel=\"category tag\">Cidades<\/a> <a href=\"https:\/\/novosaopaulo.com.br\/n1\/category\/saude\/\" rel=\"category tag\">Sa\u00fade<\/a>","tag_info":"Sa\u00fade","comment_count":"0","_links":{"self":[{"href":"https:\/\/novosaopaulo.com.br\/n1\/wp-json\/wp\/v2\/posts\/17296"}],"collection":[{"href":"https:\/\/novosaopaulo.com.br\/n1\/wp-json\/wp\/v2\/posts"}],"about":[{"href":"https:\/\/novosaopaulo.com.br\/n1\/wp-json\/wp\/v2\/types\/post"}],"author":[{"embeddable":true,"href":"https:\/\/novosaopaulo.com.br\/n1\/wp-json\/wp\/v2\/users\/1"}],"replies":[{"embeddable":true,"href":"https:\/\/novosaopaulo.com.br\/n1\/wp-json\/wp\/v2\/comments?post=17296"}],"version-history":[{"count":1,"href":"https:\/\/novosaopaulo.com.br\/n1\/wp-json\/wp\/v2\/posts\/17296\/revisions"}],"predecessor-version":[{"id":17298,"href":"https:\/\/novosaopaulo.com.br\/n1\/wp-json\/wp\/v2\/posts\/17296\/revisions\/17298"}],"wp:featuredmedia":[{"embeddable":true,"href":"https:\/\/novosaopaulo.com.br\/n1\/wp-json\/wp\/v2\/media\/17297"}],"wp:attachment":[{"href":"https:\/\/novosaopaulo.com.br\/n1\/wp-json\/wp\/v2\/media?parent=17296"}],"wp:term":[{"taxonomy":"category","embeddable":true,"href":"https:\/\/novosaopaulo.com.br\/n1\/wp-json\/wp\/v2\/categories?post=17296"},{"taxonomy":"post_tag","embeddable":true,"href":"https:\/\/novosaopaulo.com.br\/n1\/wp-json\/wp\/v2\/tags?post=17296"}],"curies":[{"name":"wp","href":"https:\/\/api.w.org\/{rel}","templated":true}]}}