{"id":17293,"date":"2024-02-06T13:06:28","date_gmt":"2024-02-06T16:06:28","guid":{"rendered":"https:\/\/novosaopaulo.com.br\/n1\/?p=17293"},"modified":"2024-02-06T13:06:28","modified_gmt":"2024-02-06T16:06:28","slug":"forum-de-cidades-inteligentes-em-sao-carlos-aborda-inteligencia-artificial-no-setor-publico","status":"publish","type":"post","link":"https:\/\/novosaopaulo.com.br\/n1\/forum-de-cidades-inteligentes-em-sao-carlos-aborda-inteligencia-artificial-no-setor-publico\/","title":{"rendered":"F\u00f3rum de Cidades Inteligentes em S\u00e3o Carlos aborda Intelig\u00eancia Artificial no setor p\u00fablico"},"content":{"rendered":"\n<p>Mais de 60 Prefeituras est\u00e3o inscritas para o encontro que reunir\u00e1 prefeitos, gestores, servidores e especialistas no Pa\u00e7o Municipal<\/p>\n\n\n\n<p>A aplica\u00e7\u00e3o da Intelig\u00eancia Artificial no contexto das cidades pode ajudar as administra\u00e7\u00f5es municipais a resolver diversos problemas, como melhorar o tr\u00e2nsito, a seguran\u00e7a e o atendimento em situa\u00e7\u00f5es de emerg\u00eancia. Nesta quarta-feira (07), a IA ser\u00e1 um dos temas abordados durante o F\u00f3rum de Cidades Digitais e Inteligentes da Regi\u00e3o Central do Estado de S\u00e3o Paulo, em S\u00e3o Carlos, promovido pela Rede Cidade Digital em parceria com a Prefeitura de S\u00e3o Carlos, por meio da Secretaria Municipal de Ci\u00eancia, Tecnologia e Inova\u00e7\u00e3o.<\/p>\n\n\n\n<p>Mais de 60 Prefeituras est\u00e3o inscritas para o encontro que reunir\u00e1, no Pa\u00e7o Municipal, prefeitos, gestores, servidores e especialistas para tratar sobre o uso de tecnologia e transforma\u00e7\u00e3o digital dos servi\u00e7os p\u00fablicos. \u00c9 o primeiro evento presencial da RCD em 2024.<\/p>\n\n\n\n<p>O diretor do Centro de Pesquisa Aplicada de Intelig\u00eancia Artificial IARA, Andr\u00e9 Ponce, \u00e9 um dos palestrantes confirmados no F\u00f3rum de Cidades Digitais e Inteligentes em S\u00e3o Carlos. Ele destaca que j\u00e1 h\u00e1 cidades utilizando a IA para identifica\u00e7\u00e3o, por exemplo, de aglomera\u00e7\u00e3o, diagn\u00f3stico de autismo em salas de aula, seguran\u00e7a dos alunos no transporte escolar e controle da qualidade de ar. \u201cAlgumas prefeituras apoiam iniciativas como o caso de Cana\u00e3 dos Caraj\u00e1s no Par\u00e1 e Guarapuava no Paran\u00e1\u201d.<\/p>\n\n\n\n<p>O Centro IARA faz parte de duas estrat\u00e9gias brasileiras voltadas para fomentar o ambiente de inova\u00e7\u00e3o no pa\u00eds: a carta brasileira para cidades inteligentes e da Estrat\u00e9gia brasileira de IA no pa\u00eds, segundo Ponce. \u201cO IARA surgiu para atender melhor as cidades brasileiras nessa transforma\u00e7\u00e3o que est\u00e1 ocorrendo rapidamente no mundo inteiro\u201d, argumenta, explicando que o Centro surgiu de um chamamento p\u00fablico que conta com fonte de recursos oriundas do Minist\u00e9rio da Ci\u00eancia, Tecnologia e Inova\u00e7\u00f5es (MCTI), Funda\u00e7\u00e3o de Amparo \u00e0 Pesquisa do Estado de S\u00e3o Paulo (FAPESP), Comit\u00ea Gestor da Internet (GCI.br), universidades e empresas interessadas em apoiar iniciativas de cidades inteligentes e sustent\u00e1veis.<\/p>\n\n\n\n<p>Uma ferramenta de autodiagn\u00f3stico de maturidade das cidades inteligentes, lan\u00e7ada pelo MCTI, acrescenta o diretor, pode auxiliar os gestores p\u00fablicos a definirem estrat\u00e9gias de investimentos por meio de diversos indicadores. \u201cEsse tipo de informa\u00e7\u00f5es pode ser utilizado para apoiar o gestor a definir pol\u00edticas p\u00fablicas para as cidades. O primeiro passo para as prefeituras \u00e9 se conhecerem melhor. Por exemplo, ver um problema global e como alguns indicadores se relacionam com aquela cidade\u201d, argumenta.<\/p>\n\n\n\n<p>O diretor tamb\u00e9m refor\u00e7a o potencial da intelig\u00eancia artificial no futuro das cidades para o monitoramento de servi\u00e7os urbanos, meio ambiente, mobilidade e sa\u00fade. \u201cTem dois projetos interessantes em desenvolvimento na \u00e1rea da sa\u00fade: um \u00e9 poder monitorar a pr\u00f3xima pandemia, verificar quando ela come\u00e7ou a ocorrer e ajudar a desenvolver medicamentos, acelerando o processo. A outra \u00e9 termos uma medicina personalizada, que a gente possa para cada cidad\u00e3o predizer quando ele pode ter algum problema de sa\u00fade e enfrentar isso antes que o problema apare\u00e7a ou reduzir a gravidade dele&#8221;, ressalta.<\/p>\n\n\n\n<p>Programa\u00e7\u00e3o &#8211; O encontro compartilha avan\u00e7os tecnol\u00f3gicos nos munic\u00edpios, pol\u00edticas p\u00fablicas e solu\u00e7\u00f5es de mercado dispon\u00edveis. Entre os convidados confirmados est\u00e3o o Diretor de Projetos e Inova\u00e7\u00e3o da InvestSP \u2013 ag\u00eancia paulista ligada \u00e0 Secretaria Estadual de Desenvolvimento -, Thiago Camargo Lopes, o prefeito de Brotas, Leandro Corr\u00eaa, o secret\u00e1rio de Governo de S\u00e3o Carlos, Netto Donato, e o secret\u00e1rio de Ci\u00eancia, Tecnologia e Inova\u00e7\u00e3o de S\u00e3o Carlos, prof. Jos\u00e9 Galizia Tundisi. \u201cO objetivo \u00e9 abordar tudo que tem sido feito visando melhorar a oferta de servi\u00e7os. A pandemia intensificou mais esse movimento com a implementa\u00e7\u00e3o de pol\u00edticas p\u00fablicas voltadas para melhorar a vida das pessoas por meio da tecnologia e da inova\u00e7\u00e3o\u201d, afirma o diretor da RCD, Jos\u00e9 Marinho.<\/p>\n\n\n\n<p>Participam tamb\u00e9m a secret\u00e1ria de Educa\u00e7\u00e3o de Cordeir\u00f3polis e Secret\u00e1ria de Comunica\u00e7\u00e3o da UNDIME SP, Angelita Meneghin Ortolan, o gerente de Moderniza\u00e7\u00e3o Institucional da Prefeitura de Araraquara, Matheus Soto, o diretor de Rela\u00e7\u00f5es Institucionais da Prefeitura de Mat\u00e3o, Ademir de Souza, e o agente de Desenvolvimento Organizacional e Governo Digital na Secretaria Municipal de Administra\u00e7\u00e3o de Piracicaba, Pedro Chamochumbi.<\/p>\n\n\n\n<p>A programa\u00e7\u00e3o completa pode ser conferida pelo sympla.com.br\/rcd<\/p>\n\n\n\n<p>Prefeitos Inovadores \u2013 Durante o F\u00f3rum de Cidades Digitais e Inteligentes, a Rede Cidade Digital tamb\u00e9m realiza a entrega do t\u00edtulo de Prefeito Inovador 2024 da regi\u00e3o. Para a sele\u00e7\u00e3o e o reconhecimento, s\u00e3o considerados diversos fatores, entre eles a utiliza\u00e7\u00e3o da tecnologia de forma estrat\u00e9gica na gest\u00e3o p\u00fablica, como forma de melhorar a presta\u00e7\u00e3o de servi\u00e7os e qualidade de vida do mun\u00edcipe, e o impacto positivo no desenvolvimento das cidades. Ao todo, 15 prefeitos foram selecionados para a homenagem.<\/p>\n\n\n\n<p>No evento, os gestores tamb\u00e9m poder\u00e3o conhecer solu\u00e7\u00f5es disponibilizadas pelas empresas Aprova Digital, iZeus Solu\u00e7\u00f5es em TI, Gove, UniCidades, SMAR APD e Sino inform\u00e1tica. O encontro tamb\u00e9m conta com o apoio institucional da Associa\u00e7\u00e3o dos Munic\u00edpios de Pequeno Porte do Estado de S\u00e3o Paulo (AMPPESP).<\/p>\n\n\n\n<p>Servi\u00e7o:<\/p>\n\n\n\n<p>F\u00f3rum de Cidades Digitais e Inteligentes da Regi\u00e3o Central de SP<\/p>\n\n\n\n<p>07 de fevereiro de 2024 \u2013 S\u00e3o Carlos<\/p>\n\n\n\n<p>Local: Audit\u00f3rio do Pa\u00e7o Municipal<\/p>\n\n\n\n<p>In\u00edcio: Das 8h \u00e0s 17h<\/p>\n\n\n\n<p>www.sympla.com.br\/rcd<\/p>\n","protected":false},"excerpt":{"rendered":"<p>Mais de 60 Prefeituras est\u00e3o inscritas para o encontro que reunir\u00e1 prefeitos, gestores, servidores e&#8230;<\/p>\n","protected":false},"author":1,"featured_media":17294,"comment_status":"open","ping_status":"open","sticky":false,"template":"","format":"standard","meta":{"footnotes":""},"categories":[2],"tags":[],"featured_image_urls":{"full":["https:\/\/novosaopaulo.com.br\/n1\/wp-content\/uploads\/2024\/02\/fesc.webp",300,199,false],"thumbnail":["https:\/\/novosaopaulo.com.br\/n1\/wp-content\/uploads\/2024\/02\/fesc-150x150.webp",150,150,true],"medium":["https:\/\/novosaopaulo.com.br\/n1\/wp-content\/uploads\/2024\/02\/fesc.webp",300,199,false],"medium_large":["https:\/\/novosaopaulo.com.br\/n1\/wp-content\/uploads\/2024\/02\/fesc.webp",300,199,false],"large":["https:\/\/novosaopaulo.com.br\/n1\/wp-content\/uploads\/2024\/02\/fesc.webp",300,199,false],"1536x1536":["https:\/\/novosaopaulo.com.br\/n1\/wp-content\/uploads\/2024\/02\/fesc.webp",300,199,false],"2048x2048":["https:\/\/novosaopaulo.com.br\/n1\/wp-content\/uploads\/2024\/02\/fesc.webp",300,199,false],"newsever-slider-full":["https:\/\/novosaopaulo.com.br\/n1\/wp-content\/uploads\/2024\/02\/fesc.webp",300,199,false],"newsever-featured":["https:\/\/novosaopaulo.com.br\/n1\/wp-content\/uploads\/2024\/02\/fesc.webp",300,199,false],"newsever-medium":["https:\/\/novosaopaulo.com.br\/n1\/wp-content\/uploads\/2024\/02\/fesc.webp",300,199,false]},"author_info":{"display_name":"Reda\u00e7\u00e3o","author_link":"https:\/\/novosaopaulo.com.br\/n1\/author\/g5poa\/"},"category_info":"<a href=\"https:\/\/novosaopaulo.com.br\/n1\/category\/cidades\/\" rel=\"category tag\">Cidades<\/a>","tag_info":"Cidades","comment_count":"0","_links":{"self":[{"href":"https:\/\/novosaopaulo.com.br\/n1\/wp-json\/wp\/v2\/posts\/17293"}],"collection":[{"href":"https:\/\/novosaopaulo.com.br\/n1\/wp-json\/wp\/v2\/posts"}],"about":[{"href":"https:\/\/novosaopaulo.com.br\/n1\/wp-json\/wp\/v2\/types\/post"}],"author":[{"embeddable":true,"href":"https:\/\/novosaopaulo.com.br\/n1\/wp-json\/wp\/v2\/users\/1"}],"replies":[{"embeddable":true,"href":"https:\/\/novosaopaulo.com.br\/n1\/wp-json\/wp\/v2\/comments?post=17293"}],"version-history":[{"count":1,"href":"https:\/\/novosaopaulo.com.br\/n1\/wp-json\/wp\/v2\/posts\/17293\/revisions"}],"predecessor-version":[{"id":17295,"href":"https:\/\/novosaopaulo.com.br\/n1\/wp-json\/wp\/v2\/posts\/17293\/revisions\/17295"}],"wp:featuredmedia":[{"embeddable":true,"href":"https:\/\/novosaopaulo.com.br\/n1\/wp-json\/wp\/v2\/media\/17294"}],"wp:attachment":[{"href":"https:\/\/novosaopaulo.com.br\/n1\/wp-json\/wp\/v2\/media?parent=17293"}],"wp:term":[{"taxonomy":"category","embeddable":true,"href":"https:\/\/novosaopaulo.com.br\/n1\/wp-json\/wp\/v2\/categories?post=17293"},{"taxonomy":"post_tag","embeddable":true,"href":"https:\/\/novosaopaulo.com.br\/n1\/wp-json\/wp\/v2\/tags?post=17293"}],"curies":[{"name":"wp","href":"https:\/\/api.w.org\/{rel}","templated":true}]}}