{"id":17265,"date":"2024-02-04T13:47:01","date_gmt":"2024-02-04T16:47:01","guid":{"rendered":"https:\/\/novosaopaulo.com.br\/n1\/?p=17265"},"modified":"2024-02-04T13:47:02","modified_gmt":"2024-02-04T16:47:02","slug":"dialogo-com-investidores-estrangeiros-e-essencial-para-atracao-de-capital-em-sp-diz-governador","status":"publish","type":"post","link":"https:\/\/novosaopaulo.com.br\/n1\/dialogo-com-investidores-estrangeiros-e-essencial-para-atracao-de-capital-em-sp-diz-governador\/","title":{"rendered":"Di\u00e1logo com investidores estrangeiros \u00e9 essencial para atra\u00e7\u00e3o de capital em SP, diz governador"},"content":{"rendered":"\n<p>Entre os dias 5 e 9 de fevereiro, Tarc\u00edsio de Freitas vai apresentar projetos estruturantes de SP a grupos internacionais, com reuni\u00f5es na Espanha, It\u00e1lia e Fran\u00e7a<\/p>\n\n\n\n<p>\u00c0s v\u00e9speras da primeira miss\u00e3o internacional do Governo de S\u00e3o Paulo em 2024, Tarc\u00edsio de Freitas destacou a import\u00e2ncia do di\u00e1logo com grupos estrangeiros em busca de parcerias para projetos estruturantes para o desenvolvimento paulista. Amanh\u00e3 (5), o governador inicia uma s\u00e9rie de encontros com empres\u00e1rios e executivos na Espanha, It\u00e1lia e Fran\u00e7a.<\/p>\n\n\n\n<p>\u201cNosso governo tem canais de di\u00e1logo n\u00e3o s\u00f3 no Brasil, mas em todo o mundo. A credibilidade de S\u00e3o Paulo tem reconhecimento global. O setor p\u00fablico pode e deve dar passos conjuntos com o capital privado nacional e internacional, principalmente para tirar do papel os grandes projetos que v\u00e3o mudar a realidade da popula\u00e7\u00e3o com mais desenvolvimento, mais dignidade e mais empregos\u201d, disse Tarc\u00edsio.<\/p>\n\n\n\n<p>O roadshow do Governo de S\u00e3o Paulo come\u00e7a pela capital espanhola na segunda. \u00c0s 10h (hor\u00e1rio local), autoridades estaduais se re\u00fanem com executivos do grupo Acciona, parceiro do Estado na constru\u00e7\u00e3o da Linha 6-Laranja de metr\u00f4. \u00c0s 12h30, Tarc\u00edsio se re\u00fane com representantes do grupo Santander e, \u00e0s 15h, o \u00faltimo compromisso em Madri ser\u00e1 com a empresa global Sacyr, que investe em concess\u00f5es, infraestrutura e saneamento.<\/p>\n\n\n\n<p>Na ter\u00e7a (6), o grupo paulista estar\u00e1 em Mil\u00e3o, principal centro financeiro e comercial da It\u00e1lia. O primeiro compromisso do dia ser\u00e1 \u00e0s 10h, em encontro com executivos do grupo Gavio, controlador da holding ASTM e maior operador de concess\u00f5es de rodovias no mundo \u2013 no Brasil, comanda a concession\u00e1ria EcoRodovias. \u00c0s 15h, a agenda final na cidade italiana ser\u00e1 com diretores da Ghella, especializada em infraestrutura e escava\u00e7\u00f5es.<\/p>\n\n\n\n<p>A partir de quarta (7), a comitiva estadual vai participar de rodadas de neg\u00f3cios em Paris. O primeiro compromisso ser\u00e1 \u00e0s 10h30, em agenda com diretores da Keolis, multinacional francesa de mobilidade e transportes. \u00c0s 14h30, haver\u00e1 encontros com empres\u00e1rios e investidores de grupos alem\u00e3es e, \u00e0s 16h30, a agenda do dia se encerra com representantes da Tec Tunnel, l\u00edder mundial em engenharia e design de t\u00faneis.<\/p>\n\n\n\n<p>Na quinta (8), \u00e0s 12h30, Tarc\u00edsio se re\u00fane com executivos do BNP Paribas. \u00c0s 14h30, as reuni\u00f5es ser\u00e3o com l\u00edderes do grupo franc\u00eas Vinci, l\u00edder global em concess\u00f5es de rodovias e aeroportos, energia e constru\u00e7\u00e3o. No \u00faltimo compromisso do dia, \u00e0s 16h30, o governo paulista se encontra com diretores da Alstom, uma das l\u00edderes mundiais na produ\u00e7\u00e3o de ve\u00edculos e sistema de transporte p\u00fablico.<\/p>\n\n\n\n<p>A miss\u00e3o internacional do Governo de S\u00e3o Paulo termina na sexta (9), com duas reuni\u00f5es finais na capital da Fran\u00e7a. \u00c0s 10h30, Tarc\u00edsio participa de encontro com investidores do Stoa, fundo franc\u00eas que investe em projetos de infraestrutura e energia de grande escala. \u00c0s 14h30, o \u00faltimo compromisso na Europa ser\u00e1 com executivos da Transdev, multinacional francesa que opera no setor de transporte p\u00fablico.<\/p>\n\n\n\n<p>Metas para 2024<\/p>\n\n\n\n<p>O Governo do Estado tem prevista a realiza\u00e7\u00e3o de 13 leil\u00f5es ao longo de 2024. Entre eles, est\u00e3o o Trem Intercidades Eixo Norte, que vai ligar a cidade de S\u00e3o Paulo a Campinas, j\u00e1 no dia 29 de fevereiro, e concess\u00f5es e parcerias de infraestrutura rodovi\u00e1ria e ferrovi\u00e1ria, al\u00e9m das desestatiza\u00e7\u00f5es da Sabesp e da Empresa Metropolitana de \u00c1guas e Energia (Emae). A carteira de projetos \u00e9 estimada em mais de R$ 220 bilh\u00f5es em investimentos do setor privado.<\/p>\n\n\n\n<p>As iniciativas s\u00e3o lideradas pela Secretaria de Parcerias e Investimentos, pasta criada na atual gest\u00e3o para priorizar a atra\u00e7\u00e3o de investimento privado. O portf\u00f3lio de parcerias p\u00fablico privadas, concess\u00f5es e privatiza\u00e7\u00f5es do governo estadual possui 20 projetos qualificados e a previs\u00e3o da realiza\u00e7\u00e3o de pelo menos 44 leil\u00f5es.<\/p>\n\n\n\n<p>Agenda da miss\u00e3o SP Europa<\/p>\n\n\n\n<p>Segunda (5), em Madri \u2013 Hor\u00e1rio local<br>10h \u2013 reuni\u00e3o com diretores do grupo Acciona<br>12h \u2013 almo\u00e7o com executivos do grupo do Santander<br>15h \u2013 encontro com executivos da Sacyr<\/p>\n\n\n\n<p>Ter\u00e7a (6), em Mil\u00e3o \u2013 Hor\u00e1rio local<br>10h \u2013 rodada com l\u00edderes do grupo Gavio \/ ASTM<br>15h \u2013 reuni\u00e3o com empres\u00e1rios da Ghella<\/p>\n\n\n\n<p>Quarta (7), em Paris \u2013 Hor\u00e1rio local<br>10h30 \u2013 reuni\u00e3o com diretores da Keolis<br>14h30 \u2013 encontros com empreendedores de grupos alem\u00e3es<br>16h30 \u2013 rodada com l\u00edderes da Tec Tunnel<\/p>\n\n\n\n<p>Quinta (8), em Paris \u2013 Hor\u00e1rio local<br>12h30 \u2013 almo\u00e7o com executivos do BNP Paribas<br>14h30 \u2013 encontro com executivos do Vinci<br>16h30 \u2013 reuni\u00e3o com diretores da Alstom<\/p>\n\n\n\n<p>Sexta (9), em Paris \u2013 Hor\u00e1rio local<br>10h30 \u2013 encontro com investidores do fundo Stoa<br>14h30 \u2013 reuni\u00e3o com executivos da Transdev<\/p>\n","protected":false},"excerpt":{"rendered":"<p>Entre os dias 5 e 9 de fevereiro, Tarc\u00edsio de Freitas vai apresentar projetos estruturantes&#8230;<\/p>\n","protected":false},"author":1,"featured_media":17266,"comment_status":"open","ping_status":"open","sticky":false,"template":"","format":"standard","meta":{"footnotes":""},"categories":[49],"tags":[],"featured_image_urls":{"full":["https:\/\/novosaopaulo.com.br\/n1\/wp-content\/uploads\/2024\/02\/53272294134_7905ec7131_k.jpg",538,359,false],"thumbnail":["https:\/\/novosaopaulo.com.br\/n1\/wp-content\/uploads\/2024\/02\/53272294134_7905ec7131_k-150x150.jpg",150,150,true],"medium":["https:\/\/novosaopaulo.com.br\/n1\/wp-content\/uploads\/2024\/02\/53272294134_7905ec7131_k-300x200.jpg",300,200,true],"medium_large":["https:\/\/novosaopaulo.com.br\/n1\/wp-content\/uploads\/2024\/02\/53272294134_7905ec7131_k.jpg",538,359,false],"large":["https:\/\/novosaopaulo.com.br\/n1\/wp-content\/uploads\/2024\/02\/53272294134_7905ec7131_k.jpg",538,359,false],"1536x1536":["https:\/\/novosaopaulo.com.br\/n1\/wp-content\/uploads\/2024\/02\/53272294134_7905ec7131_k.jpg",538,359,false],"2048x2048":["https:\/\/novosaopaulo.com.br\/n1\/wp-content\/uploads\/2024\/02\/53272294134_7905ec7131_k.jpg",538,359,false],"newsever-slider-full":["https:\/\/novosaopaulo.com.br\/n1\/wp-content\/uploads\/2024\/02\/53272294134_7905ec7131_k.jpg",538,359,false],"newsever-featured":["https:\/\/novosaopaulo.com.br\/n1\/wp-content\/uploads\/2024\/02\/53272294134_7905ec7131_k.jpg",538,359,false],"newsever-medium":["https:\/\/novosaopaulo.com.br\/n1\/wp-content\/uploads\/2024\/02\/53272294134_7905ec7131_k.jpg",538,359,false]},"author_info":{"display_name":"Reda\u00e7\u00e3o","author_link":"https:\/\/novosaopaulo.com.br\/n1\/author\/g5poa\/"},"category_info":"<a href=\"https:\/\/novosaopaulo.com.br\/n1\/category\/governo-de-sp\/\" rel=\"category tag\">Governo de SP<\/a>","tag_info":"Governo de SP","comment_count":"0","_links":{"self":[{"href":"https:\/\/novosaopaulo.com.br\/n1\/wp-json\/wp\/v2\/posts\/17265"}],"collection":[{"href":"https:\/\/novosaopaulo.com.br\/n1\/wp-json\/wp\/v2\/posts"}],"about":[{"href":"https:\/\/novosaopaulo.com.br\/n1\/wp-json\/wp\/v2\/types\/post"}],"author":[{"embeddable":true,"href":"https:\/\/novosaopaulo.com.br\/n1\/wp-json\/wp\/v2\/users\/1"}],"replies":[{"embeddable":true,"href":"https:\/\/novosaopaulo.com.br\/n1\/wp-json\/wp\/v2\/comments?post=17265"}],"version-history":[{"count":1,"href":"https:\/\/novosaopaulo.com.br\/n1\/wp-json\/wp\/v2\/posts\/17265\/revisions"}],"predecessor-version":[{"id":17267,"href":"https:\/\/novosaopaulo.com.br\/n1\/wp-json\/wp\/v2\/posts\/17265\/revisions\/17267"}],"wp:featuredmedia":[{"embeddable":true,"href":"https:\/\/novosaopaulo.com.br\/n1\/wp-json\/wp\/v2\/media\/17266"}],"wp:attachment":[{"href":"https:\/\/novosaopaulo.com.br\/n1\/wp-json\/wp\/v2\/media?parent=17265"}],"wp:term":[{"taxonomy":"category","embeddable":true,"href":"https:\/\/novosaopaulo.com.br\/n1\/wp-json\/wp\/v2\/categories?post=17265"},{"taxonomy":"post_tag","embeddable":true,"href":"https:\/\/novosaopaulo.com.br\/n1\/wp-json\/wp\/v2\/tags?post=17265"}],"curies":[{"name":"wp","href":"https:\/\/api.w.org\/{rel}","templated":true}]}}