{"id":17101,"date":"2024-01-25T13:24:05","date_gmt":"2024-01-25T16:24:05","guid":{"rendered":"https:\/\/novosaopaulo.com.br\/n1\/?p=17101"},"modified":"2024-01-25T13:28:54","modified_gmt":"2024-01-25T16:28:54","slug":"pipa-brasey-celebra-o-samba-em-show-no-rio-scenarium","status":"publish","type":"post","link":"https:\/\/novosaopaulo.com.br\/n1\/pipa-brasey-celebra-o-samba-em-show-no-rio-scenarium\/","title":{"rendered":"Pipa Brasey celebra o samba em show no Rio Scenarium"},"content":{"rendered":"\n<p>A cantora e compositora,que \u00e9 refer\u00eancia da \u201cM\u00fasica Popular Brasileira\u201d na Europa, chega ao Brasil pra reverenciar o samba com seu DVD &#8211; \u201cS\u00f3 Canto\u201d<\/p>\n\n\n\n<p>No cora\u00e7\u00e3o da Lapa, zona central do Rio de Janeiro, a cantora Pipa Brasey chega para levar muita m\u00fasica boa para o casar\u00e3o mais charmoso da cidade, o Rio Scenarium. O show ser\u00e1 nessa quinta-feira (25) a partir das 19h.<\/p>\n\n\n\n<p>Pipa Brasey cantar\u00e1 muito samba, de seu DVD &#8211; \u201cS\u00f3 Canto\u201d , gravado em S\u00e3o Paulo, em 2022, que contou com participa\u00e7\u00f5es ilustres do seguimento, como: Gilsinho, Wantuir, Chacal do Sax , Luiz Felipe e bateria da escola de samba Vai Vai com participa\u00e7\u00e3o da rainha de bateria da Portela Bianca Monteiro.<\/p>\n\n\n\n<p>A cantora que veio ao Brasil para diversos compromissos profissionais, n\u00e3o ficar\u00e1 de fora da festa popular que tem sua identidade, e estar\u00e1 no comando carro de som da escola de samba \u201cUnidos de Bangu\u201d na s\u00e9rie ouro do carnaval do Rio, cantando o hino da vermelho e branco da zona oeste que exalta a for\u00e7a do \u201cSanto Guerreiro &#8211; Jorge da Capad\u00f3cia\u201d . E durante esta semana, a \u201cvoz que ecoa\u201d como \u00e9 chamada, foi anunciada como integrante do carro de som da \u201cUnidos do Porto da Pedra\u201d, que abrir\u00e1 os desfiles do grupo especial na Marques de Sapuca\u00ed no domingo de carnaval (11\/2).<\/p>\n\n\n\n<p>A brasileira que mora h\u00e1 mais de 30 anos da Su\u00ed\u00e7a, e roda o mundo com seus shows de Bossa Nova e Samba, fala da emo\u00e7\u00e3o de estar mais uma ano levando sua voz a passarela do samba.<\/p>\n\n\n\n<p>\u201cEm 2022 estive ao lado do Gilsinho na Portela, e confesso que foi pura emo\u00e7\u00e3o. Mas agora voltar na Unidos de Bangu como int\u00e9rprete oficial ao lado do Ygor Viana, me traz um grande acalanto, uma for\u00e7a que n\u00e3o tem explica\u00e7\u00e3o. E receber o convite da Porto da Pedra me fez acreditar ainda mais que n\u00f3s mulheres podemos e devemos lutar pelo nosso espa\u00e7o. Saber que entro para o seleto time de int\u00e9rpretes femininas que fizeram e fazem hist\u00f3ria no carnaval como: Clara Nunes, Elza Soares, Sandra de S\u00e1, Ludmilla e muitas outras que vir\u00e3o que fortalece ainda mais. S\u00f3 tenho que agradecer ao Brasil por tanto carinho e respeito por minha trajet\u00f3ria at\u00e9 aqui\u201d, finalizou.<\/p>\n\n\n\n<p>Por: Oscar M\u00fcller<\/p>\n\n\n\n<figure class=\"wp-block-gallery has-nested-images columns-default is-cropped wp-block-gallery-1 is-layout-flex wp-block-gallery-is-layout-flex\">\n<figure class=\"wp-block-image size-full\"><img fetchpriority=\"high\" decoding=\"async\" width=\"682\" height=\"1024\" data-id=\"17106\" src=\"https:\/\/novosaopaulo.com.br\/n1\/wp-content\/uploads\/2024\/01\/WhatsApp-Image-2024-01-25-at-13.14.49-1.jpeg\" alt=\"\" class=\"wp-image-17106\" srcset=\"https:\/\/novosaopaulo.com.br\/n1\/wp-content\/uploads\/2024\/01\/WhatsApp-Image-2024-01-25-at-13.14.49-1.jpeg 682w, https:\/\/novosaopaulo.com.br\/n1\/wp-content\/uploads\/2024\/01\/WhatsApp-Image-2024-01-25-at-13.14.49-1-200x300.jpeg 200w\" sizes=\"(max-width: 682px) 100vw, 682px\" \/><\/figure>\n\n\n\n<figure class=\"wp-block-image size-large\"><img decoding=\"async\" width=\"682\" height=\"1024\" data-id=\"17102\" src=\"https:\/\/novosaopaulo.com.br\/n1\/wp-content\/uploads\/2024\/01\/WhatsApp-Image-2024-01-25-at-13.14.50-2.jpeg\" alt=\"\" class=\"wp-image-17102\" srcset=\"https:\/\/novosaopaulo.com.br\/n1\/wp-content\/uploads\/2024\/01\/WhatsApp-Image-2024-01-25-at-13.14.50-2.jpeg 682w, https:\/\/novosaopaulo.com.br\/n1\/wp-content\/uploads\/2024\/01\/WhatsApp-Image-2024-01-25-at-13.14.50-2-200x300.jpeg 200w\" sizes=\"(max-width: 682px) 100vw, 682px\" \/><\/figure>\n\n\n\n<figure class=\"wp-block-image size-large\"><img decoding=\"async\" width=\"682\" height=\"1024\" data-id=\"17104\" src=\"https:\/\/novosaopaulo.com.br\/n1\/wp-content\/uploads\/2024\/01\/WhatsApp-Image-2024-01-25-at-13.14.50.jpeg\" alt=\"\" class=\"wp-image-17104\" srcset=\"https:\/\/novosaopaulo.com.br\/n1\/wp-content\/uploads\/2024\/01\/WhatsApp-Image-2024-01-25-at-13.14.50.jpeg 682w, https:\/\/novosaopaulo.com.br\/n1\/wp-content\/uploads\/2024\/01\/WhatsApp-Image-2024-01-25-at-13.14.50-200x300.jpeg 200w\" sizes=\"(max-width: 682px) 100vw, 682px\" \/><\/figure>\n<\/figure>\n","protected":false},"excerpt":{"rendered":"<p>A cantora e compositora,que \u00e9 refer\u00eancia da \u201cM\u00fasica Popular Brasileira\u201d na Europa, chega ao Brasil&#8230;<\/p>\n","protected":false},"author":1,"featured_media":17104,"comment_status":"open","ping_status":"open","sticky":false,"template":"","format":"standard","meta":{"footnotes":""},"categories":[2,45],"tags":[],"featured_image_urls":{"full":["https:\/\/novosaopaulo.com.br\/n1\/wp-content\/uploads\/2024\/01\/WhatsApp-Image-2024-01-25-at-13.14.50.jpeg",682,1024,false],"thumbnail":["https:\/\/novosaopaulo.com.br\/n1\/wp-content\/uploads\/2024\/01\/WhatsApp-Image-2024-01-25-at-13.14.50-150x150.jpeg",150,150,true],"medium":["https:\/\/novosaopaulo.com.br\/n1\/wp-content\/uploads\/2024\/01\/WhatsApp-Image-2024-01-25-at-13.14.50-200x300.jpeg",200,300,true],"medium_large":["https:\/\/novosaopaulo.com.br\/n1\/wp-content\/uploads\/2024\/01\/WhatsApp-Image-2024-01-25-at-13.14.50.jpeg",640,961,false],"large":["https:\/\/novosaopaulo.com.br\/n1\/wp-content\/uploads\/2024\/01\/WhatsApp-Image-2024-01-25-at-13.14.50.jpeg",640,961,false],"1536x1536":["https:\/\/novosaopaulo.com.br\/n1\/wp-content\/uploads\/2024\/01\/WhatsApp-Image-2024-01-25-at-13.14.50.jpeg",682,1024,false],"2048x2048":["https:\/\/novosaopaulo.com.br\/n1\/wp-content\/uploads\/2024\/01\/WhatsApp-Image-2024-01-25-at-13.14.50.jpeg",682,1024,false],"newsever-slider-full":["https:\/\/novosaopaulo.com.br\/n1\/wp-content\/uploads\/2024\/01\/WhatsApp-Image-2024-01-25-at-13.14.50-682x845.jpeg",682,845,true],"newsever-featured":["https:\/\/novosaopaulo.com.br\/n1\/wp-content\/uploads\/2024\/01\/WhatsApp-Image-2024-01-25-at-13.14.50.jpeg",682,1024,false],"newsever-medium":["https:\/\/novosaopaulo.com.br\/n1\/wp-content\/uploads\/2024\/01\/WhatsApp-Image-2024-01-25-at-13.14.50-682x475.jpeg",682,475,true]},"author_info":{"display_name":"Reda\u00e7\u00e3o","author_link":"https:\/\/novosaopaulo.com.br\/n1\/author\/g5poa\/"},"category_info":"<a href=\"https:\/\/novosaopaulo.com.br\/n1\/category\/cidades\/\" rel=\"category tag\">Cidades<\/a> <a href=\"https:\/\/novosaopaulo.com.br\/n1\/category\/cultura\/\" rel=\"category tag\">Cultura<\/a>","tag_info":"Cultura","comment_count":"0","_links":{"self":[{"href":"https:\/\/novosaopaulo.com.br\/n1\/wp-json\/wp\/v2\/posts\/17101"}],"collection":[{"href":"https:\/\/novosaopaulo.com.br\/n1\/wp-json\/wp\/v2\/posts"}],"about":[{"href":"https:\/\/novosaopaulo.com.br\/n1\/wp-json\/wp\/v2\/types\/post"}],"author":[{"embeddable":true,"href":"https:\/\/novosaopaulo.com.br\/n1\/wp-json\/wp\/v2\/users\/1"}],"replies":[{"embeddable":true,"href":"https:\/\/novosaopaulo.com.br\/n1\/wp-json\/wp\/v2\/comments?post=17101"}],"version-history":[{"count":2,"href":"https:\/\/novosaopaulo.com.br\/n1\/wp-json\/wp\/v2\/posts\/17101\/revisions"}],"predecessor-version":[{"id":17107,"href":"https:\/\/novosaopaulo.com.br\/n1\/wp-json\/wp\/v2\/posts\/17101\/revisions\/17107"}],"wp:featuredmedia":[{"embeddable":true,"href":"https:\/\/novosaopaulo.com.br\/n1\/wp-json\/wp\/v2\/media\/17104"}],"wp:attachment":[{"href":"https:\/\/novosaopaulo.com.br\/n1\/wp-json\/wp\/v2\/media?parent=17101"}],"wp:term":[{"taxonomy":"category","embeddable":true,"href":"https:\/\/novosaopaulo.com.br\/n1\/wp-json\/wp\/v2\/categories?post=17101"},{"taxonomy":"post_tag","embeddable":true,"href":"https:\/\/novosaopaulo.com.br\/n1\/wp-json\/wp\/v2\/tags?post=17101"}],"curies":[{"name":"wp","href":"https:\/\/api.w.org\/{rel}","templated":true}]}}