{"id":17088,"date":"2024-01-24T18:53:43","date_gmt":"2024-01-24T21:53:43","guid":{"rendered":"https:\/\/novosaopaulo.com.br\/n1\/?p=17088"},"modified":"2024-01-24T18:54:30","modified_gmt":"2024-01-24T21:54:30","slug":"exposicao-e-lancamento-de-livro-marcam-projeto-sao-paulo-470-anos","status":"publish","type":"post","link":"https:\/\/novosaopaulo.com.br\/n1\/exposicao-e-lancamento-de-livro-marcam-projeto-sao-paulo-470-anos\/","title":{"rendered":"Exposi\u00e7\u00e3o e lan\u00e7amento de livro marcam projeto \u201cS\u00e3o Paulo 470 Anos\u201d"},"content":{"rendered":"\n<p>Iniciativa do Instituto Pr\u00f3-V\u00edtima e da Galeria VerArte conta com 47 obras de 16 artistas visuais que tiveram os bairros da maior cidade da Am\u00e9rica Latina como inspira\u00e7\u00e3o; agenda cultural tamb\u00e9m abarca lan\u00e7amento de obra que eterniza a hist\u00f3ria da capital<\/p>\n\n\n\n<p>Em comemora\u00e7\u00e3o ao anivers\u00e1rio da maior cidade da Am\u00e9rica Latina, o Instituto Brasileiro de Aten\u00e7\u00e3o e Prote\u00e7\u00e3o Integral a V\u00edtimas (Pr\u00f3-V\u00edtima) e a Galeria VerArte inauguraram na Assembleia Legislativa do Estado de S\u00e3o Paulo (Alesp) o projeto \u201cS\u00e3o Paulo 470 Anos\u201d. Abrigada no Hall Monumental, a mostra tem entrada franca.<br>A agenda cultural elaborada pelas entidades para celebrar a emancipa\u00e7\u00e3o pol\u00edtico-administrativa do munic\u00edpio tamb\u00e9m contar\u00e1 com o lan\u00e7amento de um livro sobre a hist\u00f3ria da metr\u00f3pole paulista.<\/p>\n\n\n\n<p>Com curadoria de Vera Sim\u00f5es, a exposi\u00e7\u00e3o abarca 47 obras de 16 artistas. Cada um representa um bairro de S\u00e3o Paulo em sua pe\u00e7a. Em cada cria\u00e7\u00e3o, se observa tra\u00e7os da constru\u00e7\u00e3o social de uma determinada regi\u00e3o da capital, como Ipiranga, Ibirapuera, Vila Madalena, Mo\u00f3ca, Liberdade e Interlagos, s\u00f3 para citar algumas regi\u00f5es. A visita\u00e7\u00e3o pode ser conferida, de gra\u00e7a, at\u00e9 30\/1 (ter\u00e7a-feira), das 10h \u00e0s 17h.<\/p>\n\n\n\n<p>O espa\u00e7o para a exposi\u00e7\u00e3o foi cedido pela Alesp por meio de articula\u00e7\u00e3o do Pr\u00f3-V\u00edtima e da Galeria Verarte com a deputada estadual Beth Sah\u00e3o (PT).<\/p>\n\n\n\n<p>Para a presidente do Pr\u00f3-V\u00edtima, a promotora de Justi\u00e7a Celeste Leite dos Santos, a mostra no Hall Monumental sobre o anivers\u00e1rio de 470 anos de S\u00e3o Paulo oferece uma experi\u00eancia visual \u00fanica. Os trabalhos s\u00e3o assinados por pintores e escultores. H\u00e1, ainda, obras elaboradas em bordado e em cer\u00e2mica:<\/p>\n\n\n\n<p>\u201cO objetivo do projeto \u00e9 homenagear S\u00e3o Paulo, uma das cidades mais populosas do mundo e um lugar que inspira arte e cultura. Afinal, S\u00e3o Paulo n\u00e3o significa s\u00f3 trabalho, pujan\u00e7a, desenvolvimento. Idealizada por Vera Sim\u00f5es, a mostra retrata a forma\u00e7\u00e3o de bairros emblem\u00e1ticos de nossa metr\u00f3pole\u201d, complementa Celeste.<\/p>\n\n\n\n<p>Livro<br>No Hall Monumental da Alesp, \u00e9 poss\u00edvel conferir a exposi\u00e7\u00e3o de forma f\u00edsica. Contudo, imagens da mostra tamb\u00e9m estar\u00e3o no livro \u201cS\u00e3o Paulo 470 Anos\u201d. Tamb\u00e9m organizada por Vera Sim\u00f5es, a obra tem pr\u00f3logo assinado por Celeste.<\/p>\n\n\n\n<p>Publicado pela Editora VerArte, o t\u00edtulo de 46 p\u00e1ginas contar\u00e1 com mais de 60 imagens.<\/p>\n\n\n\n<p>O lan\u00e7amento do livro acontece nesta quinta-feira (25\/1), \u00e0s 16h, na Livraria Cultura do Conjunto Nacional (avenida Paulista, 2.073 &#8211; Jardim Bela Vista, S\u00e3o Paulo). As edi\u00e7\u00f5es f\u00edsicas s\u00e3o limitadas. Em fevereiro, a vers\u00e3o digital (e-book) da obra ser\u00e1 comercializada pelo site da Galeria VerArte. Outras informa\u00e7\u00f5es no site www.galeriaverarte.com<\/p>\n\n\n\n<figure class=\"wp-block-gallery has-nested-images columns-default is-cropped wp-block-gallery-1 is-layout-flex wp-block-gallery-is-layout-flex\">\n<figure class=\"wp-block-image size-large\"><img fetchpriority=\"high\" decoding=\"async\" width=\"1024\" height=\"683\" data-id=\"17092\" src=\"https:\/\/novosaopaulo.com.br\/n1\/wp-content\/uploads\/2024\/01\/WhatsApp-Image-2024-01-24-at-16.38.43-1-1024x683.jpeg\" alt=\"\" class=\"wp-image-17092\" srcset=\"https:\/\/novosaopaulo.com.br\/n1\/wp-content\/uploads\/2024\/01\/WhatsApp-Image-2024-01-24-at-16.38.43-1-1024x683.jpeg 1024w, https:\/\/novosaopaulo.com.br\/n1\/wp-content\/uploads\/2024\/01\/WhatsApp-Image-2024-01-24-at-16.38.43-1-300x200.jpeg 300w, https:\/\/novosaopaulo.com.br\/n1\/wp-content\/uploads\/2024\/01\/WhatsApp-Image-2024-01-24-at-16.38.43-1-768x512.jpeg 768w, https:\/\/novosaopaulo.com.br\/n1\/wp-content\/uploads\/2024\/01\/WhatsApp-Image-2024-01-24-at-16.38.43-1.jpeg 1280w\" sizes=\"(max-width: 1024px) 100vw, 1024px\" \/><\/figure>\n\n\n\n<figure class=\"wp-block-image size-large\"><img decoding=\"async\" width=\"1024\" height=\"683\" data-id=\"17093\" src=\"https:\/\/novosaopaulo.com.br\/n1\/wp-content\/uploads\/2024\/01\/WhatsApp-Image-2024-01-24-at-16.38.43-1024x683.jpeg\" alt=\"\" class=\"wp-image-17093\" srcset=\"https:\/\/novosaopaulo.com.br\/n1\/wp-content\/uploads\/2024\/01\/WhatsApp-Image-2024-01-24-at-16.38.43-1024x683.jpeg 1024w, https:\/\/novosaopaulo.com.br\/n1\/wp-content\/uploads\/2024\/01\/WhatsApp-Image-2024-01-24-at-16.38.43-300x200.jpeg 300w, https:\/\/novosaopaulo.com.br\/n1\/wp-content\/uploads\/2024\/01\/WhatsApp-Image-2024-01-24-at-16.38.43-768x512.jpeg 768w, https:\/\/novosaopaulo.com.br\/n1\/wp-content\/uploads\/2024\/01\/WhatsApp-Image-2024-01-24-at-16.38.43.jpeg 1280w\" sizes=\"(max-width: 1024px) 100vw, 1024px\" \/><\/figure>\n<\/figure>\n","protected":false},"excerpt":{"rendered":"<p>Iniciativa do Instituto Pr\u00f3-V\u00edtima e da Galeria VerArte conta com 47 obras de 16 artistas&#8230;<\/p>\n","protected":false},"author":1,"featured_media":17089,"comment_status":"open","ping_status":"open","sticky":false,"template":"","format":"standard","meta":{"footnotes":""},"categories":[2,45],"tags":[],"featured_image_urls":{"full":["https:\/\/novosaopaulo.com.br\/n1\/wp-content\/uploads\/2024\/01\/WhatsApp-Image-2024-01-24-at-16.38.42.jpeg",1280,854,false],"thumbnail":["https:\/\/novosaopaulo.com.br\/n1\/wp-content\/uploads\/2024\/01\/WhatsApp-Image-2024-01-24-at-16.38.42-150x150.jpeg",150,150,true],"medium":["https:\/\/novosaopaulo.com.br\/n1\/wp-content\/uploads\/2024\/01\/WhatsApp-Image-2024-01-24-at-16.38.42-300x200.jpeg",300,200,true],"medium_large":["https:\/\/novosaopaulo.com.br\/n1\/wp-content\/uploads\/2024\/01\/WhatsApp-Image-2024-01-24-at-16.38.42-768x512.jpeg",640,427,true],"large":["https:\/\/novosaopaulo.com.br\/n1\/wp-content\/uploads\/2024\/01\/WhatsApp-Image-2024-01-24-at-16.38.42-1024x683.jpeg",640,427,true],"1536x1536":["https:\/\/novosaopaulo.com.br\/n1\/wp-content\/uploads\/2024\/01\/WhatsApp-Image-2024-01-24-at-16.38.42.jpeg",1280,854,false],"2048x2048":["https:\/\/novosaopaulo.com.br\/n1\/wp-content\/uploads\/2024\/01\/WhatsApp-Image-2024-01-24-at-16.38.42.jpeg",1280,854,false],"newsever-slider-full":["https:\/\/novosaopaulo.com.br\/n1\/wp-content\/uploads\/2024\/01\/WhatsApp-Image-2024-01-24-at-16.38.42-1280x845.jpeg",1280,845,true],"newsever-featured":["https:\/\/novosaopaulo.com.br\/n1\/wp-content\/uploads\/2024\/01\/WhatsApp-Image-2024-01-24-at-16.38.42-1024x683.jpeg",1024,683,true],"newsever-medium":["https:\/\/novosaopaulo.com.br\/n1\/wp-content\/uploads\/2024\/01\/WhatsApp-Image-2024-01-24-at-16.38.42-720x475.jpeg",720,475,true]},"author_info":{"display_name":"Reda\u00e7\u00e3o","author_link":"https:\/\/novosaopaulo.com.br\/n1\/author\/g5poa\/"},"category_info":"<a href=\"https:\/\/novosaopaulo.com.br\/n1\/category\/cidades\/\" rel=\"category tag\">Cidades<\/a> <a href=\"https:\/\/novosaopaulo.com.br\/n1\/category\/cultura\/\" rel=\"category tag\">Cultura<\/a>","tag_info":"Cultura","comment_count":"0","_links":{"self":[{"href":"https:\/\/novosaopaulo.com.br\/n1\/wp-json\/wp\/v2\/posts\/17088"}],"collection":[{"href":"https:\/\/novosaopaulo.com.br\/n1\/wp-json\/wp\/v2\/posts"}],"about":[{"href":"https:\/\/novosaopaulo.com.br\/n1\/wp-json\/wp\/v2\/types\/post"}],"author":[{"embeddable":true,"href":"https:\/\/novosaopaulo.com.br\/n1\/wp-json\/wp\/v2\/users\/1"}],"replies":[{"embeddable":true,"href":"https:\/\/novosaopaulo.com.br\/n1\/wp-json\/wp\/v2\/comments?post=17088"}],"version-history":[{"count":2,"href":"https:\/\/novosaopaulo.com.br\/n1\/wp-json\/wp\/v2\/posts\/17088\/revisions"}],"predecessor-version":[{"id":17094,"href":"https:\/\/novosaopaulo.com.br\/n1\/wp-json\/wp\/v2\/posts\/17088\/revisions\/17094"}],"wp:featuredmedia":[{"embeddable":true,"href":"https:\/\/novosaopaulo.com.br\/n1\/wp-json\/wp\/v2\/media\/17089"}],"wp:attachment":[{"href":"https:\/\/novosaopaulo.com.br\/n1\/wp-json\/wp\/v2\/media?parent=17088"}],"wp:term":[{"taxonomy":"category","embeddable":true,"href":"https:\/\/novosaopaulo.com.br\/n1\/wp-json\/wp\/v2\/categories?post=17088"},{"taxonomy":"post_tag","embeddable":true,"href":"https:\/\/novosaopaulo.com.br\/n1\/wp-json\/wp\/v2\/tags?post=17088"}],"curies":[{"name":"wp","href":"https:\/\/api.w.org\/{rel}","templated":true}]}}