{"id":16977,"date":"2024-01-18T17:25:44","date_gmt":"2024-01-18T20:25:44","guid":{"rendered":"https:\/\/novosaopaulo.com.br\/n1\/?p=16977"},"modified":"2024-01-18T17:25:44","modified_gmt":"2024-01-18T20:25:44","slug":"janeiro-branco-saude-mental-e-pauta-para-alem-da-depressao","status":"publish","type":"post","link":"https:\/\/novosaopaulo.com.br\/n1\/janeiro-branco-saude-mental-e-pauta-para-alem-da-depressao\/","title":{"rendered":"Janeiro Branco: sa\u00fade mental \u00e9 pauta para al\u00e9m da depress\u00e3o"},"content":{"rendered":"\n<p>Psic\u00f3logo d\u00e1 dicas para preservar a sa\u00fade mental e alcan\u00e7ar bem-estar<\/p>\n\n\n\n<p>A doen\u00e7a f\u00edsica \u00e9 facilmente notada e raras vezes permanece oculta, o que n\u00e3o acontece com as \u201cdoen\u00e7as n\u00e3o transmiss\u00edveis\u201d, por\u00e9m \u201csilenciosas\u201d como transtornos mentais, a olhos que n\u00e3o s\u00e3o vistos nus e, na maioria dos casos, quem tem prefere manter segredo ou camufl\u00e1-los, o que impede os pedidos de ajuda, diagn\u00f3stico e tratamento adequado. Esse receio de que o p\u00fablico tenha conhecimento de alguma condi\u00e7\u00e3o ligada \u00e0 mente ainda existe porque h\u00e1 preconceito e pouca informa\u00e7\u00e3o fundamentada sobre as doen\u00e7as mentais. A tend\u00eancia \u00e9 que acabe o tabu e as pessoas estejam mais abertas a falar sobre o tema e oferecer ajuda a quem precisa. O discurso a respeito deve ampliar com a promulga\u00e7\u00e3o da Lei n\u00ba 14.556, de 25 de abril de 2023, que estabelece a campanha Janeiro Branco, a fim de promover a sa\u00fade mental.<\/p>\n\n\n\n<p>Para o psic\u00f3logo Fledson Sousa Lima, apenas a lei, sem a participa\u00e7\u00e3o ativa de todas as pessoas n\u00e3o resolve o problema, no entanto inaugura possibilidades para que a tem\u00e1tica ganhe abrang\u00eancia em diversos espa\u00e7os da sociedade e seja discutida com mais respeito em empresas, institui\u00e7\u00f5es escolares e estabelecimentos de sa\u00fade. \u201cQuando falamos em sa\u00fade mental, as pessoas costumam pensar que apenas a depress\u00e3o esteja no campo dos transtornos mentais, mas tais condi\u00e7\u00f5es afetam as emo\u00e7\u00f5es, mente e cogni\u00e7\u00e3o\u201d, comenta.<\/p>\n\n\n\n<p>O DSM-5 (Manual Diagn\u00f3stico e Estat\u00edstico de Transtornos Mentais), criado pela Associa\u00e7\u00e3o Americana de Psiquiatria (APA), elenca como transtornos depressivos, o transtorno disruptivo da desregula\u00e7\u00e3o do humor, transtorno depressivo maior, transtorno disf\u00f3rico pr\u00e9-menstrual, entre outros. Ou seja, existem v\u00e1rios dist\u00farbios que s\u00e3o pouco comentados e devem ganhar amplitude para que sejam tratados. Segundo o Relat\u00f3rio da Organiza\u00e7\u00e3o Mundial da Sa\u00fade (2023), no mundo h\u00e1 em torno de um bilh\u00e3o de indiv\u00edduos convivendo com algum transtorno mental, sendo que desse volume, 14% s\u00e3o adolescentes. Assim, \u00e9 urgente aprender a lidar com quest\u00f5es di\u00e1rias que possam gerar ansiedade e motivar patologias mentais. Veja algumas dicas para promover o bem-estar sugeridas pelo psic\u00f3logo Fledson:<\/p>\n\n\n\n<ul>\n<li>Gerencie fatores de estresses e emocional: frustrar-se faz parte do processo, a vida n\u00e3o \u00e9 feita s\u00f3 de acertos. Os erros ajudam as pessoas a crescer emocionalmente, mas quem n\u00e3o sabe lidar com frustra\u00e7\u00f5es pode desencadear problemas de v\u00e1rios tipos.<\/li>\n\n\n\n<li>Fa\u00e7a psicoterapia: procure profissionais respons\u00e1veis, \u00e9ticos e habilitados para ajudarem voc\u00ea a lidar com os problemas di\u00e1rios. A psicoterapia n\u00e3o tem contraindica\u00e7\u00e3o. Ela \u00e9 a sua aliada e ajuda a encontrar caminhos para as dificuldades, mas n\u00e3o deixe para procurar aux\u00edlio apenas em momentos de crise.<\/li>\n\n\n\n<li>Identifica\u00e7\u00e3o precoce: reconhecer os sinais e sintomas iniciais \u00e9 essencial para n\u00e3o prolongar o problema e ajustar a rota.<\/li>\n\n\n\n<li>Educa\u00e7\u00e3o sobre sa\u00fade mental: \u00e9 importante para aumentar a consci\u00eancia e reduzir o estigma.<\/li>\n\n\n\n<li>Promo\u00e7\u00e3o de estilos de vida saud\u00e1veis: manter a sa\u00fade com exerc\u00edcio f\u00edsico, alimenta\u00e7\u00e3o balanceada e sono adequado \u00e9 importante para todas as pessoas.<\/li>\n\n\n\n<li>T\u00e9cnicas de gerenciamento de estresse: ter aten\u00e7\u00e3o plena \u00e0 sa\u00fade (mindfulness) deveria ser rotina, h\u00e1 diferentes t\u00e9cnicas como yoga, relaxamento, entre outras.<\/li>\n\n\n\n<li>Fomentar rela\u00e7\u00f5es sociais saud\u00e1veis: somos seres que se relacionam o tempo todo, por isso \u00e9 importante ter uma rede de apoio social e fazer parte de uma comunidade.<\/li>\n\n\n\n<li>Acesso a servi\u00e7os de sa\u00fade mental: os servi\u00e7os de promo\u00e7\u00e3o da sa\u00fade mental s\u00e3o fundamento para alcan\u00e7ar sa\u00fade global, entre elas a terapia, aconselhamento, suporte de profissional.<\/li>\n<\/ul>\n\n\n\n<p>O compromisso com a sa\u00fade mental deve ser de todos, negligenci\u00e1-la pode resultar em perdas inestim\u00e1veis para toda a sociedade.<\/p>\n\n\n\n<p>Sobre Fledson Sousa Lima<\/p>\n\n\n\n<p>Possui forma\u00e7\u00e3o em enfermagem e psicologia. \u00c9 mestre em ci\u00eancia da sa\u00fade coletiva e medicina preventiva. Tem especializa\u00e7\u00e3o em sa\u00fade da fam\u00edlia, em gest\u00e3o estrat\u00e9gica de pessoa, em enfermagem geri\u00e1trica e gerontologia. Fledson \u00e9 coaching, mentor de carreira, conselheiro no Conselho Regional de Enfermagem (COREN-SP) do n\u00facleo cuidar de quem cuida.<\/p>\n\n\n\n<p>\u00c9 docente do ensino superior. Fundou a empresa SF Gest\u00e3o de Pessoa 2019, seu hist\u00f3rico profissional conta com passagens por empresas renomadas como Claro Empresas, Associa\u00e7\u00e3o Paulista para o Desenvolvimento da Medicina (SPDM), Unifesp, Uninove, Faculdade de Medicina do ABC (FMABC), entre outras. Desenvolve e capacita l\u00edderes e profissionais para atuarem com excel\u00eancia, \u00e9tica e humaniza\u00e7\u00e3o nos setores de sa\u00fade e RH. Como consultor, realiza treinamentos, avalia\u00e7\u00f5es, recrutamentos, alinhamentos de perfil e processos de coaching para organiza\u00e7\u00f5es e indiv\u00edduos. Tem expertise em ferramentas como Electronic Health Records (EHR) e Manufacturing Process Improvement.<\/p>\n","protected":false},"excerpt":{"rendered":"<p>Psic\u00f3logo d\u00e1 dicas para preservar a sa\u00fade mental e alcan\u00e7ar bem-estar A doen\u00e7a f\u00edsica \u00e9&#8230;<\/p>\n","protected":false},"author":1,"featured_media":16978,"comment_status":"open","ping_status":"open","sticky":false,"template":"","format":"standard","meta":{"footnotes":""},"categories":[9,43],"tags":[],"featured_image_urls":{"full":["https:\/\/novosaopaulo.com.br\/n1\/wp-content\/uploads\/2024\/01\/janeiro-branco.jpg",1024,683,false],"thumbnail":["https:\/\/novosaopaulo.com.br\/n1\/wp-content\/uploads\/2024\/01\/janeiro-branco-150x150.jpg",150,150,true],"medium":["https:\/\/novosaopaulo.com.br\/n1\/wp-content\/uploads\/2024\/01\/janeiro-branco-300x200.jpg",300,200,true],"medium_large":["https:\/\/novosaopaulo.com.br\/n1\/wp-content\/uploads\/2024\/01\/janeiro-branco-768x512.jpg",640,427,true],"large":["https:\/\/novosaopaulo.com.br\/n1\/wp-content\/uploads\/2024\/01\/janeiro-branco.jpg",640,427,false],"1536x1536":["https:\/\/novosaopaulo.com.br\/n1\/wp-content\/uploads\/2024\/01\/janeiro-branco.jpg",1024,683,false],"2048x2048":["https:\/\/novosaopaulo.com.br\/n1\/wp-content\/uploads\/2024\/01\/janeiro-branco.jpg",1024,683,false],"newsever-slider-full":["https:\/\/novosaopaulo.com.br\/n1\/wp-content\/uploads\/2024\/01\/janeiro-branco.jpg",1024,683,false],"newsever-featured":["https:\/\/novosaopaulo.com.br\/n1\/wp-content\/uploads\/2024\/01\/janeiro-branco.jpg",1024,683,false],"newsever-medium":["https:\/\/novosaopaulo.com.br\/n1\/wp-content\/uploads\/2024\/01\/janeiro-branco-720x475.jpg",720,475,true]},"author_info":{"display_name":"Reda\u00e7\u00e3o","author_link":"https:\/\/novosaopaulo.com.br\/n1\/author\/g5poa\/"},"category_info":"<a href=\"https:\/\/novosaopaulo.com.br\/n1\/category\/geral\/\" rel=\"category tag\">Geral<\/a> <a href=\"https:\/\/novosaopaulo.com.br\/n1\/category\/saude\/\" rel=\"category tag\">Sa\u00fade<\/a>","tag_info":"Sa\u00fade","comment_count":"0","_links":{"self":[{"href":"https:\/\/novosaopaulo.com.br\/n1\/wp-json\/wp\/v2\/posts\/16977"}],"collection":[{"href":"https:\/\/novosaopaulo.com.br\/n1\/wp-json\/wp\/v2\/posts"}],"about":[{"href":"https:\/\/novosaopaulo.com.br\/n1\/wp-json\/wp\/v2\/types\/post"}],"author":[{"embeddable":true,"href":"https:\/\/novosaopaulo.com.br\/n1\/wp-json\/wp\/v2\/users\/1"}],"replies":[{"embeddable":true,"href":"https:\/\/novosaopaulo.com.br\/n1\/wp-json\/wp\/v2\/comments?post=16977"}],"version-history":[{"count":1,"href":"https:\/\/novosaopaulo.com.br\/n1\/wp-json\/wp\/v2\/posts\/16977\/revisions"}],"predecessor-version":[{"id":16979,"href":"https:\/\/novosaopaulo.com.br\/n1\/wp-json\/wp\/v2\/posts\/16977\/revisions\/16979"}],"wp:featuredmedia":[{"embeddable":true,"href":"https:\/\/novosaopaulo.com.br\/n1\/wp-json\/wp\/v2\/media\/16978"}],"wp:attachment":[{"href":"https:\/\/novosaopaulo.com.br\/n1\/wp-json\/wp\/v2\/media?parent=16977"}],"wp:term":[{"taxonomy":"category","embeddable":true,"href":"https:\/\/novosaopaulo.com.br\/n1\/wp-json\/wp\/v2\/categories?post=16977"},{"taxonomy":"post_tag","embeddable":true,"href":"https:\/\/novosaopaulo.com.br\/n1\/wp-json\/wp\/v2\/tags?post=16977"}],"curies":[{"name":"wp","href":"https:\/\/api.w.org\/{rel}","templated":true}]}}