{"id":16954,"date":"2024-01-17T14:20:26","date_gmt":"2024-01-17T17:20:26","guid":{"rendered":"https:\/\/novosaopaulo.com.br\/n1\/?p=16954"},"modified":"2024-01-17T14:20:26","modified_gmt":"2024-01-17T17:20:26","slug":"brasil-terra-de-corrupcao-e-de-gente-de-bem","status":"publish","type":"post","link":"https:\/\/novosaopaulo.com.br\/n1\/brasil-terra-de-corrupcao-e-de-gente-de-bem\/","title":{"rendered":"Brasil &#8211; Terra de corrup\u00e7\u00e3o \u2026 e de gente de bem"},"content":{"rendered":"\n<p>Uma reflex\u00e3o necess\u00e1ria para quem estuda, trabalha e batalha por um Brasil digno<\/p>\n\n\n\n<p>Por Antonio Fernando Pinheiro Pedro<\/p>\n\n\n\n<p>N\u00f3s, brasileiros, somos um po\u00e7o profundo de esperan\u00e7as, ainda que nada recebamos sen\u00e3o lama.<\/p>\n\n\n\n<p>Lutamos diariamente para obter com dignidade nosso sustento e sustentamos uma pesada estrutura burocr\u00e1tica que nada nos d\u00e1 em troca; nos esmaga e tripudia.<\/p>\n\n\n\n<p>Nos mobilizamos, como ningu\u00e9m em todo o mundo, para derrubar governos, renovar parlamentos e reivindicar reformas, sem, no entanto, por em risco a democracia.<\/p>\n\n\n\n<p>Fazemos uso da soberania popular com regularidade, ordem e civilidade impec\u00e1veis, sempre buscando mudan\u00e7as e renova\u00e7\u00e3o.<\/p>\n\n\n\n<p>Embora sistematicamente tra\u00eddos, a cada legislatura, a cada mandato, sentimos bater no rosto a leve brisa da transforma\u00e7\u00e3o, cientes que o furac\u00e3o que desejamos ainda est\u00e1 por vir.<\/p>\n\n\n\n<p>O que demandamos, acima de tudo, \u00e9 um cont\u00ednuo e renovado Sentido de Na\u00e7\u00e3o.<\/p>\n\n\n\n<p>A grande revolu\u00e7\u00e3o<\/p>\n\n\n\n<p>No in\u00edcio deste s\u00e9culo, o Sentido de Na\u00e7\u00e3o surgiu com a indigna\u00e7\u00e3o geral, manifestada nas ruas em 2013. Esse sentido p\u00f4s o Pa\u00eds na frente do espelho, para constatar que a face ali exposta n\u00e3o era a nossa.<\/p>\n\n\n\n<p>Ficou estampado, nas ruas e pra\u00e7as, o div\u00f3rcio entre o povo e o poder &#8211; que deveria ser exercido por ele e em nome dele.<\/p>\n\n\n\n<p>Esse div\u00f3rcio motivou profundas altera\u00e7\u00f5es nos instrumentos de controle judici\u00e1rio sobre a Administra\u00e7\u00e3o &#8211; reduzindo sensivelmente o espa\u00e7o da impunidade. Por\u00e9m, ampliou o espa\u00e7o da judicializa\u00e7\u00e3o na Administra\u00e7\u00e3o e na pol\u00edtica.<\/p>\n\n\n\n<p>Em seguida veio o impeachment de uma mandat\u00e1ria inepta. Uma opera\u00e7\u00e3o de combate \u00e0 corrup\u00e7\u00e3o como nunca antes vista, e a segrega\u00e7\u00e3o de in\u00fameras ratazanas para o lixo, o opr\u00f3bio e o limbo da vergonha.<\/p>\n\n\n\n<p>Seguiu-se um per\u00edodo de reformas e um mandato populista \u00e0 direita, pleno de esperan\u00e7as &#8211; mas que tamb\u00e9m produziu frustra\u00e7\u00f5es e contradi\u00e7\u00f5es.<\/p>\n\n\n\n<p>Em todo esse per\u00edodo de transforma\u00e7\u00f5es, as redes sociais e a comunica\u00e7\u00e3o digital, nos libertaram da corrompida e cooptada m\u00eddia mainstream, composta por ac\u00f3litos do establishment e \u00e1ulicos de plant\u00e3o.<\/p>\n\n\n\n<p>A volta dos que n\u00e3o foram<\/p>\n\n\n\n<p>Ocorre, por\u00e9m, que o esquema criminoso de poder, em fun\u00e7\u00e3o das procelas da burocracia judici\u00e1ria &#8211; propositadamente erigida para nada resolver, sobreviveu \u00e0 onda de renova\u00e7\u00e3o e se recomp\u00f4s.<\/p>\n\n\n\n<p>Os ratos retornaram, carregando consigo lama e limbo. Cooptaram quem poderia julg\u00e1-los e corromperam quem poderia denunci\u00e1-los em p\u00fablico.<\/p>\n\n\n\n<p>Num processo pontuado por interven\u00e7\u00f5es judiciais, um estamento de investidos sem voto conduziu um processo conturbado de &#8220;modula\u00e7\u00e3o&#8221; da Soberania Popular. Assim, deturparam sobremaneira o sentido das elei\u00e7\u00f5es em 2022, criminalizando at\u00e9 mesmo a cr\u00edtica ao processo.<\/p>\n\n\n\n<p>O resultado foi not\u00f3rio: o rosto da Na\u00e7\u00e3o n\u00e3o se viu e n\u00e3o se v\u00ea refletido na estrutura que nos governa. O resultado \u00e9 o boicote, o descr\u00e9dito e o desprezo cotidiano \u00e0quela gente postada no poder, em Bras\u00edlia.<\/p>\n\n\n\n<p>Assim, a busca por nossa verdadeira imagem permanece, seguindo o rito de S\u00edsifo.<\/p>\n\n\n\n<p>O eterno rolar de pedra acima.. me faz refletir sobre a import\u00e2ncia de lutarmos pela dignidade &#8211; nossa e do Brasil que n\u00f3s diariamente constru\u00edmos.<\/p>\n\n\n\n<p>O eixo do mal<\/p>\n\n\n\n<p>Segundo o Banco Mundial, o caso envolvendo governos, empreiteiras e a opera\u00e7\u00e3o lava-jato, exp\u00f4s o maior fen\u00f4meno de corrup\u00e7\u00e3o da hist\u00f3ria mundial.<\/p>\n\n\n\n<p>Gra\u00e7as \u00e0 Lava-Jato, p\u00f4de-se calcular que, por baixo, nos governos FHC-LULA-LULA-DILMA o Brasil foi lesado no valor equivalente a um PIB &#8211; produto interno bruto, que \u00e9 a medida da dedica\u00e7\u00e3o, do suor e da riqueza economicamente considerada de nosso pa\u00eds. Ou seja, n\u00f3s &#8211; o povo brasileiro, fomos roubados no equivalente a tudo o que constru\u00edmos.<\/p>\n\n\n\n<p>Centenas de bilh\u00f5es de reais, surrupiados de todos n\u00f3s, foram distribu\u00eddos para ditaduras de outros pa\u00edses, bancos internacionais, empreiteiras, pol\u00edticos, magistrados, agentes p\u00fablicos de toda ordem, marginais por profiss\u00e3o e empres\u00e1rios.<\/p>\n\n\n\n<p>Ethos anthropos daimon &#8211; o car\u00e1ter do homem \u00e9 seu destino, vaticina Heraclito.<\/p>\n\n\n\n<p>O mal permaneceu, como dito. Manteve-se incrustrado na Administra\u00e7\u00e3o, instalado no deep state e sustentado pelo establishment.<\/p>\n\n\n\n<p>\u00c9 fato: O estamento podre do Estado Brasileiro optou pelo apag\u00e3o moral.<\/p>\n\n\n\n<p>O mal est\u00e1 estampado no rosto, nos olhos, posturas e gestos da gente ordin\u00e1ria que se instalou no poder, eleita, nomeada e investida, com a pr\u00f3pria alma amarrada ao inferno.<\/p>\n\n\n\n<p>A op\u00e7\u00e3o pelo mal destr\u00f3i o car\u00e1ter, estra\u00e7alha a alma e deforma a personalidade do indiv\u00edduo.<\/p>\n\n\n\n<p>No caso brasileiro, o apag\u00e3o moral se assenhorou do Pa\u00eds pela c\u00fapula do Estado &#8211; emporcalhando os escaninhos da Administra\u00e7\u00e3o e atraindo os fracos de car\u00e1ter.<\/p>\n\n\n\n<p>O eixo do mal perspassa o Estado brasileiro, estimulando a explos\u00e3o da criminalidade ordin\u00e1ria no Pa\u00eds. \u00c9 a alian\u00e7a da intelectualidade sem moral com o lumpesinato sem valores.<\/p>\n\n\n\n<p>Esse eixo do mal \u00e9 notoriamente rejeitado pelo povo &#8211; &#8220;extrato da popula\u00e7\u00e3o interessado no progresso econ\u00f4mico e social da Na\u00e7\u00e3o&#8221;, como bem conceituou Nelson Werneck Sodr\u00e9.<\/p>\n\n\n\n<p>Pudera. Somos um povo que sabiamente rejeita o crime, condena o mal e busca sempre a dignidade.<\/p>\n\n\n\n<p>Esta a raz\u00e3o do eixo do mal buscar destruir a capacidade org\u00e2nica de mobiliza\u00e7\u00e3o popular &#8211; seja intentando censurar as redes e meios de intercomunica\u00e7\u00e3o social cibern\u00e9ticos; seja promovendo uma gigantesca onda de intimida\u00e7\u00e3o geral e impunidade seletiva &#8211; com a pris\u00e3o de cidad\u00e3os comuns e libera\u00e7\u00e3o sistem\u00e1tica de todo tipo de bandidagem.<\/p>\n\n\n\n<p>Buscam, os agentes do mal, desfazer meticulosamente o bem feito, para consolidar o malfeito.<\/p>\n\n\n\n<p>As ratazanas que apavoravam o personagem Winston Smith, nas sess\u00f5es de tortura descritas na distopia de George Orwell, &#8220;1984&#8221;, sa\u00edram da fic\u00e7\u00e3o e, agora, aqui, vestem toga, ternos de boutique e uniformes lotados de tampinhas. Tornaram a &#8220;novil\u00edngua&#8221; e o &#8220;duplipensar&#8221;, instrumentos de sua medrosa jurisprud\u00eancia\u2026<\/p>\n\n\n\n<p>As ratazanas da Rep\u00fablica<\/p>\n\n\n\n<p>As ratazanas empesteiam o ambiente pretensamente elitizado do Brasil. Gente ordin\u00e1ria que fede tanto quanto ostenta. O dinheiro podre e o poder corrompido formam o ecossistema que os governa.<\/p>\n\n\n\n<p>O exerc\u00edcio da Soberania Popular incomoda essa gente. Por isso a busca insistente por restringir a liberdade de express\u00e3o e o livre debate.<\/p>\n\n\n\n<p>Ciente do desprezo que a opini\u00e3o p\u00fablica lhe dedica , o eixo do mal quer a supress\u00e3o da liberdade de manifesta\u00e7\u00e3o. Quer destruir o espelho social que o confronta com a propria deformidade.<\/p>\n\n\n\n<p>Os canalhas da Rep\u00fablica miram a Soberania Popular.<\/p>\n\n\n\n<p>Como ainda n\u00e3o conseguiram suprim\u00ed-la, tratam de restringir o exerc\u00edcio da soberania popular\u2026 sob o pretexto de &#8220;defend\u00ea-la&#8221;. Esse o sentido da progressiva restri\u00e7\u00e3o \u00e0 propaganda eleitoral, a censura ao debate e \u00e0 livre express\u00e3o, a burocratiza\u00e7\u00e3o fiscal e a judicializa\u00e7\u00e3o quase integral das campanhas eleitorais. Gente podre e pobre de esp\u00edrito dificultando sobremaneira o surgimento de novas lideran\u00e7as, moendo a indigna\u00e7\u00e3o e deformando a cidadania, inclusive promovendo a progressiva redu\u00e7\u00e3o e empobrecimento do per\u00edodo de disputa eleitoral (hoje reduzido a pouco menos de tr\u00eas meses).<\/p>\n\n\n\n<p>Mas os fatos falam mais alto que o proselitismo comprado dos meios de comunica\u00e7\u00e3o. O Brasil n\u00e3o \u00e9 feito pelos ratos. \u00c9, sim, constru\u00eddo pela brava gente brasileira.<\/p>\n\n\n\n<p>A Brava Gente Brasileira<\/p>\n\n\n\n<p>O Brasil se constr\u00f3i pelas m\u00e3os das pessoas de bem. Gente que madruga, enfrenta fila, trabalha, educa e cria.<\/p>\n\n\n\n<p>O Brasil se fez e se faz pela gente humilde, s\u00e9ria, que enfrenta corajosamente os insetos aboletados na burocracia insens\u00edvel.<\/p>\n\n\n\n<p>O Brasil que vale a pena n\u00e3o desponta nos pal\u00e1cios de governo, parlamento e justi\u00e7a, nos eventos comprados a peso de ouro em academias no exterior, na casa dos &#8220;ricos sem causa&#8221;, na Fl\u00f3rida, ou nos &#8220;condom\u00ednios da vergonha&#8221;, em Portugal.<\/p>\n\n\n\n<p>O pa\u00eds amado \u00e9 composto pela brava gente que resiste e supera a viol\u00eancia urbana, enfrenta a hipocrisia e ignora o abandono. Gente que cr\u00ea, tem f\u00e9, acredita e reza; forma os filhos crist\u00e3os, os ensina a serem bons cidad\u00e3os, pais de fam\u00edlia e, mesmo nas \u00e1reas mais violentas dos centros urbanos; vai aos cultos evang\u00e9licos, frequenta as igrejas e comparece \u00e0s missas cat\u00f3licas, busca conforto espiritual no kardecismo e no sincretismo religioso. Gente que prega para si e para os outros a moral sem adjetivos.<\/p>\n\n\n\n<p>Esse Brasil Crist\u00e3o, do bem, forma a esmagadora maioria. Aparentemente silenciosa, essa maioria comp\u00f5e o sangue que corre nas veias da Na\u00e7\u00e3o .<\/p>\n\n\n\n<p>Um testemunho<\/p>\n\n\n\n<p>A complexidade da vida e a sofistica\u00e7\u00e3o das atividades parecem querer nos misturar a todos. Mas n\u00e3o \u00e9 o que ocorre.<\/p>\n\n\n\n<p>Posso dar testemunho disso.<\/p>\n\n\n\n<p>Fui espectador engajado (parafraseando Raymond Aron). Inevitavelmente, por for\u00e7a das obriga\u00e7\u00f5es, n\u00e3o foram poucos os &#8220;desviados&#8221; que cruzaram meu caminho.<\/p>\n\n\n\n<p>As sensa\u00e7\u00f5es desses contatos foram marcantes &#8211; respons\u00e1veis por mudan\u00e7as sens\u00edveis na minha conduta corporativa e social &#8211; principalmente no que tange ao desapego.<\/p>\n\n\n\n<p>Lembro de posturas e falas, di\u00e1logos e arrog\u00e2ncias. Li\u00e7\u00f5es de &#8220;como s\u00e3o as coisas&#8221;, ministradas por deslumbrados com o poder ef\u00eamero, bajuladores de plant\u00e3o, operadores de ma\u00e7anetas de antessalas e engenheiros de obras feitas. &#8220;Li\u00e7\u00f5es&#8221; de &#8220;business as usual&#8221; proferidas em solenidades, staff meetings e rodas de coquet\u00e9is regadas a vinho, whisky e hipocrisia, onde bobagens fenomenais eram ditas como se fossem dogmas b\u00edblicos.<\/p>\n\n\n\n<p>V\u00e1rias foram as vezes em que expressei meu desprezo pelas figuras, pelo assunto e\u2026 pelo meio. Paguei pre\u00e7os elevados por isso &#8211; sem nunca duvidar da pr\u00f3pria superioridade moral.<\/p>\n\n\n\n<p>Por adquirida sabedoria, percebi que sempre havia espa\u00e7o para o bem e para coisas construtivas. Espa\u00e7os por onde a dignidade pudesse respirar.<\/p>\n\n\n\n<p>Na via da proatividade, pude enveredar e sobreviver com dignidade.<\/p>\n\n\n\n<p>Assim, eu e muitos outros &#8211; de fato a maioria, tratamos de cultivar p\u00e9rolas e, tamb\u00e9m, resgatar as p\u00e9rolas eventualmente jogadas aos porcos, sem nos deixar contaminar pelos excrementos. Algo b\u00edblico &#8211; essencial para quem se presta a servir ao bem comum.<\/p>\n\n\n\n<p>Sempre h\u00e1 oportunidade para fazer o bem. Quando a porta da frente se abre, trate de executar um servi\u00e7o s\u00e9rio &#8211; e jamais saia pelos fundos.<\/p>\n\n\n\n<p>Por essas e outras, devemos sempre tirar alguns minutos, ou horas, no dia-a-dia, para uma reflex\u00e3o.<\/p>\n\n\n\n<p>Um convite \u00e0 reflex\u00e3o<\/p>\n\n\n\n<p>Neste per\u00edodo de muitas mudan\u00e7as, convido as pessoas que enxergam o mundo colorido e n\u00e3o em preto e branco; que n\u00e3o cultivam o \u00f3dio, nem o rancor e, sim, buscam a compreens\u00e3o do todo, para que reflitam.<\/p>\n\n\n\n<p>Tratamos de nos renovar todos os dias. Renovar as preces, as esperan\u00e7as e a f\u00e9. Assim, acordamos mais leves, determinados e confiantes.<\/p>\n\n\n\n<p>Se nos renovamos, n\u00e3o devemos confiar nossa esperan\u00e7a nos &#8220;salvadores da p\u00e1tria&#8221; de plant\u00e3o. Devemos isto sim, confiar em n\u00f3s pr\u00f3prios, cientes do que somos &#8211; c\u00f4nscios de nossa forma\u00e7\u00e3o familiar, plenos da sabedoria que adquirimos com o passar da vida.<\/p>\n\n\n\n<p>Lutamos pela educa\u00e7\u00e3o do nosso povo, mas sabemos sobretudo que devemos educar pelo exemplo. \u00c9 o exemplo que nos forma e forma nossos filhos.<\/p>\n\n\n\n<p>\u00c9 na renova\u00e7\u00e3o que teremos esperan\u00e7a de um Brasil melhor. \u00c9 na confian\u00e7a pr\u00f3pria de cada um de n\u00f3s, naquilo que somos e naquilo que acreditamos, que constru\u00edmos o Sentido de Na\u00e7\u00e3o.<\/p>\n\n\n\n<p>No momento que assumirmos nossa superioridade moral, a dignidade do ato bastar\u00e1 para romper o cerco dos fracos de car\u00e1ter, permitindo \u00e0 Na\u00e7\u00e3o realizar sua grandeza &#8211; de fato e de alma.<\/p>\n\n\n\n<p>Dignidade sempre! E acima de tudo!<\/p>\n\n\n\n<figure class=\"wp-block-image size-full\"><img fetchpriority=\"high\" decoding=\"async\" width=\"566\" height=\"725\" src=\"https:\/\/novosaopaulo.com.br\/n1\/wp-content\/uploads\/2024\/01\/ESA-2.jpg\" alt=\"\" class=\"wp-image-16955\" srcset=\"https:\/\/novosaopaulo.com.br\/n1\/wp-content\/uploads\/2024\/01\/ESA-2.jpg 566w, https:\/\/novosaopaulo.com.br\/n1\/wp-content\/uploads\/2024\/01\/ESA-2-234x300.jpg 234w\" sizes=\"(max-width: 566px) 100vw, 566px\" \/><\/figure>\n\n\n\n<p><strong>Antonio Fernando Pinheiro Pedro<\/strong>\u00a0\u00e9\u00a0advogado (USP), jornalista e consultor ambiental. Diretor da AICA &#8211; Ag\u00eancia de Intelig\u00eancia Corporativa e Ambiental. S\u00f3cio diretor do escrit\u00f3rio Pinheiro Pedro Advogados, \u00c9 Vice-Presidente e Diretor Jur\u00eddico da API &#8211; Associa\u00e7\u00e3o Paulista de Imprensa. Editor do Portal Ambiente Legal e do blog The Eagle View.<\/p>\n","protected":false},"excerpt":{"rendered":"<p>Uma reflex\u00e3o necess\u00e1ria para quem estuda, trabalha e batalha por um Brasil digno Por Antonio&#8230;<\/p>\n","protected":false},"author":1,"featured_media":16956,"comment_status":"open","ping_status":"open","sticky":false,"template":"","format":"standard","meta":{"footnotes":""},"categories":[9],"tags":[],"featured_image_urls":{"full":["https:\/\/novosaopaulo.com.br\/n1\/wp-content\/uploads\/2024\/01\/ESA-2-1.jpg",566,725,false],"thumbnail":["https:\/\/novosaopaulo.com.br\/n1\/wp-content\/uploads\/2024\/01\/ESA-2-1-150x150.jpg",150,150,true],"medium":["https:\/\/novosaopaulo.com.br\/n1\/wp-content\/uploads\/2024\/01\/ESA-2-1-234x300.jpg",234,300,true],"medium_large":["https:\/\/novosaopaulo.com.br\/n1\/wp-content\/uploads\/2024\/01\/ESA-2-1.jpg",566,725,false],"large":["https:\/\/novosaopaulo.com.br\/n1\/wp-content\/uploads\/2024\/01\/ESA-2-1.jpg",566,725,false],"1536x1536":["https:\/\/novosaopaulo.com.br\/n1\/wp-content\/uploads\/2024\/01\/ESA-2-1.jpg",566,725,false],"2048x2048":["https:\/\/novosaopaulo.com.br\/n1\/wp-content\/uploads\/2024\/01\/ESA-2-1.jpg",566,725,false],"newsever-slider-full":["https:\/\/novosaopaulo.com.br\/n1\/wp-content\/uploads\/2024\/01\/ESA-2-1.jpg",566,725,false],"newsever-featured":["https:\/\/novosaopaulo.com.br\/n1\/wp-content\/uploads\/2024\/01\/ESA-2-1.jpg",566,725,false],"newsever-medium":["https:\/\/novosaopaulo.com.br\/n1\/wp-content\/uploads\/2024\/01\/ESA-2-1-566x475.jpg",566,475,true]},"author_info":{"display_name":"Reda\u00e7\u00e3o","author_link":"https:\/\/novosaopaulo.com.br\/n1\/author\/g5poa\/"},"category_info":"<a href=\"https:\/\/novosaopaulo.com.br\/n1\/category\/geral\/\" rel=\"category tag\">Geral<\/a>","tag_info":"Geral","comment_count":"0","_links":{"self":[{"href":"https:\/\/novosaopaulo.com.br\/n1\/wp-json\/wp\/v2\/posts\/16954"}],"collection":[{"href":"https:\/\/novosaopaulo.com.br\/n1\/wp-json\/wp\/v2\/posts"}],"about":[{"href":"https:\/\/novosaopaulo.com.br\/n1\/wp-json\/wp\/v2\/types\/post"}],"author":[{"embeddable":true,"href":"https:\/\/novosaopaulo.com.br\/n1\/wp-json\/wp\/v2\/users\/1"}],"replies":[{"embeddable":true,"href":"https:\/\/novosaopaulo.com.br\/n1\/wp-json\/wp\/v2\/comments?post=16954"}],"version-history":[{"count":1,"href":"https:\/\/novosaopaulo.com.br\/n1\/wp-json\/wp\/v2\/posts\/16954\/revisions"}],"predecessor-version":[{"id":16957,"href":"https:\/\/novosaopaulo.com.br\/n1\/wp-json\/wp\/v2\/posts\/16954\/revisions\/16957"}],"wp:featuredmedia":[{"embeddable":true,"href":"https:\/\/novosaopaulo.com.br\/n1\/wp-json\/wp\/v2\/media\/16956"}],"wp:attachment":[{"href":"https:\/\/novosaopaulo.com.br\/n1\/wp-json\/wp\/v2\/media?parent=16954"}],"wp:term":[{"taxonomy":"category","embeddable":true,"href":"https:\/\/novosaopaulo.com.br\/n1\/wp-json\/wp\/v2\/categories?post=16954"},{"taxonomy":"post_tag","embeddable":true,"href":"https:\/\/novosaopaulo.com.br\/n1\/wp-json\/wp\/v2\/tags?post=16954"}],"curies":[{"name":"wp","href":"https:\/\/api.w.org\/{rel}","templated":true}]}}